{"id":16713,"date":"2025-08-16T00:38:44","date_gmt":"2025-08-16T00:38:44","guid":{"rendered":"https:\/\/entrenotasyacordes.com\/?p=16713"},"modified":"2025-08-16T00:38:45","modified_gmt":"2025-08-16T00:38:45","slug":"los-pericos-presentan-soledad","status":"publish","type":"post","link":"https:\/\/entrenotasyacordes.com\/?p=16713","title":{"rendered":"LOS PERICOS presentan \u201cSOLEDAD\u201d"},"content":{"rendered":"\n<!--more-->\n\n\n\n<p class=\"has-text-align-center\"><strong>Nuevo single + Videoclip<\/strong><br><strong>Segundo adelanto de su nuevo \u00e1lbum<\/strong><\/p>\n\n\n<div class=\"wp-block-image\">\n<figure class=\"aligncenter size-full is-resized\"><img loading=\"lazy\" decoding=\"async\" width=\"2048\" height=\"2048\" src=\"https:\/\/entrenotasyacordes.com\/wp-content\/uploads\/2025\/08\/9ppppp.jpg\" alt=\"\" class=\"wp-image-16714\" style=\"width:654px;height:auto\" srcset=\"https:\/\/entrenotasyacordes.com\/wp-content\/uploads\/2025\/08\/9ppppp.jpg 2048w, https:\/\/entrenotasyacordes.com\/wp-content\/uploads\/2025\/08\/9ppppp-300x300.jpg 300w, https:\/\/entrenotasyacordes.com\/wp-content\/uploads\/2025\/08\/9ppppp-1024x1024.jpg 1024w, https:\/\/entrenotasyacordes.com\/wp-content\/uploads\/2025\/08\/9ppppp-150x150.jpg 150w, https:\/\/entrenotasyacordes.com\/wp-content\/uploads\/2025\/08\/9ppppp-768x768.jpg 768w, https:\/\/entrenotasyacordes.com\/wp-content\/uploads\/2025\/08\/9ppppp-1536x1536.jpg 1536w, https:\/\/entrenotasyacordes.com\/wp-content\/uploads\/2025\/08\/9ppppp-50x50.jpg 50w\" sizes=\"auto, (max-width: 2048px) 100vw, 2048px\" \/><\/figure>\n<\/div>\n\n\n<p>Luego de sorprender con <em>\u00abInmortal\u00bb<\/em> junto al artista mexicano. <strong>Sabino<\/strong>, Los Pericos contin\u00faan revelando piezas de su esperado nuevo \u00e1lbum. El <strong>jueves 14 de agosto a las 21hs<\/strong>, lanzan <em>\u00abSoledad\u00bb<\/em>, su flamante single acompa\u00f1ado de un videoclip que profundiza el esp\u00edritu del tema: la felicidad de elegir estar solo.<\/p>\n\n\n\n<p><em>\u00abSoledad\u00bb<\/em> marca el segundo adelanto del nuevo disco que la banda se encuentra preparando, con una destacada producci\u00f3n art\u00edstica a cargo de <strong>Los Pericos<\/strong> junto a <strong>Ale Sergi<\/strong>, quien aporta su sensibilidad y estilo en este nuevo cap\u00edtulo del sonido perico.<\/p>\n\n\n\n<p>El videoclip fue filmado en <strong>Chapadmalal y<\/strong> <strong>Miramar<\/strong> y <strong>dirigido por Sebasti\u00e1n Badino Lynch<\/strong>, logrando capturar una est\u00e9tica fresca, luminosa e \u00edntima que acompa\u00f1a el mensaje positivo de la canci\u00f3n: abrazar la soledad como una elecci\u00f3n consciente, desde la plenitud y el bienestar personal.<\/p>\n\n\n\n<p>Adem\u00e1s, el lanzamiento de <em>\u00abSoledad\u00bb<\/em> coincide con una fecha muy especial para la banda: el <strong>aniversario del primer show con Juanchi Baleir\u00f3n como voz l\u00edder<\/strong>, consolidando una etapa emblem\u00e1tica en la historia de <strong>Los Pericos<\/strong>.<strong><\/strong><\/p>\n\n\n\n<p>Este <strong>2025<\/strong> encuentra a <strong>Los Pericos<\/strong> en plena evoluci\u00f3n art\u00edstica. Recientemente, revolucionaron a su p\u00fablico con la reversi\u00f3n de su cl\u00e1sico <em>\u201cSin Cadenas\u201d<\/em> junto a <strong>La T y La M<\/strong>, combinando su esencia con nuevos aires que siguen expandiendo su sonido y su legado.<\/p>\n\n\n\n<p>Toda la expectativa ahora se concentra en el <strong>pr\u00f3ximo show del s\u00e1bado 16 de agosto en el m\u00edtico Teatro Gran Rex<\/strong>, un lugar emblem\u00e1tico que ha sido testigo de memorables presentaciones del grupo a lo largo de los a\u00f1os. <strong>Los Pericos <\/strong>prometen, como siempre, una noche inolvidable, cargada de la buena energ\u00eda que los caracteriza desde el principio. Una oportunidad ideal para disfrutar con tus seres queridos de los cl\u00e1sicos y de las nuevas canciones que anticipan lo que ser\u00e1 el pr\u00f3ximo disco.<\/p>\n\n\n<div class=\"wp-block-image\">\n<figure class=\"aligncenter size-full is-resized\"><img loading=\"lazy\" decoding=\"async\" width=\"1080\" height=\"1350\" src=\"https:\/\/entrenotasyacordes.com\/wp-content\/uploads\/2025\/08\/9pppppp.jpg\" alt=\"\" class=\"wp-image-16715\" style=\"width:654px;height:auto\" srcset=\"https:\/\/entrenotasyacordes.com\/wp-content\/uploads\/2025\/08\/9pppppp.jpg 1080w, https:\/\/entrenotasyacordes.com\/wp-content\/uploads\/2025\/08\/9pppppp-240x300.jpg 240w, https:\/\/entrenotasyacordes.com\/wp-content\/uploads\/2025\/08\/9pppppp-819x1024.jpg 819w, https:\/\/entrenotasyacordes.com\/wp-content\/uploads\/2025\/08\/9pppppp-768x960.jpg 768w, https:\/\/entrenotasyacordes.com\/wp-content\/uploads\/2025\/08\/9pppppp-1024x1280.jpg 1024w\" sizes=\"auto, (max-width: 1080px) 100vw, 1080px\" \/><\/figure>\n<\/div>\n\n\n<p>Pero la fiesta no termina ah\u00ed. Luego del Gran Rex, la banda se embarca en una gira por Am\u00e9rica Latina que promete m\u00e1s reggae, m\u00e1s conexi\u00f3n y m\u00e1s m\u00fasica en vivo. Las pr\u00f3ximas fechas confirmadas son:<\/p>\n\n\n\n<ul class=\"wp-block-list\">\n<li><strong>22 de agosto \u2013 Teatro Metrop\u00f3litan \u2013 Ciudad de M\u00e9xico<\/strong><\/li>\n\n\n\n<li><strong>23 de agosto \u2013 Foro Paruno \u2013 Le\u00f3n, M\u00e9xico<\/strong><\/li>\n\n\n\n<li><strong>24 de agosto \u2013 Teatro Diana \u2013 Guadalajara, M\u00e9xico<\/strong><\/li>\n\n\n\n<li><strong>30 de agosto \u2013 Skatedra Fest \u2013 Costa Rica<\/strong><\/li>\n\n\n\n<li><strong>2 de octubre &#8211; Auditorio Nacional Adela Reta &#8211; Montevideo, Uruguay<\/strong><\/li>\n\n\n\n<li><strong>1 de noviembre- La Trastienda &#8211; Buenos Aires, Argentina<\/strong><\/li>\n<\/ul>\n\n\n\n<p>Con m\u00e1s de tres d\u00e9cadas de trayectoria, <strong>Los Pericos<\/strong> siguen reinvent\u00e1ndose sin perder su esencia. <em>\u00abSoledad\u00bb<\/em> llega para confirmar que la banda est\u00e1 m\u00e1s activa y creativa que nunca, y que este nuevo disco ser\u00e1 una celebraci\u00f3n de su historia, su presente y su proyecci\u00f3n internacional.<\/p>\n","protected":false},"excerpt":{"rendered":"","protected":false},"author":5,"featured_media":16714,"comment_status":"open","ping_status":"open","sticky":false,"template":"","format":"standard","meta":{"om_disable_all_campaigns":false,"_uf_show_specific_survey":0,"_uf_disable_surveys":false,"footnotes":""},"categories":[4],"tags":[],"class_list":["post-16713","post","type-post","status-publish","format-standard","has-post-thumbnail","hentry","category-musica"],"_links":{"self":[{"href":"https:\/\/entrenotasyacordes.com\/index.php?rest_route=\/wp\/v2\/posts\/16713","targetHints":{"allow":["GET"]}}],"collection":[{"href":"https:\/\/entrenotasyacordes.com\/index.php?rest_route=\/wp\/v2\/posts"}],"about":[{"href":"https:\/\/entrenotasyacordes.com\/index.php?rest_route=\/wp\/v2\/types\/post"}],"author":[{"embeddable":true,"href":"https:\/\/entrenotasyacordes.com\/index.php?rest_route=\/wp\/v2\/users\/5"}],"replies":[{"embeddable":true,"href":"https:\/\/entrenotasyacordes.com\/index.php?rest_route=%2Fwp%2Fv2%2Fcomments&post=16713"}],"version-history":[{"count":1,"href":"https:\/\/entrenotasyacordes.com\/index.php?rest_route=\/wp\/v2\/posts\/16713\/revisions"}],"predecessor-version":[{"id":16716,"href":"https:\/\/entrenotasyacordes.com\/index.php?rest_route=\/wp\/v2\/posts\/16713\/revisions\/16716"}],"wp:featuredmedia":[{"embeddable":true,"href":"https:\/\/entrenotasyacordes.com\/index.php?rest_route=\/wp\/v2\/media\/16714"}],"wp:attachment":[{"href":"https:\/\/entrenotasyacordes.com\/index.php?rest_route=%2Fwp%2Fv2%2Fmedia&parent=16713"}],"wp:term":[{"taxonomy":"category","embeddable":true,"href":"https:\/\/entrenotasyacordes.com\/index.php?rest_route=%2Fwp%2Fv2%2Fcategories&post=16713"},{"taxonomy":"post_tag","embeddable":true,"href":"https:\/\/entrenotasyacordes.com\/index.php?rest_route=%2Fwp%2Fv2%2Ftags&post=16713"}],"curies":[{"name":"wp","href":"https:\/\/api.w.org\/{rel}","templated":true}]}}