{"id":17012,"date":"2025-09-02T13:27:04","date_gmt":"2025-09-02T13:27:04","guid":{"rendered":"https:\/\/entrenotasyacordes.com\/?p=17012"},"modified":"2025-09-02T13:27:06","modified_gmt":"2025-09-02T13:27:06","slug":"jorge-rojas-presenta-voy-a-abrir-mi-corazon-el-documental","status":"publish","type":"post","link":"https:\/\/entrenotasyacordes.com\/?p=17012","title":{"rendered":"JORGE ROJAS PRESENTA \u201cVOY A ABRIR MI CORAZ\u00d3N\u201d EL DOCUMENTAL"},"content":{"rendered":"\n<!--more-->\n\n\n\n<p class=\"has-text-align-left\"><strong>Un disco de 11 canciones cada una con una vivencia especial,\u00a0compromiso, compa\u00f1erismo, emoci\u00f3n a coraz\u00f3n abierto<\/strong><\/p>\n\n\n\n<figure class=\"wp-block-embed is-type-video is-provider-youtube wp-block-embed-youtube wp-embed-aspect-16-9 wp-has-aspect-ratio\"><div class=\"wp-block-embed__wrapper\">\n<div class=\"epyt-video-wrapper\"><iframe loading=\"lazy\"  id=\"_ytid_51678\"  width=\"640\" height=\"360\"  data-origwidth=\"640\" data-origheight=\"360\" src=\"https:\/\/www.youtube.com\/embed\/FLvMxMgIY7Y?enablejsapi=1&#038;autoplay=0&#038;cc_load_policy=0&#038;cc_lang_pref=&#038;iv_load_policy=1&#038;loop=0&#038;rel=1&#038;fs=1&#038;playsinline=0&#038;autohide=2&#038;theme=dark&#038;color=white&#038;controls=1&#038;\" class=\"__youtube_prefs__  epyt-is-override  no-lazyload\" data-vol=\"50\"  title=\"YouTube player\"  allow=\"fullscreen; accelerometer; autoplay; clipboard-write; encrypted-media; gyroscope; picture-in-picture; web-share\" referrerpolicy=\"strict-origin-when-cross-origin\" allowfullscreen data-no-lazy=\"1\" data-skipgform_ajax_framebjll=\"\"><\/iframe><\/div>\n<\/div><\/figure>\n\n\n\n<p><strong>Jorge Rojas<\/strong>, una de las voces m\u00e1s emblem\u00e1ticas de la m\u00fasica argentina, estrena&nbsp;<strong>\u201cVoy a Abrir Mi Coraz\u00f3n\u201d, un documental que celebra sus dos d\u00e9cadas de trayectoria como solista<\/strong>&nbsp;y que, al igual que su \u00faltimo disco, refleja la esencia de un recorrido marcado por la m\u00fasica, las vivencias y el compromiso no solo con su trabajo sino tambi\u00e9n, con su p\u00fablico.<\/p>\n\n\n\n<p>La producci\u00f3n invita a sus fans a un viaje \u00edntimo por el universo creativo de Jorge, centr\u00e1ndose en la creaci\u00f3n y producci\u00f3n de su disco Voy a Abrir Mi Coraz\u00f3n. El documental profundiza en el proceso ingenioso detr\u00e1s de cada canci\u00f3n, mostrando como Jorge trabaj\u00f3 cada tema desde su concepci\u00f3n, explorando las decisiones art\u00edsticas y t\u00e9cnicas que guiaron cada interpretaci\u00f3n. Adem\u00e1s, permite ver c\u00f3mo fueron grabadas las canciones en el estudio, revelando la dedicaci\u00f3n y el cuidado detr\u00e1s de cada detalle musical.<\/p>\n\n\n\n<p>A trav\u00e9s de im\u00e1genes y relatos vinculados a las canciones, el artista comparte las vivencias y experiencias que dieron forma a cada tema.<\/p>\n\n\n\n<p>Sobre todo el proceso Jorge expresa: \u201c<em>&nbsp;Hay tanto detr\u00e1s de una canci\u00f3n&#8230; Cada una tiene su propio vuelo, recorre un camino distinto y puede viajar en el tiempo. Hoy les mostramos solo una parte del trayecto: el inicio y nuestra experiencia. Seguramente, alguna de ellas ser\u00e1 parte de la vida de alguien que, al escucharla, pueda sentir y significar algo, por lo que la har\u00e1 suya<\/em>.\u201d<\/p>\n\n\n\n<p>M\u00e1s all\u00e1 de la experiencia musical, este trabajo deja registrado de c\u00f3mo las canciones, una vez terminadas, trascienden el estudio y comienzan a formar parte de la vida de quienes las escuchan.<\/p>\n\n\n\n<p>\u201cVoy a Abrir Mi Coraz\u00f3n\u201d es una oportunidad \u00fanica para conocer de cerca la esencia de&nbsp;<strong>Jorge Rojas&nbsp;<\/strong>y todo el desarrollo detr\u00e1s de cada canci\u00f3n.&nbsp;<\/p>\n\n\n\n<p><strong>Mientras tanto, Jorge contin\u00faa arrasando con su exitosa gira #JRGira20a\u00f1os&nbsp; que el 24 y 25 de Octubre llega a Buenos Aires al Teatro Gran Rex.<\/strong><\/p>\n\n\n\n<p class=\"has-text-align-center\"><strong>Pr\u00f3ximos Shows:<\/strong><br>5 de septiembre: Teatro El C\u00edrculo, Rosario, Argentina.<br>3 de octubre: Gran Plaza Teatro, Bah\u00eda Blanca, Argentina.<br>4 de octubre: Paradiso Cinema &amp; Teatro, Santa Rosa, La Pampa, Argentina.<br>18 de octubre: La Yapa, Anisacate, C\u00f3rdoba, Argentina.<br>24 y 25 de octubre: Teatro Gran Rex, Capital Federal, Argentina.<br>1 y 2 de noviembre: Cine Teatro Espa\u00f1ol, Neuqu\u00e9n, Argentina.<br>14 de noviembre: Centro Cultural Mart\u00edn Fierro, Jujuy, Argentina.<br>15 de noviembre: Teatro Provincial Juan Carlos Saravia, Salta, Argentina.<br>22 de noviembre: Auditorio \u00c1ngel Bustelo, Mendoza, Argentina<\/p>\n","protected":false},"excerpt":{"rendered":"","protected":false},"author":5,"featured_media":17013,"comment_status":"open","ping_status":"open","sticky":false,"template":"","format":"standard","meta":{"om_disable_all_campaigns":false,"_uf_show_specific_survey":0,"_uf_disable_surveys":false,"footnotes":""},"categories":[9,34],"tags":[],"class_list":["post-17012","post","type-post","status-publish","format-standard","has-post-thumbnail","hentry","category-cine-y-teatro","category-ultimas-noticias"],"_links":{"self":[{"href":"https:\/\/entrenotasyacordes.com\/index.php?rest_route=\/wp\/v2\/posts\/17012","targetHints":{"allow":["GET"]}}],"collection":[{"href":"https:\/\/entrenotasyacordes.com\/index.php?rest_route=\/wp\/v2\/posts"}],"about":[{"href":"https:\/\/entrenotasyacordes.com\/index.php?rest_route=\/wp\/v2\/types\/post"}],"author":[{"embeddable":true,"href":"https:\/\/entrenotasyacordes.com\/index.php?rest_route=\/wp\/v2\/users\/5"}],"replies":[{"embeddable":true,"href":"https:\/\/entrenotasyacordes.com\/index.php?rest_route=%2Fwp%2Fv2%2Fcomments&post=17012"}],"version-history":[{"count":1,"href":"https:\/\/entrenotasyacordes.com\/index.php?rest_route=\/wp\/v2\/posts\/17012\/revisions"}],"predecessor-version":[{"id":17014,"href":"https:\/\/entrenotasyacordes.com\/index.php?rest_route=\/wp\/v2\/posts\/17012\/revisions\/17014"}],"wp:featuredmedia":[{"embeddable":true,"href":"https:\/\/entrenotasyacordes.com\/index.php?rest_route=\/wp\/v2\/media\/17013"}],"wp:attachment":[{"href":"https:\/\/entrenotasyacordes.com\/index.php?rest_route=%2Fwp%2Fv2%2Fmedia&parent=17012"}],"wp:term":[{"taxonomy":"category","embeddable":true,"href":"https:\/\/entrenotasyacordes.com\/index.php?rest_route=%2Fwp%2Fv2%2Fcategories&post=17012"},{"taxonomy":"post_tag","embeddable":true,"href":"https:\/\/entrenotasyacordes.com\/index.php?rest_route=%2Fwp%2Fv2%2Ftags&post=17012"}],"curies":[{"name":"wp","href":"https:\/\/api.w.org\/{rel}","templated":true}]}}