{"id":17067,"date":"2025-09-05T17:19:47","date_gmt":"2025-09-05T17:19:47","guid":{"rendered":"https:\/\/entrenotasyacordes.com\/?p=17067"},"modified":"2025-09-05T17:19:48","modified_gmt":"2025-09-05T17:19:48","slug":"arbol-festeja-sus-30-anos-en-xlr-club","status":"publish","type":"post","link":"https:\/\/entrenotasyacordes.com\/?p=17067","title":{"rendered":"\u00c1rbol festeja sus 30 a\u00f1os en XLR Club"},"content":{"rendered":"\n<!--more-->\n\n\n<div class=\"wp-block-image\">\n<figure class=\"aligncenter size-full\"><img loading=\"lazy\" decoding=\"async\" width=\"1080\" height=\"1080\" src=\"https:\/\/entrenotasyacordes.com\/wp-content\/uploads\/2025\/09\/1756743811217-1080x1080-copy-6.jpg\" alt=\"\" class=\"wp-image-17068\" srcset=\"https:\/\/entrenotasyacordes.com\/wp-content\/uploads\/2025\/09\/1756743811217-1080x1080-copy-6.jpg 1080w, https:\/\/entrenotasyacordes.com\/wp-content\/uploads\/2025\/09\/1756743811217-1080x1080-copy-6-300x300.jpg 300w, https:\/\/entrenotasyacordes.com\/wp-content\/uploads\/2025\/09\/1756743811217-1080x1080-copy-6-1024x1024.jpg 1024w, https:\/\/entrenotasyacordes.com\/wp-content\/uploads\/2025\/09\/1756743811217-1080x1080-copy-6-150x150.jpg 150w, https:\/\/entrenotasyacordes.com\/wp-content\/uploads\/2025\/09\/1756743811217-1080x1080-copy-6-768x768.jpg 768w, https:\/\/entrenotasyacordes.com\/wp-content\/uploads\/2025\/09\/1756743811217-1080x1080-copy-6-50x50.jpg 50w\" sizes=\"auto, (max-width: 1080px) 100vw, 1080px\" \/><\/figure>\n<\/div>\n\n\n<p class=\"has-text-align-left\"><strong>\u00c1rbol<\/strong>&nbsp;festejar\u00e1 sus&nbsp;<strong>30 a\u00f1os<\/strong>&nbsp;de carrera en vivo junto al p\u00fablico, con una gira por nacional e internacional. Este tour lo llevar\u00e1 a San Miguel el pr\u00f3ximo&nbsp;<strong>viernes&nbsp;19 de septiembre<\/strong>&#8211; 20hs en el&nbsp;<strong>XLR Club<\/strong>.<\/p>\n\n\n\n<p>El show ser\u00e1 una gran oportunidad para escuchar, bailar, cantar y poguear los cl\u00e1sicos de siempre, como \u201cTrenes camiones y tractores\u201d, \u201cpeque\u00f1os sue\u00f1os\u201d, \u201cLa nena monstruo\u201d, \u201cEl fantasma\u201d, hits indiscutibles que supieron nutrir la discograf\u00eda de \u00c1rbol en \u00e9stos 30 a\u00f1os de m\u00fasica. Adem\u00e1s, la banda presentar\u00e1 en vivo los \u00faltimos &nbsp;tres singles lanzados en la primera mitad del a\u00f1os: \u201cPintao\u201d de Duki ft Ysy A, &nbsp;\u201cLa G\u00fcera Salom\u00e9\u201d del artista mexicano Fito Olivares y una versi\u00f3n de \u201cBancate ese defecto\u201d en homenaje a Charly Garc\u00eda.<\/p>\n\n\n\n<p class=\"has-text-align-left\"><strong>Entradas a la venta por sistema&nbsp;<a href=\"https:\/\/livepass.com.ar\/events\/arbol-en-san-miguel?utm_source=perfit&amp;utm_medium=email\" rel=\"noreferrer noopener\" target=\"_blank\">Livepass<\/a><\/strong><\/p>\n\n\n<div class=\"wp-block-image\">\n<figure class=\"aligncenter size-full\"><img loading=\"lazy\" decoding=\"async\" width=\"2560\" height=\"1440\" src=\"https:\/\/entrenotasyacordes.com\/wp-content\/uploads\/2025\/09\/1752859340862-Ph.-Eve.Pin-1-scaled.jpg\" alt=\"\" class=\"wp-image-17071\" srcset=\"https:\/\/entrenotasyacordes.com\/wp-content\/uploads\/2025\/09\/1752859340862-Ph.-Eve.Pin-1-scaled.jpg 2560w, https:\/\/entrenotasyacordes.com\/wp-content\/uploads\/2025\/09\/1752859340862-Ph.-Eve.Pin-1-300x169.jpg 300w, https:\/\/entrenotasyacordes.com\/wp-content\/uploads\/2025\/09\/1752859340862-Ph.-Eve.Pin-1-1024x576.jpg 1024w, https:\/\/entrenotasyacordes.com\/wp-content\/uploads\/2025\/09\/1752859340862-Ph.-Eve.Pin-1-768x432.jpg 768w, https:\/\/entrenotasyacordes.com\/wp-content\/uploads\/2025\/09\/1752859340862-Ph.-Eve.Pin-1-1536x864.jpg 1536w, https:\/\/entrenotasyacordes.com\/wp-content\/uploads\/2025\/09\/1752859340862-Ph.-Eve.Pin-1-2048x1152.jpg 2048w\" sizes=\"auto, (max-width: 2560px) 100vw, 2560px\" \/><\/figure>\n<\/div>\n\n\n<p class=\"has-text-align-left\">\u00a0<strong>SOBRE \u00c1RBOL:<\/strong><\/p>\n\n\n\n<p>\u00c1rbol es una banda de rock alternativo formada a finales de 1994 en Haedo, zona oeste del Gran Buenos Aires.<\/p>\n\n\n\n<p>En 1996 registran en forma independiente su primera producci\u00f3n discogr\u00e1fica, \u00abJard\u00edn Fren\u00e9tico\u00bb. Este material fue presentado en la exposici\u00f3n multimedia Rock Nacional 30 A\u00f1os, en \u00abBuenos Aires No Duerme\u00bb y como invitados en shows de Los Caballeros de la Quema y Bersuit Vergarabat.<\/p>\n\n\n\n<p>A trav\u00e9s del grupo mexicano Caf\u00e9 Tacuba llega una copia de este disco a Gustavo Santaolalla, quien los convoca para firmar contrato con el sello Surco, all\u00ed editaron el primer disco.<\/p>\n\n\n\n<p>Junto a Attaque 77 realizaron, en el a\u00f1o 2000, una extensa gira por la Costa Atl\u00e1ntica y otra por una docena de ciudades en el interior del pa\u00eds. Luego encararon un tour por Estados Unidos y M\u00e9xico.<\/p>\n\n\n\n<p>A fines de 2001 lanzaron \u00abChapusong\u2018s\u00bb, el nuevo disco, en el cual siguieron experimentando con diversos ritmos.&nbsp;<\/p>\n\n\n\n<p>En el 2004, bajo la producci\u00f3n de \u00c1rbol y de Gustavo Santaolalla, lanzan al mercado su disco \u201cGuau!\u201d. Este \u00e1lbum contiene doce canciones, entre ellas una versi\u00f3n vocal del cl\u00e1sico de Los Redondos \u00abJi Ji Ji\u00bb. Entre sus nuevas composiciones se destacan, \u00abPeque\u00f1os Sue\u00f1os\u00bb y \u00abEl Fantasma\u00bb.&nbsp;<\/p>\n\n\n\n<p>En 2006 \u00c1rbol edita su primer DVD, titulado \u00abMiau!\u00bb, con im\u00e1genes exclusivas extra\u00eddas de los shows que dieron el 8 y 9 de julio de 2005 en el Estadio Obras de Buenos Aires.<\/p>\n\n\n\n<p>En 2007 edita el cuarto disco titulado \u00abHormigas\u00bb.<\/p>\n\n\n\n<p>En octubre de 2009 sale a la venta \u00abNo Me Etiquetes\u00bb, nuevo \u00e1lbum, cuyo primer corte se titula \u00abEl S\u00e1bado En Ramos\u00bb.&nbsp;<\/p>\n\n\n\n<p>En 2017 lanzan el sencillo \u00abTiembla el Piso\u00bb, con el sello PopArt.<\/p>\n\n\n\n<p>En 2018 presentan el tema \u00abLa Vida Es Todo Lo Que Vos Quieras\u00bb.&nbsp;<\/p>\n\n\n\n<p>En 2020, la banda presenta una reversi\u00f3n de su cl\u00e1sico tema \u00abEl Fantasma\u00bb, canci\u00f3n del disco \u00abGuau\u00bb. El primero de mayo de reversionan \u00abPrejuicios\u00bb, con la colaboraci\u00f3n del artista mexicano Lng Sht.<\/p>\n\n\n\n<p>En agosto del mismo a\u00f1o hacen una emotiva reversi\u00f3n de \u201cPeque\u00f1os Sue\u00f1os\u201d junto a Natalie P\u00e9rez. Ese a\u00f1o \u00c1rbol publica el single \u00abAzul\u00bb junto a Nunca Rodrigo.\u00a0<\/p>\n\n\n\n<p>En 2022 la banda saca un nuevo disco \u201cHongo\u201d y publica el tema \u00abGoodbye adi\u00f3s\u00bb y \u201cEscapar\u201d como sus primeros singles.<\/p>\n\n\n\n<p>Durante 2024 realizaron una gira por Mallorca, Madrid, Valencia y Barcelona, realizaron conciertos en Uruguay, Paraguay y por las &nbsp;principales ciudades de Argentina. En septiembre lanzaron la reversi\u00f3n del cl\u00e1sico \u201cYa lo Sabemos Ft Sebasti\u00e1n Teysera\u201d cantante de La Vela Puerca.<\/p>\n\n\n\n<p class=\"has-text-align-left\">En&nbsp; 2025 realizaron la gira de Verano, por las ciudades de Tandil, Necochea, Mar del Plata y Paraguay . En mayo despu\u00e9s de un a\u00f1o de no tocar en CABA hicieron vibrar el C Art Media.<\/p>\n\n\n\n<p class=\"has-text-align-left\"><\/p>\n","protected":false},"excerpt":{"rendered":"","protected":false},"author":5,"featured_media":17068,"comment_status":"open","ping_status":"open","sticky":false,"template":"","format":"standard","meta":{"om_disable_all_campaigns":false,"_uf_show_specific_survey":0,"_uf_disable_surveys":false,"footnotes":""},"categories":[36],"tags":[],"class_list":["post-17067","post","type-post","status-publish","format-standard","has-post-thumbnail","hentry","category-conciertos"],"_links":{"self":[{"href":"https:\/\/entrenotasyacordes.com\/index.php?rest_route=\/wp\/v2\/posts\/17067","targetHints":{"allow":["GET"]}}],"collection":[{"href":"https:\/\/entrenotasyacordes.com\/index.php?rest_route=\/wp\/v2\/posts"}],"about":[{"href":"https:\/\/entrenotasyacordes.com\/index.php?rest_route=\/wp\/v2\/types\/post"}],"author":[{"embeddable":true,"href":"https:\/\/entrenotasyacordes.com\/index.php?rest_route=\/wp\/v2\/users\/5"}],"replies":[{"embeddable":true,"href":"https:\/\/entrenotasyacordes.com\/index.php?rest_route=%2Fwp%2Fv2%2Fcomments&post=17067"}],"version-history":[{"count":1,"href":"https:\/\/entrenotasyacordes.com\/index.php?rest_route=\/wp\/v2\/posts\/17067\/revisions"}],"predecessor-version":[{"id":17072,"href":"https:\/\/entrenotasyacordes.com\/index.php?rest_route=\/wp\/v2\/posts\/17067\/revisions\/17072"}],"wp:featuredmedia":[{"embeddable":true,"href":"https:\/\/entrenotasyacordes.com\/index.php?rest_route=\/wp\/v2\/media\/17068"}],"wp:attachment":[{"href":"https:\/\/entrenotasyacordes.com\/index.php?rest_route=%2Fwp%2Fv2%2Fmedia&parent=17067"}],"wp:term":[{"taxonomy":"category","embeddable":true,"href":"https:\/\/entrenotasyacordes.com\/index.php?rest_route=%2Fwp%2Fv2%2Fcategories&post=17067"},{"taxonomy":"post_tag","embeddable":true,"href":"https:\/\/entrenotasyacordes.com\/index.php?rest_route=%2Fwp%2Fv2%2Ftags&post=17067"}],"curies":[{"name":"wp","href":"https:\/\/api.w.org\/{rel}","templated":true}]}}