{"id":17073,"date":"2025-09-05T17:29:49","date_gmt":"2025-09-05T17:29:49","guid":{"rendered":"https:\/\/entrenotasyacordes.com\/?p=17073"},"modified":"2025-09-05T17:29:50","modified_gmt":"2025-09-05T17:29:50","slug":"nagual-por-primera-vez-en-el-c-art-media-el-sabado-11-de-octubre","status":"publish","type":"post","link":"https:\/\/entrenotasyacordes.com\/?p=17073","title":{"rendered":"NAGUAL por primera vez en el C ART MEDIA el S\u00c1BADO 11 DE OCTUBRE"},"content":{"rendered":"\n<!--more-->\n\n\n<div class=\"wp-block-image\">\n<figure class=\"aligncenter size-full\"><img loading=\"lazy\" decoding=\"async\" width=\"378\" height=\"378\" src=\"https:\/\/entrenotasyacordes.com\/wp-content\/uploads\/2025\/09\/20dfd4d9-1c50-b365-c163-523d61ff33ff.jpg\" alt=\"\" class=\"wp-image-17074\" srcset=\"https:\/\/entrenotasyacordes.com\/wp-content\/uploads\/2025\/09\/20dfd4d9-1c50-b365-c163-523d61ff33ff.jpg 378w, https:\/\/entrenotasyacordes.com\/wp-content\/uploads\/2025\/09\/20dfd4d9-1c50-b365-c163-523d61ff33ff-300x300.jpg 300w, https:\/\/entrenotasyacordes.com\/wp-content\/uploads\/2025\/09\/20dfd4d9-1c50-b365-c163-523d61ff33ff-150x150.jpg 150w, https:\/\/entrenotasyacordes.com\/wp-content\/uploads\/2025\/09\/20dfd4d9-1c50-b365-c163-523d61ff33ff-50x50.jpg 50w\" sizes=\"auto, (max-width: 378px) 100vw, 378px\" \/><\/figure>\n<\/div>\n\n\n<p class=\"has-text-align-left\">La banda presentar\u00e1 su sexto disco de estudio \u201cLibres\u201d y recorrer\u00e1 lo mejor de su trayectoria el 11 de octubre en el C Art Media, donde los acompa\u00f1ar\u00e1n, abriendo la noche, el amigo Micky Rodriguez y su banda.<\/p>\n\n\n\n<p class=\"has-text-align-left\">Su nuevo material, est\u00e1 compuesto por 10 Canciones: \u00abTruco Realidad\u00bb, \u00abLibres\u00bb, \u00abCompa\u00f1eros\u00bb, \u00abLa ilusi\u00f3n\u00bb(con\u00a0<strong>Claudio Tano Marciello y Sergio Colombo<\/strong>\u00a0), \u00abLa Memoria\u00bb, \u201cCara o Cruz\u201d, \u201cPajarito\u201d, \u201cBlues M\u00e1gico\u201d (con\u00a0<strong>Gustavo Napoli y Nacho Smilari<\/strong>\u00a0), \u201cRevoluci\u00f3n (esa que adentro vive)\u201d (con\u00a0<strong>Alejandro Medina<\/strong>\u00a0) y \u201cUn D\u00eda M\u00e1s\u201d<\/p>\n\n\n<div class=\"wp-block-image\">\n<figure class=\"aligncenter size-full\"><img loading=\"lazy\" decoding=\"async\" width=\"433\" height=\"318\" src=\"https:\/\/entrenotasyacordes.com\/wp-content\/uploads\/2025\/09\/5ba17664-ee21-11df-a45f-334f0ce50c1d.jpg\" alt=\"\" class=\"wp-image-17075\" srcset=\"https:\/\/entrenotasyacordes.com\/wp-content\/uploads\/2025\/09\/5ba17664-ee21-11df-a45f-334f0ce50c1d.jpg 433w, https:\/\/entrenotasyacordes.com\/wp-content\/uploads\/2025\/09\/5ba17664-ee21-11df-a45f-334f0ce50c1d-300x220.jpg 300w\" sizes=\"auto, (max-width: 433px) 100vw, 433px\" \/><\/figure>\n<\/div>\n\n\n<p class=\"has-text-align-center\">NAGUAL comienza en el a\u00f1o 2001, en el s\u00f3tano de una pizzer\u00eda del barrio<br>de Mataderos. Desde su debut en Betty Blues en agosto de ese a\u00f1o<br>NAGUAL lanz\u00f3 cinco discos de estudio y un DVD en vivo, en su largo<br>recorrido, ha realizado presentaciones en el m\u00edtico Estadio Obras, el estadio<br>Malvinas Argentinas y El Luna Park; Tambi\u00e9n realizando giras a lo largo de<br>nuestro Pa\u00eds, como tambi\u00e9n en los vecinos Uruguay y Chile.<\/p>\n\n\n\n<p class=\"has-text-align-center\">En estos d\u00edas se encuentran lanzando su sexto disco de estudio y en esta ocasi\u00f3n la banda se dio el gusto de grabar con m\u00fasicos invitados como, Claudio \u201cTano\u201d Marciello, Gustavo \u201cChizzo\u201d Napoli, Aleandro Medina y Sergio Colombo. El \u00c1lbum Contiene 10 Canciones y fue concebido en distintas etapas; Cont\u00f3 con la producci\u00f3n de Alfredo Tott, Pablo Guyot y Alejandro V\u00e1zquez.<br><br>El 11 de octubre en el C Art Media, que ser\u00e1 escenario para esta ocasi\u00f3n en<br>que la banda presentar\u00e1 su \u00e1lbum, con un gran Show que contar\u00e1 con<br>algunas sorpresas y repasar\u00e1 lo mejor de su trayectoria.<br>El camino contin\u00faa.<\/p>\n\n\n\n<p class=\"has-text-align-center\"><strong>NAGUAL\u00a0:<\/strong><br>Agust\u00edn Artale en bater\u00eda \/ Ciriaco Viera en voz y guitarra \/<br>Fabi\u00e1n Zabia en bajo\/Facundo Terry en guitarra \/\u00a0<br>Federico Belai en guitarra<\/p>\n\n\n\n<p class=\"has-text-align-center\"><strong>Discograf\u00eda\u00a0<\/strong>\u00a0<br>Libres (2025)\u00a0<br>Ciudad de fuego (2017)\u00a0<br>Hacia la monta\u00f1a (2013)\u00a0<br>DVD 10 a\u00f1os (2011)\u00a0<br>Pacto de sangre (2009)\u00a0<br>Guerrero (2007)\u00a0<br>Nagual (2004)<\/p>\n","protected":false},"excerpt":{"rendered":"","protected":false},"author":5,"featured_media":17074,"comment_status":"open","ping_status":"open","sticky":false,"template":"","format":"standard","meta":{"om_disable_all_campaigns":false,"_uf_show_specific_survey":0,"_uf_disable_surveys":false,"footnotes":""},"categories":[36],"tags":[],"class_list":["post-17073","post","type-post","status-publish","format-standard","has-post-thumbnail","hentry","category-conciertos"],"_links":{"self":[{"href":"https:\/\/entrenotasyacordes.com\/index.php?rest_route=\/wp\/v2\/posts\/17073","targetHints":{"allow":["GET"]}}],"collection":[{"href":"https:\/\/entrenotasyacordes.com\/index.php?rest_route=\/wp\/v2\/posts"}],"about":[{"href":"https:\/\/entrenotasyacordes.com\/index.php?rest_route=\/wp\/v2\/types\/post"}],"author":[{"embeddable":true,"href":"https:\/\/entrenotasyacordes.com\/index.php?rest_route=\/wp\/v2\/users\/5"}],"replies":[{"embeddable":true,"href":"https:\/\/entrenotasyacordes.com\/index.php?rest_route=%2Fwp%2Fv2%2Fcomments&post=17073"}],"version-history":[{"count":1,"href":"https:\/\/entrenotasyacordes.com\/index.php?rest_route=\/wp\/v2\/posts\/17073\/revisions"}],"predecessor-version":[{"id":17076,"href":"https:\/\/entrenotasyacordes.com\/index.php?rest_route=\/wp\/v2\/posts\/17073\/revisions\/17076"}],"wp:featuredmedia":[{"embeddable":true,"href":"https:\/\/entrenotasyacordes.com\/index.php?rest_route=\/wp\/v2\/media\/17074"}],"wp:attachment":[{"href":"https:\/\/entrenotasyacordes.com\/index.php?rest_route=%2Fwp%2Fv2%2Fmedia&parent=17073"}],"wp:term":[{"taxonomy":"category","embeddable":true,"href":"https:\/\/entrenotasyacordes.com\/index.php?rest_route=%2Fwp%2Fv2%2Fcategories&post=17073"},{"taxonomy":"post_tag","embeddable":true,"href":"https:\/\/entrenotasyacordes.com\/index.php?rest_route=%2Fwp%2Fv2%2Ftags&post=17073"}],"curies":[{"name":"wp","href":"https:\/\/api.w.org\/{rel}","templated":true}]}}