{"id":17077,"date":"2025-09-05T17:34:27","date_gmt":"2025-09-05T17:34:27","guid":{"rendered":"https:\/\/entrenotasyacordes.com\/?p=17077"},"modified":"2025-09-05T17:34:28","modified_gmt":"2025-09-05T17:34:28","slug":"ella-es-tan-cargosa-anuncia-el-festejo-de-su-25o-aniversario","status":"publish","type":"post","link":"https:\/\/entrenotasyacordes.com\/?p=17077","title":{"rendered":"ELLA ES TAN CARGOSA anuncia el festejo de su 25\u00ba ANIVERSARIO"},"content":{"rendered":"\n<!--more-->\n\n\n<div class=\"wp-block-image\">\n<figure class=\"aligncenter size-full\"><img loading=\"lazy\" decoding=\"async\" width=\"900\" height=\"800\" src=\"https:\/\/entrenotasyacordes.com\/wp-content\/uploads\/2025\/09\/ab5e79f6-1afb-ec5d-edb1-23e7bba03650.jpeg\" alt=\"\" class=\"wp-image-17078\" srcset=\"https:\/\/entrenotasyacordes.com\/wp-content\/uploads\/2025\/09\/ab5e79f6-1afb-ec5d-edb1-23e7bba03650.jpeg 900w, https:\/\/entrenotasyacordes.com\/wp-content\/uploads\/2025\/09\/ab5e79f6-1afb-ec5d-edb1-23e7bba03650-300x267.jpeg 300w, https:\/\/entrenotasyacordes.com\/wp-content\/uploads\/2025\/09\/ab5e79f6-1afb-ec5d-edb1-23e7bba03650-768x683.jpeg 768w\" sizes=\"auto, (max-width: 900px) 100vw, 900px\" \/><\/figure>\n<\/div>\n\n\n<p class=\"has-text-align-left\"><strong>Luego de agotar dos Lucille,\u00a0<\/strong>la banda oriunda de zona oeste<strong>\u00a0anuncia el festejo de su veinticinco aniversario el S\u00e1bado 29 de noviembre en el Teatro Gran Ituzaing\u00f3.<\/strong>\u00a0Un show donde recorrer\u00e1n todos los cl\u00e1sicos como:\u00a0 \u201cLlueve\u201d, \u201cNi siquiera entre tus brazos\u201d, \u201cEn redondel\u201d y canciones que marcaron la historia de la banda.<br>\u00a0<br>\u2018Elegimos celebrar en el Oeste, en nuestra zona, donde empez\u00f3 esta aventura. Son veinticinco a\u00f1os de canciones, veinticinco a\u00f1os de sostener un proyecto colectivo contra viento y marea. Contra los vientos y mareas propios, los que uno va atravesando con el paso del tiempo, pero tambi\u00e9n con los del pa\u00eds, por lo que implica sostener un proyecto art\u00edstico en un pa\u00eds tan inestable. Ac\u00e1 estamos: tocando y cantando. Vamos a celebrarlo\u2019, dice Rodrigo Manigot, cantante y letrista de la banda. Su socio compositivo, el Tano Baccega, coincide: \u2018va a ser un festejo con nuestra gente, que nos acompa\u00f1\u00f3 a lo largo de todo este tiempo, y a la que tambi\u00e9n creo que fuimos acompa\u00f1ando con nuestras canciones\u2019.<\/p>\n\n\n\n<p class=\"has-text-align-center\"><strong><a href=\"https:\/\/www.tuentrada.com\/eventos\/detalle\/EllaestanCargosaTGI\/670704451174\">ENTRADAS A LA VENTA<\/a><\/strong><\/p>\n\n\n\n<p class=\"has-text-align-left\"><strong>Ella es tan cargosa,\u00a0<\/strong>adem\u00e1s se encuentra presentando su corte \u201cDe Bares\u201d de su \u00faltimo material de estudio\u00a0<strong><em>Fuera de Moda\u00a0<\/em><\/strong>(PopArt Discos, 2024).<\/p>\n\n\n<div class=\"wp-block-image\">\n<figure class=\"aligncenter size-full\"><img loading=\"lazy\" decoding=\"async\" width=\"2560\" height=\"1440\" src=\"https:\/\/entrenotasyacordes.com\/wp-content\/uploads\/2025\/09\/5393b175-8163-c9f8-68c7-8b659a0e1b7c-scaled.jpg\" alt=\"\" class=\"wp-image-17079\" srcset=\"https:\/\/entrenotasyacordes.com\/wp-content\/uploads\/2025\/09\/5393b175-8163-c9f8-68c7-8b659a0e1b7c-scaled.jpg 2560w, https:\/\/entrenotasyacordes.com\/wp-content\/uploads\/2025\/09\/5393b175-8163-c9f8-68c7-8b659a0e1b7c-300x169.jpg 300w, https:\/\/entrenotasyacordes.com\/wp-content\/uploads\/2025\/09\/5393b175-8163-c9f8-68c7-8b659a0e1b7c-1024x576.jpg 1024w, https:\/\/entrenotasyacordes.com\/wp-content\/uploads\/2025\/09\/5393b175-8163-c9f8-68c7-8b659a0e1b7c-768x432.jpg 768w, https:\/\/entrenotasyacordes.com\/wp-content\/uploads\/2025\/09\/5393b175-8163-c9f8-68c7-8b659a0e1b7c-1536x864.jpg 1536w, https:\/\/entrenotasyacordes.com\/wp-content\/uploads\/2025\/09\/5393b175-8163-c9f8-68c7-8b659a0e1b7c-2048x1152.jpg 2048w\" sizes=\"auto, (max-width: 2560px) 100vw, 2560px\" \/><\/figure>\n<\/div>\n\n\n<p class=\"has-text-align-center\"><\/p>\n","protected":false},"excerpt":{"rendered":"","protected":false},"author":5,"featured_media":17078,"comment_status":"open","ping_status":"open","sticky":false,"template":"","format":"standard","meta":{"om_disable_all_campaigns":false,"_uf_show_specific_survey":0,"_uf_disable_surveys":false,"footnotes":""},"categories":[36],"tags":[],"class_list":["post-17077","post","type-post","status-publish","format-standard","has-post-thumbnail","hentry","category-conciertos"],"_links":{"self":[{"href":"https:\/\/entrenotasyacordes.com\/index.php?rest_route=\/wp\/v2\/posts\/17077","targetHints":{"allow":["GET"]}}],"collection":[{"href":"https:\/\/entrenotasyacordes.com\/index.php?rest_route=\/wp\/v2\/posts"}],"about":[{"href":"https:\/\/entrenotasyacordes.com\/index.php?rest_route=\/wp\/v2\/types\/post"}],"author":[{"embeddable":true,"href":"https:\/\/entrenotasyacordes.com\/index.php?rest_route=\/wp\/v2\/users\/5"}],"replies":[{"embeddable":true,"href":"https:\/\/entrenotasyacordes.com\/index.php?rest_route=%2Fwp%2Fv2%2Fcomments&post=17077"}],"version-history":[{"count":1,"href":"https:\/\/entrenotasyacordes.com\/index.php?rest_route=\/wp\/v2\/posts\/17077\/revisions"}],"predecessor-version":[{"id":17080,"href":"https:\/\/entrenotasyacordes.com\/index.php?rest_route=\/wp\/v2\/posts\/17077\/revisions\/17080"}],"wp:featuredmedia":[{"embeddable":true,"href":"https:\/\/entrenotasyacordes.com\/index.php?rest_route=\/wp\/v2\/media\/17078"}],"wp:attachment":[{"href":"https:\/\/entrenotasyacordes.com\/index.php?rest_route=%2Fwp%2Fv2%2Fmedia&parent=17077"}],"wp:term":[{"taxonomy":"category","embeddable":true,"href":"https:\/\/entrenotasyacordes.com\/index.php?rest_route=%2Fwp%2Fv2%2Fcategories&post=17077"},{"taxonomy":"post_tag","embeddable":true,"href":"https:\/\/entrenotasyacordes.com\/index.php?rest_route=%2Fwp%2Fv2%2Ftags&post=17077"}],"curies":[{"name":"wp","href":"https:\/\/api.w.org\/{rel}","templated":true}]}}