{"id":17081,"date":"2025-09-05T17:41:59","date_gmt":"2025-09-05T17:41:59","guid":{"rendered":"https:\/\/entrenotasyacordes.com\/?p=17081"},"modified":"2025-09-05T17:42:00","modified_gmt":"2025-09-05T17:42:00","slug":"la-mujer-y-el-cine-celebra-37-anos","status":"publish","type":"post","link":"https:\/\/entrenotasyacordes.com\/?p=17081","title":{"rendered":"LA MUJER Y EL CINE CELEBRA 37 A\u00d1OS"},"content":{"rendered":"\n<!--more-->\n\n\n\n<p class=\"has-text-align-left\"><strong><em>Del 24 al 28 de septiembre en m\u00faltiples sedes de la Ciudad de Buenos Aires \u2013 Entrada libre y gratuita<\/em><\/strong><\/p>\n\n\n<div class=\"wp-block-image\">\n<figure class=\"aligncenter size-full\"><img loading=\"lazy\" decoding=\"async\" width=\"595\" height=\"842\" src=\"https:\/\/entrenotasyacordes.com\/wp-content\/uploads\/2025\/09\/8e51daf7-76a7-de42-e039-a5d2da84936e.png\" alt=\"\" class=\"wp-image-17082\" srcset=\"https:\/\/entrenotasyacordes.com\/wp-content\/uploads\/2025\/09\/8e51daf7-76a7-de42-e039-a5d2da84936e.png 595w, https:\/\/entrenotasyacordes.com\/wp-content\/uploads\/2025\/09\/8e51daf7-76a7-de42-e039-a5d2da84936e-212x300.png 212w\" sizes=\"auto, (max-width: 595px) 100vw, 595px\" \/><\/figure>\n<\/div>\n\n\n<p><strong>La Mujer y el Cine<\/strong>\u00a0cumple 37 a\u00f1os y lo celebramos con m\u00e1s fuerza que nunca. Porque seguimos filmando, creando. Filmamos con pasi\u00f3n, con rebeld\u00eda, con deseo, con lo que hay y con lo que se inventa. Filmamos como queremos y como sabemos y eso es un acto de libertad en voz alta.<br><br>Nuestras c\u00e1maras no solo muestran: interpelan, conmueven, hacen re\u00edr, incomodan, abrazan. Son miradas \u00fanicas que atraviesan este presente intenso y desafiante con la potencia de lo real.\u00a0<br><br>Este a\u00f1o la programaci\u00f3n estalla de creatividad, diversidad, resiliencia y resistencia. Con estrenos internacionales y lo m\u00e1s relevante del cine nacional. Porque el cine que nace de estas voces no pide permiso: se expande, rompe moldes, abre conversaciones y construye futuro.\u00a0<br><br>Seguimos, acompa\u00f1ando y celebrando con la certeza de que el cine es plural, diverso y valiente.\u00a0<\/p>\n\n\n\n<p><strong>PROGRAMACI\u00d3N 2025<\/strong><\/p>\n\n\n\n<p>Con el apoyo de\u00a0<strong>Impulso Cultural<\/strong>\u00a0y\u00a0<strong>Mecenazgo<\/strong>, este a\u00f1o la convocatoria fue r\u00e9cord: se recibieron\u00a0<strong>189 cortometrajes, 58 videominutos y 33 largometrajes en competencia de Work in Progress<\/strong>.<\/p>\n\n\n\n<p><strong>Panorama Nacional \u2013 22 largometrajes<\/strong><br>La selecci\u00f3n incluye t\u00edtulos los t\u00edtulos m\u00e1s recientes de la cinematograf\u00eda argentina\u00a0junto a producciones que en su momento fueron ganadoras del\u00a0<em><strong>Work in Progress La Mujer y el Cine.<\/strong><\/em><\/p>\n\n\n\n<ul class=\"wp-block-list\">\n<li><em>La quinta<\/em>\u00a0\u2013 Silvina Schnicer<\/li>\n\n\n\n<li><em>L\u2019addio (El adi\u00f3s)<\/em>\u00a0\u2013 Toia Bonino<\/li>\n\n\n\n<li><em>El verano m\u00e1s largo del mundo<\/em>\u00a0\u2013 Alejandra Lipoma y Romina Vlachoff<\/li>\n\n\n\n<li><em>Senda India<\/em>\u00a0\u2013 Daniela Seggiaro<\/li>\n\n\n\n<li><em>Coraz\u00f3n embalsamado<\/em>\u00a0\u2013 Juli Seco<\/li>\n\n\n\n<li><em>Todas las fuerzas<\/em>\u00a0\u2013 Luciana Piantanida<\/li>\n\n\n\n<li><em>Manuelita, \u00bfd\u00f3nde est\u00e1s?<\/em>\u00a0\u2013 Deborah Narv\u00e1ez<\/li>\n\n\n\n<li><em>La llegada del hijo<\/em>\u00a0\u2013 Cecilia At\u00e1n y Valeria Pivato<\/li>\n\n\n\n<li><em>La noche sin m\u00ed<\/em>\u00a0\u2013 Laura Berch y Laura Chiabrando<\/li>\n\n\n\n<li><em>La danza del impacto<\/em>\u00a0\u2013 Camila Toker<\/li>\n\n\n\n<li><em>Antes del cuerpo<\/em>\u00a0\u2013 Carina Piazza y Luc\u00eda Bracelis<\/li>\n\n\n\n<li><em>Cicl\u00f3n fantasma<\/em>\u00a0\u2013 Diana Cardini<\/li>\n\n\n\n<li><em>Los cuerpos p\u00fablicos<\/em>\u00a0\u2013 Valeria Sartori<\/li>\n\n\n\n<li><em>Legerin en busca de Alina<\/em>\u00a0\u2013 Mar\u00eda Laura V\u00e1zquez<\/li>\n<\/ul>\n\n\n\n<h3 class=\"wp-block-heading\"><em>&nbsp; &nbsp; &nbsp; &nbsp; &nbsp;Pel\u00edculas ganadoras del Work in Progress de ediciones anteriores:<\/em><\/h3>\n\n\n\n<ul class=\"wp-block-list\">\n<li><em>Bolet\u00edn interno<\/em>\u00a0\u2013 Meri Franco Mao<\/li>\n\n\n\n<li><em>Cuidadoras<\/em>\u00a0\u2013 Martina Matzkin y Gabriela Uassouf<\/li>\n\n\n\n<li><em>Medea<\/em>\u00a0\u2013 Lara Seijas<\/li>\n\n\n\n<li><em>Wacay, mujeres del tabacal<\/em>\u00a0\u2013 Bel\u00e9n Revollo<\/li>\n\n\n\n<li><em>La hija del no<\/em>\u00a0\u2013 Silvina Hermosa<\/li>\n\n\n\n<li><em>Mala sangre<\/em>\u00a0\u2013 Gisela S\u00e1nchez<\/li>\n\n\n\n<li><em>Tierra Citrus<\/em>\u00a0\u2013 Ayel\u00e9n Ag\u00fcero<\/li>\n\n\n\n<li><em>El sue\u00f1o imposible<\/em>\u00a0\u2013 Paula Romero<br>\u00a0Cortometrajes y VideominutosLa programaci\u00f3n tambi\u00e9n incluye:<\/li>\n\n\n\n<li><strong>33\u00a0cortometrajes nacionales en concurso<\/strong><\/li>\n\n\n\n<li><strong>21 videominutos<\/strong><br>\u00a0Panorama InternacionalEstrenos de las pel\u00edculas m\u00e1s destacadas en el \u00faltimo a\u00f1o.<\/li>\n\n\n\n<li><em>Memoria de un cuerpo que arde<\/em>\u00a0\u2013 Antonella Sudasassi Furniss (Costa Rica)<\/li>\n\n\n\n<li><em>Senhoritas<\/em>\u00a0\u2013 Mykaela Plotkin (Brasil)<\/li>\n\n\n\n<li><em>La falla<\/em>\u00a0\u2013 Alana Sim\u00f5es (M\u00e9xico)<\/li>\n\n\n\n<li><em>Un amor<\/em>\u00a0\u2013 Isabel Coixet (Espa\u00f1a)<\/li>\n\n\n\n<li><em>Salve Maria<\/em>\u00a0\u2013 Maria Coll (Espa\u00f1a)<\/li>\n\n\n\n<li><em>Mientras seas t\u00fa<\/em>\u00a0\u2013 Claudia Pinto (Espa\u00f1a)<\/li>\n<\/ul>\n\n\n\n<p>Adem\u00e1s, se presentar\u00e1 el ciclo\u00a0<strong>\u201cUne femme est une femme\u201d<\/strong>, dedicado a las pioneras del cine franc\u00e9s.<\/p>\n\n\n\n<p><strong>JURADOS<\/strong><\/p>\n\n\n\n<p><strong>Largometraje Panorama Nacional<\/strong><br>\u00a0Liliana Mazure, Cristina Banegas y Estela D\u00edaz<br><br><strong><em>Premio Eva Landek otorgado \u00a0por el Ministerio de Mujeres y Diversidad de la Provincia de\u00a0Bs. As.<\/em><\/strong><\/p>\n\n\n\n<p><strong>Cortometrajes<\/strong><br>Mar\u00eda Alch\u00e9, Sebasti\u00e1n De Caro, Lorena Vega, Vanina Spataro<br>y<strong>\u00a0<\/strong>Mar\u00eda Victoria Menis<\/p>\n\n\n\n<p><strong>Videominuto<\/strong><br>Paula Morel Kristof, Silvina Hermosa, Toia Bonino<\/p>\n\n\n\n<p><em><strong>Premio Sara Facio Graciela Garc\u00eda Romero<\/strong><\/em><\/p>\n\n\n\n<p><strong>Work in Progress<\/strong><br>Mart\u00edn Grignaschi, Gustavo Pomeranec, Mercedes Rizzuti, Gisela Chicolino, Gabriel Lahaye, Franca Gonz\u00e1lez, Carolina \u00c1lvarez<\/p>\n\n\n\n<p><strong>La Mujer y el Cine:<\/strong><br><strong>37 a\u00f1os impulsando&nbsp;a las directoras y mujeres del audiovisual&nbsp;<\/strong><\/p>\n\n\n\n<p>La Mujer y el Cine naci\u00f3 en abril de 1988, durante el primer Festival Internacional de Cine Realizado por Mujeres en Mar del Plata. Su creaci\u00f3n fue el fruto del esfuerzo de mujeres comprometidas con la cultura y con el cine, guiadas por la convicci\u00f3n de abrir espacios en un \u00e1mbito que hasta entonces era casi exclusivamente masculino.<\/p>\n\n\n\n<p>Desde entonces, la agrupaci\u00f3n se dedica a\u00a0<strong>promover y difundir el cine realizado por mujeres<\/strong>, generando acciones concretas para estimular la participaci\u00f3n femenina en todas las etapas de la realizaci\u00f3n cinematogr\u00e1fica.<br><br>A\u00f1o tras a\u00f1o, sostiene su festival para que las cineastas tengan un lugar donde mostrar y compartir sus pel\u00edculas: cortometrajes, largometrajes de ficci\u00f3n y documentales, consolidando un espacio de visibilidad, creatividad y resistencia.<br><strong>\u00a0<\/strong><\/p>\n\n\n\n<p><strong>STAFF DEL FESTIVAL<br>37\u00ba Edici\u00f3n<\/strong><\/p>\n\n\n\n<p>Directora: Annamar\u00eda Muchnik<br>Productora General: Vanina Spataro<br>Relaciones Institucionales: Sabrina Farji<br>Directora Work in Progress: Mar\u00eda Victoria Menis<br>Curadur\u00eda Work in Progress: Sabrina Farji, Vanina Spataro y Blanca Monz\u00f3n<br>Programaci\u00f3n Panorama Nacional: Blanca Monz\u00f3n<br>Programaci\u00f3n Panorama Internacional: Annamar\u00eda Muchnik, Sabrina Farji, Vanina Spataro<br>Conducci\u00f3n Ceremonia Premiaci\u00f3n: Victoria Carreras<br>Producci\u00f3n: Gisela S\u00e1nchez Colaboraci\u00f3n en Producci\u00f3n: Memi Bustamante, Olivia Burlo, Celeste Larra\u00edn, Lara D\u00edaz Varas<br>Dise\u00f1o: ZkySky Valeria Dulitzky y Julieta Ulanovsky<br>Colaboraci\u00f3n en Dise\u00f1o y Diagramaci\u00f3n: Zoe Trilnick<br>Tipograf\u00eda Inge: Fer Cozzi<br>Web: Fernando Casale<br>Audiovisuales: Animaci\u00f3n Martina Pesaro\u00a0<br>Direcci\u00f3n: Sabrina Farji, Producci\u00f3n: Vanina Spataro<br>Prensa y Difusi\u00f3n: Anal\u00eda S\u00e1nchez\u00a0<br>Comunicaci\u00f3n y Redes Sociales: Carolina Otero<\/p>\n","protected":false},"excerpt":{"rendered":"","protected":false},"author":5,"featured_media":17082,"comment_status":"open","ping_status":"open","sticky":false,"template":"","format":"standard","meta":{"om_disable_all_campaigns":false,"_uf_show_specific_survey":0,"_uf_disable_surveys":false,"footnotes":""},"categories":[9,34],"tags":[],"class_list":["post-17081","post","type-post","status-publish","format-standard","has-post-thumbnail","hentry","category-cine-y-teatro","category-ultimas-noticias"],"_links":{"self":[{"href":"https:\/\/entrenotasyacordes.com\/index.php?rest_route=\/wp\/v2\/posts\/17081","targetHints":{"allow":["GET"]}}],"collection":[{"href":"https:\/\/entrenotasyacordes.com\/index.php?rest_route=\/wp\/v2\/posts"}],"about":[{"href":"https:\/\/entrenotasyacordes.com\/index.php?rest_route=\/wp\/v2\/types\/post"}],"author":[{"embeddable":true,"href":"https:\/\/entrenotasyacordes.com\/index.php?rest_route=\/wp\/v2\/users\/5"}],"replies":[{"embeddable":true,"href":"https:\/\/entrenotasyacordes.com\/index.php?rest_route=%2Fwp%2Fv2%2Fcomments&post=17081"}],"version-history":[{"count":1,"href":"https:\/\/entrenotasyacordes.com\/index.php?rest_route=\/wp\/v2\/posts\/17081\/revisions"}],"predecessor-version":[{"id":17083,"href":"https:\/\/entrenotasyacordes.com\/index.php?rest_route=\/wp\/v2\/posts\/17081\/revisions\/17083"}],"wp:featuredmedia":[{"embeddable":true,"href":"https:\/\/entrenotasyacordes.com\/index.php?rest_route=\/wp\/v2\/media\/17082"}],"wp:attachment":[{"href":"https:\/\/entrenotasyacordes.com\/index.php?rest_route=%2Fwp%2Fv2%2Fmedia&parent=17081"}],"wp:term":[{"taxonomy":"category","embeddable":true,"href":"https:\/\/entrenotasyacordes.com\/index.php?rest_route=%2Fwp%2Fv2%2Fcategories&post=17081"},{"taxonomy":"post_tag","embeddable":true,"href":"https:\/\/entrenotasyacordes.com\/index.php?rest_route=%2Fwp%2Fv2%2Ftags&post=17081"}],"curies":[{"name":"wp","href":"https:\/\/api.w.org\/{rel}","templated":true}]}}