{"id":17084,"date":"2025-09-05T17:46:22","date_gmt":"2025-09-05T17:46:22","guid":{"rendered":"https:\/\/entrenotasyacordes.com\/?p=17084"},"modified":"2025-09-05T17:46:23","modified_gmt":"2025-09-05T17:46:23","slug":"las-pelotas-6x6-muda-su-show-a-obras-al-aire-libre-sabado-18-de-octubre","status":"publish","type":"post","link":"https:\/\/entrenotasyacordes.com\/?p=17084","title":{"rendered":"LAS PELOTAS 6X6 muda su show a OBRAS: \u00a1AL AIRE LIBRE! S\u00e1bado 18 de octubre"},"content":{"rendered":"\n<!--more-->\n\n\n<div class=\"wp-block-image\">\n<figure class=\"aligncenter size-full\"><img loading=\"lazy\" decoding=\"async\" width=\"900\" height=\"1600\" src=\"https:\/\/entrenotasyacordes.com\/wp-content\/uploads\/2025\/09\/0f26b421-73f6-acab-1862-d705272daf01.jpg\" alt=\"\" class=\"wp-image-17085\" srcset=\"https:\/\/entrenotasyacordes.com\/wp-content\/uploads\/2025\/09\/0f26b421-73f6-acab-1862-d705272daf01.jpg 900w, https:\/\/entrenotasyacordes.com\/wp-content\/uploads\/2025\/09\/0f26b421-73f6-acab-1862-d705272daf01-169x300.jpg 169w, https:\/\/entrenotasyacordes.com\/wp-content\/uploads\/2025\/09\/0f26b421-73f6-acab-1862-d705272daf01-576x1024.jpg 576w, https:\/\/entrenotasyacordes.com\/wp-content\/uploads\/2025\/09\/0f26b421-73f6-acab-1862-d705272daf01-768x1365.jpg 768w, https:\/\/entrenotasyacordes.com\/wp-content\/uploads\/2025\/09\/0f26b421-73f6-acab-1862-d705272daf01-864x1536.jpg 864w\" sizes=\"auto, (max-width: 900px) 100vw, 900px\" \/><\/figure>\n<\/div>\n\n\n<p class=\"has-text-align-left\"><strong>LAS PELOTAS<\/strong>&nbsp;festeja sus 36 a\u00f1os de carrera y se muda a un gran espect\u00e1culo en Obras al aire libre y su gira por todo el pa\u00eds.&nbsp;<\/p>\n\n\n\n<p class=\"has-text-align-center\"><strong>LAS PELOTAS<\/strong><br><strong>S\u00c1BADO 18 DE OCTUBRE<\/strong><br><strong>&#8211; OBRAS AL AIRE LIBRE &#8211;<\/strong><br>ENTRADAS A LA VENTA POR COOLCO<\/p>\n\n\n\n<p>El pr\u00f3ximo 18 de octubre, en sus shows ya programados, la banda liderada por German Daffunchio se muda a Obras al aire Libre. <strong>Las entradas ya adquiridas para Tecn\u00f3polis son v\u00e1lidas y no es necesario hacer ninguna gesti\u00f3n para el cambio.<\/strong><\/p>\n\n\n\n<p class=\"has-text-align-center\"><strong>GIRA NACIONAL<\/strong><br>12 de Septiembre. C\u00f3rdoba<br>13 de Septiembre. Rafaela<br>3 de octubre. Salta<br>4 de octubre. Tucum\u00e1n<br>18 de Octubre. Buenos Aires<br>14 de Noviembre. Misiones<br>15 de Noviembre. Corrientes<br>29 de Noviembre. Uruguay<\/p>\n\n\n\n<p><strong>LAS PELOTAS<\/strong><br>German Daffunchio &#8211; Voz, guitarras.<br>Gabriela Mart\u00ednez &#8211; Bajo, coros.<br>Tom\u00e1s Sussmann \u2013 Guitarras.<br>Sebasti\u00e1n Schachtel \u2013 Teclados.<br>Gustavo Jove \u2013 Bater\u00eda.<br>Gaspar Daffunchio &#8211; Guitarras<br>Alejandro Gomez Ferrero &#8211; Trompeta, coros, percusi\u00f3n<\/p>\n","protected":false},"excerpt":{"rendered":"","protected":false},"author":5,"featured_media":17085,"comment_status":"open","ping_status":"open","sticky":false,"template":"","format":"standard","meta":{"om_disable_all_campaigns":false,"_uf_show_specific_survey":0,"_uf_disable_surveys":false,"footnotes":""},"categories":[36],"tags":[],"class_list":["post-17084","post","type-post","status-publish","format-standard","has-post-thumbnail","hentry","category-conciertos"],"_links":{"self":[{"href":"https:\/\/entrenotasyacordes.com\/index.php?rest_route=\/wp\/v2\/posts\/17084","targetHints":{"allow":["GET"]}}],"collection":[{"href":"https:\/\/entrenotasyacordes.com\/index.php?rest_route=\/wp\/v2\/posts"}],"about":[{"href":"https:\/\/entrenotasyacordes.com\/index.php?rest_route=\/wp\/v2\/types\/post"}],"author":[{"embeddable":true,"href":"https:\/\/entrenotasyacordes.com\/index.php?rest_route=\/wp\/v2\/users\/5"}],"replies":[{"embeddable":true,"href":"https:\/\/entrenotasyacordes.com\/index.php?rest_route=%2Fwp%2Fv2%2Fcomments&post=17084"}],"version-history":[{"count":1,"href":"https:\/\/entrenotasyacordes.com\/index.php?rest_route=\/wp\/v2\/posts\/17084\/revisions"}],"predecessor-version":[{"id":17086,"href":"https:\/\/entrenotasyacordes.com\/index.php?rest_route=\/wp\/v2\/posts\/17084\/revisions\/17086"}],"wp:featuredmedia":[{"embeddable":true,"href":"https:\/\/entrenotasyacordes.com\/index.php?rest_route=\/wp\/v2\/media\/17085"}],"wp:attachment":[{"href":"https:\/\/entrenotasyacordes.com\/index.php?rest_route=%2Fwp%2Fv2%2Fmedia&parent=17084"}],"wp:term":[{"taxonomy":"category","embeddable":true,"href":"https:\/\/entrenotasyacordes.com\/index.php?rest_route=%2Fwp%2Fv2%2Fcategories&post=17084"},{"taxonomy":"post_tag","embeddable":true,"href":"https:\/\/entrenotasyacordes.com\/index.php?rest_route=%2Fwp%2Fv2%2Ftags&post=17084"}],"curies":[{"name":"wp","href":"https:\/\/api.w.org\/{rel}","templated":true}]}}