{"id":17138,"date":"2025-09-09T14:23:16","date_gmt":"2025-09-09T14:23:16","guid":{"rendered":"https:\/\/entrenotasyacordes.com\/?p=17138"},"modified":"2025-09-09T14:23:17","modified_gmt":"2025-09-09T14:23:17","slug":"sophie-oliver-lanza-su-nuevo-single-touch-me-baby","status":"publish","type":"post","link":"https:\/\/entrenotasyacordes.com\/?p=17138","title":{"rendered":"Sophie Oliver Lanza su Nuevo Single \u00abTouch Me Baby\u00bb"},"content":{"rendered":"\n<blockquote class=\"wp-block-quote is-layout-flow wp-block-quote-is-layout-flow\">\n<blockquote class=\"wp-block-quote is-layout-flow wp-block-quote-is-layout-flow\">\n<blockquote class=\"wp-block-quote is-layout-flow wp-block-quote-is-layout-flow\"><\/blockquote>\n<\/blockquote>\n<\/blockquote>\n\n\n\n<!--more-->\n\n\n<div class=\"wp-block-image\">\n<figure class=\"aligncenter size-full\"><img loading=\"lazy\" decoding=\"async\" width=\"1080\" height=\"1350\" src=\"https:\/\/entrenotasyacordes.com\/wp-content\/uploads\/2025\/09\/image-12.png\" alt=\"\" class=\"wp-image-17139\" srcset=\"https:\/\/entrenotasyacordes.com\/wp-content\/uploads\/2025\/09\/image-12.png 1080w, https:\/\/entrenotasyacordes.com\/wp-content\/uploads\/2025\/09\/image-12-240x300.png 240w, https:\/\/entrenotasyacordes.com\/wp-content\/uploads\/2025\/09\/image-12-819x1024.png 819w, https:\/\/entrenotasyacordes.com\/wp-content\/uploads\/2025\/09\/image-12-768x960.png 768w, https:\/\/entrenotasyacordes.com\/wp-content\/uploads\/2025\/09\/image-12-1024x1280.png 1024w\" sizes=\"auto, (max-width: 1080px) 100vw, 1080px\" \/><\/figure>\n<\/div>\n\n\n<p class=\"has-text-align-left\">La artista argentina Sophie Oliver presenta su nuevo single \u00abTouch Me Baby\u00bb, un tema que refleja su esencia art\u00edstica ligada al pop y a las canciones mel\u00f3dicas con mensaje.<\/p>\n\n\n\n<p>Producido por el reconocido productor Ronnie King (The Offspring, Snoop Dogg, Mariah Carey) en California. Finalizada en Buenos Aires con Gustavo Buchiniz y Agust\u00edn Della Croce, quienes tambi\u00e9n acompa\u00f1an a Sophie en sus shows en vivo. Es un tema que relata una&nbsp;mezcla de deseo, imaginaci\u00f3n y sensibilidad es el coraz\u00f3n de Touch Me Baby. Un deseo que va m\u00e1s all\u00e1 de las mariposas en el est\u00f3mago.<\/p>\n\n\n\n<p>\u201cEl tema naci\u00f3 tras casi una semana de convivencia con personas que no conoc\u00eda previamente. Como cada canci\u00f3n del disco, tiene su historia y su motivo. En este caso, surgi\u00f3 del deseo, la nostalgia y la necesidad de conexi\u00f3n f\u00edsica y emocional. Extra\u00f1aba el calor humano, a mi pareja, y me refugi\u00e9 en la memoria sensorial de esos primeros encuentros que erizan la piel\u201d.<\/p>\n\n\n\n<p>\u201cEncerrada, sin salir ni siquiera a tomar aire fresco, me dej\u00e9 llevar por la imaginaci\u00f3n: me vi en una disco con est\u00e9tica ochentosa, envuelta en luces y sintetizadores, observando a esa persona que me atrae, deseando su contacto, anticipando el roce de sus manos sobre mi cuerpo.\u201d<\/p>\n\n\n\n<p><strong>Biograf\u00eda \u2013 Sophie Oliver en primera persona<\/strong><\/p>\n\n\n\n<p>Desde muy joven, la m\u00fasica ha sido el motor de mi vida. Comenc\u00e9 mi carrera a los 14 a\u00f1os como parte del programa televisivo Cantan\u00ed\u00f1os, donde obtuve mi primer Disco de Oro. A los 19, fui seleccionada para High School Musical: El Desaf\u00edo, lo que marc\u00f3 el inicio de una colaboraci\u00f3n de seis a\u00f1os con Disney. Durante ese tiempo, recib\u00ed otros tres Discos de Oro y me form\u00e9 profesionalmente en la m\u00fasica y la actuaci\u00f3n, lo que sent\u00f3 las bases de mi carrera.<\/p>\n\n\n\n<p>Tras esa etapa, decid\u00ed continuar mi camino como artista independiente, un desaf\u00edo enorme luego de contar con el respaldo de una estructura tan grande. Form\u00e9 parte de distintos proyectos, entre ellos la banda Oliviah (2010\u20132013), y actualmente soy vocalista en Brixton Cumbia Association, un proyecto colectivo de cumbia con base en Londres. Sin embargo, mi esencia art\u00edstica siempre estuvo ligada al pop y a las canciones mel\u00f3dicas con mensaje.<\/p>\n\n\n\n<p>En 2021 lanc\u00e9 mi primer \u00e1lbum como solista, Otra vez me levant\u00e9, un trabajo profundamente emocional. Hoy presento mi segundo disco: To Space, un proyecto m\u00e1s introspectivo y personal, con diez canciones mayormente en ingl\u00e9s. Muchas de ellas nacieron durante un retiro creativo en plena naturaleza, donde me aisl\u00e9 durante tres semanas para escribir y componer. La producci\u00f3n se inici\u00f3 en California junto al reconocido productor Ronnie King (The Offspring, Snoop Dogg, Mariah Carey), y finaliz\u00f3 en Buenos Aires con Gustavo Buchiniz y Agust\u00edn Della Croce, quienes tambi\u00e9n me acompa\u00f1an en los shows en vivo.<\/p>\n\n\n\n<p>To Space es un viaje sonoro hacia lo interno y lo infinito. Habla de no bajar los brazos, de confiar en uno mismo, de atravesar los procesos personales con fuerza y sensibilidad. Aunque pueda sonar a clich\u00e9, muchas veces necesitamos recordarnos que podemos volver a empezar. Esta m\u00fasica naci\u00f3 de esa necesidad, y espero que quien la escuche tambi\u00e9n pueda encontrar algo de eso en ella.<\/p>\n","protected":false},"excerpt":{"rendered":"","protected":false},"author":5,"featured_media":17139,"comment_status":"open","ping_status":"open","sticky":false,"template":"","format":"standard","meta":{"om_disable_all_campaigns":false,"_uf_show_specific_survey":0,"_uf_disable_surveys":false,"footnotes":""},"categories":[4],"tags":[],"class_list":["post-17138","post","type-post","status-publish","format-standard","has-post-thumbnail","hentry","category-musica"],"_links":{"self":[{"href":"https:\/\/entrenotasyacordes.com\/index.php?rest_route=\/wp\/v2\/posts\/17138","targetHints":{"allow":["GET"]}}],"collection":[{"href":"https:\/\/entrenotasyacordes.com\/index.php?rest_route=\/wp\/v2\/posts"}],"about":[{"href":"https:\/\/entrenotasyacordes.com\/index.php?rest_route=\/wp\/v2\/types\/post"}],"author":[{"embeddable":true,"href":"https:\/\/entrenotasyacordes.com\/index.php?rest_route=\/wp\/v2\/users\/5"}],"replies":[{"embeddable":true,"href":"https:\/\/entrenotasyacordes.com\/index.php?rest_route=%2Fwp%2Fv2%2Fcomments&post=17138"}],"version-history":[{"count":1,"href":"https:\/\/entrenotasyacordes.com\/index.php?rest_route=\/wp\/v2\/posts\/17138\/revisions"}],"predecessor-version":[{"id":17140,"href":"https:\/\/entrenotasyacordes.com\/index.php?rest_route=\/wp\/v2\/posts\/17138\/revisions\/17140"}],"wp:featuredmedia":[{"embeddable":true,"href":"https:\/\/entrenotasyacordes.com\/index.php?rest_route=\/wp\/v2\/media\/17139"}],"wp:attachment":[{"href":"https:\/\/entrenotasyacordes.com\/index.php?rest_route=%2Fwp%2Fv2%2Fmedia&parent=17138"}],"wp:term":[{"taxonomy":"category","embeddable":true,"href":"https:\/\/entrenotasyacordes.com\/index.php?rest_route=%2Fwp%2Fv2%2Fcategories&post=17138"},{"taxonomy":"post_tag","embeddable":true,"href":"https:\/\/entrenotasyacordes.com\/index.php?rest_route=%2Fwp%2Fv2%2Ftags&post=17138"}],"curies":[{"name":"wp","href":"https:\/\/api.w.org\/{rel}","templated":true}]}}