{"id":17141,"date":"2025-09-09T14:30:52","date_gmt":"2025-09-09T14:30:52","guid":{"rendered":"https:\/\/entrenotasyacordes.com\/?p=17141"},"modified":"2025-09-09T14:30:53","modified_gmt":"2025-09-09T14:30:53","slug":"se-agoto-la-preventa-la-fiesta-de-disfraces-2025-sigue-con-todo-rumbo-a-san-nicolas","status":"publish","type":"post","link":"https:\/\/entrenotasyacordes.com\/?p=17141","title":{"rendered":"\u00a1Se agot\u00f3 la preventa! La Fiesta de Disfraces 2025 sigue con todo rumbo a San Nicol\u00e1s"},"content":{"rendered":"\n<!--more-->\n\n\n\n<p class=\"has-text-align-center\"><strong>La Fiesta de Disfraces m\u00e1s grande de Latinoam\u00e9rica inicia una nueva era: por primera vez sale de Paran\u00e1 y se prepara para encender el Aut\u00f3dromo y Predio Ferial de San Nicol\u00e1s (Km 225 Autopista Buenos Aires &#8211; Rosario, San Nicol\u00e1s de los Arroyos, Buenos Aires, Argentina) el s\u00e1bado 15 de noviembre a las 21:00.<\/strong><\/p>\n\n\n<div class=\"wp-block-image\">\n<figure class=\"aligncenter size-full\"><img loading=\"lazy\" decoding=\"async\" width=\"2048\" height=\"1367\" src=\"https:\/\/entrenotasyacordes.com\/wp-content\/uploads\/2025\/09\/1757018592138-Fiesta-de-Disfraces-Parana-San-Nicolas.jpeg\" alt=\"\" class=\"wp-image-17142\" srcset=\"https:\/\/entrenotasyacordes.com\/wp-content\/uploads\/2025\/09\/1757018592138-Fiesta-de-Disfraces-Parana-San-Nicolas.jpeg 2048w, https:\/\/entrenotasyacordes.com\/wp-content\/uploads\/2025\/09\/1757018592138-Fiesta-de-Disfraces-Parana-San-Nicolas-300x200.jpeg 300w, https:\/\/entrenotasyacordes.com\/wp-content\/uploads\/2025\/09\/1757018592138-Fiesta-de-Disfraces-Parana-San-Nicolas-1024x684.jpeg 1024w, https:\/\/entrenotasyacordes.com\/wp-content\/uploads\/2025\/09\/1757018592138-Fiesta-de-Disfraces-Parana-San-Nicolas-768x513.jpeg 768w, https:\/\/entrenotasyacordes.com\/wp-content\/uploads\/2025\/09\/1757018592138-Fiesta-de-Disfraces-Parana-San-Nicolas-1536x1025.jpeg 1536w\" sizes=\"auto, (max-width: 2048px) 100vw, 2048px\" \/><\/figure>\n<\/div>\n\n\n<p><strong>\ud83d\udd25 La preventa vol\u00f3\u2026 \u00a1pero la fiesta reci\u00e9n empieza!<\/strong><\/p>\n\n\n\n<p>Los tickets de preventa ya se agotaron en tiempo r\u00e9cord, reflejo del entusiasmo que genera este verdadero ritual colectivo. Pero todav\u00eda pod\u00e9s ser parte: la venta general ya est\u00e1 activa, y cada vez m\u00e1s cerca de vivir una experiencia \u00fanica que combina creatividad, m\u00fasica, disfraces y libertad.<\/p>\n\n\n\n<p><strong>\ud83d\udcb3\u00a0Si ten\u00e9s tarjetas del Banco Provincia, pod\u00e9s aprovechar beneficios exclusivos:<\/strong><br>&#8211; 10% de descuento en tu entrada<br>&#8211; 4 cuotas sin inter\u00e9s<\/p>\n\n\n\n<p><strong>Una oportunidad ideal para asegurarte tu lugar en la fiesta m\u00e1s esperada del a\u00f1o.<\/strong><\/p>\n\n\n<div class=\"wp-block-image\">\n<figure class=\"aligncenter size-full\"><img loading=\"lazy\" decoding=\"async\" width=\"1081\" height=\"1921\" src=\"https:\/\/entrenotasyacordes.com\/wp-content\/uploads\/2025\/09\/1755691248534-FDD_01.jpg\" alt=\"\" class=\"wp-image-17143\" srcset=\"https:\/\/entrenotasyacordes.com\/wp-content\/uploads\/2025\/09\/1755691248534-FDD_01.jpg 1081w, https:\/\/entrenotasyacordes.com\/wp-content\/uploads\/2025\/09\/1755691248534-FDD_01-169x300.jpg 169w, https:\/\/entrenotasyacordes.com\/wp-content\/uploads\/2025\/09\/1755691248534-FDD_01-576x1024.jpg 576w, https:\/\/entrenotasyacordes.com\/wp-content\/uploads\/2025\/09\/1755691248534-FDD_01-768x1365.jpg 768w, https:\/\/entrenotasyacordes.com\/wp-content\/uploads\/2025\/09\/1755691248534-FDD_01-864x1536.jpg 864w, https:\/\/entrenotasyacordes.com\/wp-content\/uploads\/2025\/09\/1755691248534-FDD_01-1024x1820.jpg 1024w\" sizes=\"auto, (max-width: 1081px) 100vw, 1081px\" \/><\/figure>\n<\/div>\n\n\n<p><strong>San Nicol\u00e1s 2025: Un nuevo cap\u00edtulo, la misma energ\u00eda<\/strong><\/p>\n\n\n\n<p>Despu\u00e9s de m\u00e1s de 20 a\u00f1os haciendo historia en Entre R\u00edos, la FDD abre un nuevo ciclo con una infraestructura totalmente renovada y pensada para recibir a miles de personas de todo el pa\u00eds. Un evento que trasciende la m\u00fasica y la fiesta para transformarse en un fen\u00f3meno cultural sin comparaci\u00f3n.<\/p>\n\n\n\n<p><strong>De una chispa a un fuego nacional<\/strong><\/p>\n\n\n\n<p>Naci\u00f3 en 1999 como un festejo entre amigos, y hoy es una celebraci\u00f3n multitudinaria que convoca a m\u00e1s de 50.000 personas por edici\u00f3n. Declarada de Inter\u00e9s Cultural y Tur\u00edstico, la FDD sigue creciendo sin perder su esencia: la libertad de ser quien quieras ser, aunque sea solo por una noche.<\/p>\n\n\n\n<p><strong>Una fiesta que se vive en carne propia<\/strong><\/p>\n\n\n\n<p>En la FDD no hay etiquetas ni reglas, solo ganas de jugar, bailar, conectar y celebrar la diversidad. Un evento inclusivo que abraza todas las edades, con espacios dise\u00f1ados para vivir distintas experiencias, desde la fiesta m\u00e1s intensa hasta los encuentros m\u00e1s \u00edntimos.<\/p>\n\n\n<div class=\"wp-block-image\">\n<figure class=\"aligncenter size-full\"><img loading=\"lazy\" decoding=\"async\" width=\"2048\" height=\"1363\" src=\"https:\/\/entrenotasyacordes.com\/wp-content\/uploads\/2025\/09\/1757018851296-FDD-FOTO.jpeg\" alt=\"\" class=\"wp-image-17144\" srcset=\"https:\/\/entrenotasyacordes.com\/wp-content\/uploads\/2025\/09\/1757018851296-FDD-FOTO.jpeg 2048w, https:\/\/entrenotasyacordes.com\/wp-content\/uploads\/2025\/09\/1757018851296-FDD-FOTO-300x200.jpeg 300w, https:\/\/entrenotasyacordes.com\/wp-content\/uploads\/2025\/09\/1757018851296-FDD-FOTO-1024x682.jpeg 1024w, https:\/\/entrenotasyacordes.com\/wp-content\/uploads\/2025\/09\/1757018851296-FDD-FOTO-768x511.jpeg 768w, https:\/\/entrenotasyacordes.com\/wp-content\/uploads\/2025\/09\/1757018851296-FDD-FOTO-1536x1022.jpeg 1536w\" sizes=\"auto, (max-width: 2048px) 100vw, 2048px\" \/><\/figure>\n<\/div>","protected":false},"excerpt":{"rendered":"","protected":false},"author":5,"featured_media":17143,"comment_status":"open","ping_status":"open","sticky":false,"template":"","format":"standard","meta":{"om_disable_all_campaigns":false,"_uf_show_specific_survey":0,"_uf_disable_surveys":false,"footnotes":""},"categories":[34],"tags":[],"class_list":["post-17141","post","type-post","status-publish","format-standard","has-post-thumbnail","hentry","category-ultimas-noticias"],"_links":{"self":[{"href":"https:\/\/entrenotasyacordes.com\/index.php?rest_route=\/wp\/v2\/posts\/17141","targetHints":{"allow":["GET"]}}],"collection":[{"href":"https:\/\/entrenotasyacordes.com\/index.php?rest_route=\/wp\/v2\/posts"}],"about":[{"href":"https:\/\/entrenotasyacordes.com\/index.php?rest_route=\/wp\/v2\/types\/post"}],"author":[{"embeddable":true,"href":"https:\/\/entrenotasyacordes.com\/index.php?rest_route=\/wp\/v2\/users\/5"}],"replies":[{"embeddable":true,"href":"https:\/\/entrenotasyacordes.com\/index.php?rest_route=%2Fwp%2Fv2%2Fcomments&post=17141"}],"version-history":[{"count":1,"href":"https:\/\/entrenotasyacordes.com\/index.php?rest_route=\/wp\/v2\/posts\/17141\/revisions"}],"predecessor-version":[{"id":17145,"href":"https:\/\/entrenotasyacordes.com\/index.php?rest_route=\/wp\/v2\/posts\/17141\/revisions\/17145"}],"wp:featuredmedia":[{"embeddable":true,"href":"https:\/\/entrenotasyacordes.com\/index.php?rest_route=\/wp\/v2\/media\/17143"}],"wp:attachment":[{"href":"https:\/\/entrenotasyacordes.com\/index.php?rest_route=%2Fwp%2Fv2%2Fmedia&parent=17141"}],"wp:term":[{"taxonomy":"category","embeddable":true,"href":"https:\/\/entrenotasyacordes.com\/index.php?rest_route=%2Fwp%2Fv2%2Fcategories&post=17141"},{"taxonomy":"post_tag","embeddable":true,"href":"https:\/\/entrenotasyacordes.com\/index.php?rest_route=%2Fwp%2Fv2%2Ftags&post=17141"}],"curies":[{"name":"wp","href":"https:\/\/api.w.org\/{rel}","templated":true}]}}