{"id":17146,"date":"2025-09-09T14:37:20","date_gmt":"2025-09-09T14:37:20","guid":{"rendered":"https:\/\/entrenotasyacordes.com\/?p=17146"},"modified":"2025-09-09T14:37:21","modified_gmt":"2025-09-09T14:37:21","slug":"caetano-evon-presenta-medias-gruesas-de-lana-su-primer-trabajo-discografico","status":"publish","type":"post","link":"https:\/\/entrenotasyacordes.com\/?p=17146","title":{"rendered":"CAETANO EVON presenta MEDIAS GRUESAS DE LANA su primer trabajo discogr\u00e1fico"},"content":{"rendered":"\n<!--more-->\n\n\n<div class=\"wp-block-image\">\n<figure class=\"aligncenter size-full is-resized\"><img loading=\"lazy\" decoding=\"async\" width=\"700\" height=\"700\" src=\"https:\/\/entrenotasyacordes.com\/wp-content\/uploads\/2025\/09\/1757029449257-MEDIAS-GRUESAS-DE-LANA-arte-tapa.jpg\" alt=\"\" class=\"wp-image-17147\" style=\"width:634px;height:auto\" srcset=\"https:\/\/entrenotasyacordes.com\/wp-content\/uploads\/2025\/09\/1757029449257-MEDIAS-GRUESAS-DE-LANA-arte-tapa.jpg 700w, https:\/\/entrenotasyacordes.com\/wp-content\/uploads\/2025\/09\/1757029449257-MEDIAS-GRUESAS-DE-LANA-arte-tapa-300x300.jpg 300w, https:\/\/entrenotasyacordes.com\/wp-content\/uploads\/2025\/09\/1757029449257-MEDIAS-GRUESAS-DE-LANA-arte-tapa-150x150.jpg 150w, https:\/\/entrenotasyacordes.com\/wp-content\/uploads\/2025\/09\/1757029449257-MEDIAS-GRUESAS-DE-LANA-arte-tapa-50x50.jpg 50w\" sizes=\"auto, (max-width: 700px) 100vw, 700px\" \/><\/figure>\n<\/div>\n\n\n<p class=\"has-text-align-left\">Caetano Evon presenta \u00abMedias Gruesas de Lana\u00bb, su \u00e1lbum debut.<\/p>\n\n\n\n<p>Contiene 10 tracks que transitan un car\u00e1cter coloquial y despojado, introspectivo y emotivo, con canciones que exploran la identidad personal, los v\u00ednculos y la nostalgia a trav\u00e9s de la lente de la ternura.<\/p>\n\n\n\n<p>Coproducido con Juanito El Cantor y masterizado por Andres Mayo.<\/p>\n\n\n\n<p>Sus influencias musicales van desde El mat\u00f3&#8230;, Mar\u00eda Pien, Francisca y Los Exploradores, Luca Bocci, Chechi de Marcos, Tarsitano entre los nacionales, a Sufjan Stevens, Elliot Smith, Julia Jacklin, Medium Build, Andy Shauf y Jake Minch entre los internacionales.<\/p>\n\n\n\n<p><em>\u00abMi misi\u00f3n es abrir mi coraz\u00f3n, entregarme desarmado, y que eso viaje en la canci\u00f3n y abra tu coraz\u00f3n. Revalorizar la ternura y la transparencia. Que te ayude a duelar, a llorar, a dar m\u00e1s abrazos, a que mandes ese mensaje de amor que ven\u00eds posponiendo.<\/em><\/p>\n\n\n\n<p><em>Sentir que este disco puede ser un lugar seguro al que si necesit\u00e1s ir est\u00e1 ah\u00ed, no te va a juzgar, no te pide nada. Creo mucho en la fuerza de la introspecci\u00f3n. Alguien que logra juntar el coraje para descubrirse, para revisar su historia personal, sus miedos, va a ser m\u00e1s emp\u00e1tico, m\u00e1s amoroso, m\u00e1s compasivo.\u00bb&nbsp; &nbsp; &nbsp; &nbsp; &nbsp; &nbsp; &nbsp; &nbsp; &nbsp; &nbsp; &nbsp; &nbsp; &nbsp; &nbsp; &nbsp; &nbsp; &nbsp; &nbsp; &nbsp; &nbsp; &nbsp; &nbsp; &nbsp; &nbsp; &nbsp; &nbsp; &nbsp; &nbsp; &nbsp; &nbsp; &nbsp; &nbsp; &nbsp; &nbsp; &nbsp; &nbsp; &nbsp; &nbsp; &nbsp; &nbsp; &nbsp; &nbsp; &nbsp; &nbsp; &nbsp; &nbsp; &nbsp; &nbsp; &nbsp; &nbsp; &nbsp; &nbsp; &nbsp; &nbsp; &nbsp; &nbsp; &nbsp; &nbsp; &nbsp; &nbsp; &nbsp; &nbsp; &nbsp; &nbsp; &nbsp; &nbsp; &nbsp; &nbsp; &nbsp; &nbsp; &nbsp;Caetano Evon<\/em><\/p>\n\n\n\n<p class=\"has-text-align-left\">Con este primer trabajo, Caetano Evon se inserta en la escena musical desde la originalidad de sus melodias y composiciones demostrando un nuevo sonido en el que nos convida a mirar hacia adentro, a transitar nuestros silencios de un modo diferente.<\/p>\n\n\n\n<figure class=\"wp-block-embed is-type-video is-provider-youtube wp-block-embed-youtube wp-embed-aspect-16-9 wp-has-aspect-ratio\"><div class=\"wp-block-embed__wrapper\">\n<div class=\"epyt-video-wrapper\"><iframe loading=\"lazy\"  id=\"_ytid_14618\"  width=\"640\" height=\"360\"  data-origwidth=\"640\" data-origheight=\"360\" src=\"https:\/\/www.youtube.com\/embed\/eaSzAocBGZk?enablejsapi=1&#038;autoplay=0&#038;cc_load_policy=0&#038;cc_lang_pref=&#038;iv_load_policy=1&#038;loop=0&#038;rel=1&#038;fs=1&#038;playsinline=0&#038;autohide=2&#038;theme=dark&#038;color=white&#038;controls=1&#038;\" class=\"__youtube_prefs__  epyt-is-override  no-lazyload\" data-vol=\"50\"  title=\"YouTube player\"  allow=\"fullscreen; accelerometer; autoplay; clipboard-write; encrypted-media; gyroscope; picture-in-picture; web-share\" referrerpolicy=\"strict-origin-when-cross-origin\" allowfullscreen data-no-lazy=\"1\" data-skipgform_ajax_framebjll=\"\"><\/iframe><\/div>\n<\/div><\/figure>\n\n\n\n<p>B\u00edo:<\/p>\n\n\n\n<p>\u00abEscritor amateur, ex m\u00fasico de jazz y cantante principiante. Soy pianista pero estoy peleado con el piano.&nbsp; Soy argentino pero nac\u00ed en Estados Unidos. Largu\u00e9 el conservatorio para escribir canciones tiernas y crudas y sinceras. Escribo porque lo necesito, porque quiero, porque me nutre, porque siento que lo mejor que puedo regalarle a otra persona es una canci\u00f3n.\u00bb<\/p>\n\n\n\n<p>Despu\u00e9s de diez a\u00f1os estudiando cl\u00e1sico y jazz en el Conservatorio Manuel de Falla, Caetano decidi\u00f3 dejar la m\u00fasica acad\u00e9mica para apostar por sus propias canciones. Su camino como solista tom\u00f3 impulso tras asistir al taller de composici\u00f3n de Edgardo Cardozo, quien lo alent\u00f3 a grabar su primer disco. Durante el d\u00eda, es profesor de piano; por las noches, artista emergente que dedica su tiempo a componer, grabar y gestionar los desaf\u00edos de llevar adelante un proyecto independiente.<\/p>\n\n\n<div class=\"wp-block-image\">\n<figure class=\"aligncenter size-full is-resized\"><img loading=\"lazy\" decoding=\"async\" width=\"900\" height=\"600\" src=\"https:\/\/entrenotasyacordes.com\/wp-content\/uploads\/2025\/09\/1757004993795-caetano-evon-fotos.jpg\" alt=\"\" class=\"wp-image-17148\" style=\"width:792px;height:auto\" srcset=\"https:\/\/entrenotasyacordes.com\/wp-content\/uploads\/2025\/09\/1757004993795-caetano-evon-fotos.jpg 900w, https:\/\/entrenotasyacordes.com\/wp-content\/uploads\/2025\/09\/1757004993795-caetano-evon-fotos-300x200.jpg 300w, https:\/\/entrenotasyacordes.com\/wp-content\/uploads\/2025\/09\/1757004993795-caetano-evon-fotos-768x512.jpg 768w\" sizes=\"auto, (max-width: 900px) 100vw, 900px\" \/><\/figure>\n<\/div>","protected":false},"excerpt":{"rendered":"","protected":false},"author":5,"featured_media":17147,"comment_status":"open","ping_status":"open","sticky":false,"template":"","format":"standard","meta":{"om_disable_all_campaigns":false,"_uf_show_specific_survey":0,"_uf_disable_surveys":false,"footnotes":""},"categories":[4],"tags":[],"class_list":["post-17146","post","type-post","status-publish","format-standard","has-post-thumbnail","hentry","category-musica"],"_links":{"self":[{"href":"https:\/\/entrenotasyacordes.com\/index.php?rest_route=\/wp\/v2\/posts\/17146","targetHints":{"allow":["GET"]}}],"collection":[{"href":"https:\/\/entrenotasyacordes.com\/index.php?rest_route=\/wp\/v2\/posts"}],"about":[{"href":"https:\/\/entrenotasyacordes.com\/index.php?rest_route=\/wp\/v2\/types\/post"}],"author":[{"embeddable":true,"href":"https:\/\/entrenotasyacordes.com\/index.php?rest_route=\/wp\/v2\/users\/5"}],"replies":[{"embeddable":true,"href":"https:\/\/entrenotasyacordes.com\/index.php?rest_route=%2Fwp%2Fv2%2Fcomments&post=17146"}],"version-history":[{"count":1,"href":"https:\/\/entrenotasyacordes.com\/index.php?rest_route=\/wp\/v2\/posts\/17146\/revisions"}],"predecessor-version":[{"id":17149,"href":"https:\/\/entrenotasyacordes.com\/index.php?rest_route=\/wp\/v2\/posts\/17146\/revisions\/17149"}],"wp:featuredmedia":[{"embeddable":true,"href":"https:\/\/entrenotasyacordes.com\/index.php?rest_route=\/wp\/v2\/media\/17147"}],"wp:attachment":[{"href":"https:\/\/entrenotasyacordes.com\/index.php?rest_route=%2Fwp%2Fv2%2Fmedia&parent=17146"}],"wp:term":[{"taxonomy":"category","embeddable":true,"href":"https:\/\/entrenotasyacordes.com\/index.php?rest_route=%2Fwp%2Fv2%2Fcategories&post=17146"},{"taxonomy":"post_tag","embeddable":true,"href":"https:\/\/entrenotasyacordes.com\/index.php?rest_route=%2Fwp%2Fv2%2Ftags&post=17146"}],"curies":[{"name":"wp","href":"https:\/\/api.w.org\/{rel}","templated":true}]}}