{"id":17150,"date":"2025-09-09T14:43:16","date_gmt":"2025-09-09T14:43:16","guid":{"rendered":"https:\/\/entrenotasyacordes.com\/?p=17150"},"modified":"2025-09-09T14:43:17","modified_gmt":"2025-09-09T14:43:17","slug":"duplat-y-andres-cepeda-presentan-dulce-y-amarga","status":"publish","type":"post","link":"https:\/\/entrenotasyacordes.com\/?p=17150","title":{"rendered":"Duplat y Andr\u00e9s Cepeda presentan Dulce y Amarga\u00a0"},"content":{"rendered":"\n<p><strong>Una colaboraci\u00f3n honesta que abraza los contrastes de la vida<\/strong><\/p>\n\n\n\n<!--more-->\n\n\n\n<p class=\"has-text-align-left\">La vida siempre se mueve entre contrastes: la alegr\u00eda y la melancol\u00eda, lo bueno y lo no tan bueno. Justo en ese vaiv\u00e9n nace \u201cDulce y Amarga\u201d, el nuevo sencillo de Duplat junto al maestro Andr\u00e9s Cepeda. Una canci\u00f3n honesta, que no busca adornos ni superficialidades, sino hablar de lo que realmente significa vivir: aceptar que nada es perfecto y que las grandes alegr\u00edas muchas veces vienen acompa\u00f1adas de momentos dif\u00edciles.<\/p>\n\n\n\n<p class=\"has-text-align-left\">La inspiraci\u00f3n lleg\u00f3 despu\u00e9s de una noche de la velada de unos premios musicales en donde Duplat sinti\u00f3 una mezcla de tristeza y felicidad que despu\u00e9s fue inspiraci\u00f3n para transformarse en m\u00fasica. En una sesi\u00f3n de escritura planeada con Andr\u00e9s Cepeda, en apenas 25 minutos, letra y melod\u00eda encontraron su forma con una qu\u00edmica inmediata entre los dos artistas.<\/p>\n\n\n<div class=\"wp-block-image\">\n<figure class=\"aligncenter size-full is-resized\"><img loading=\"lazy\" decoding=\"async\" width=\"2000\" height=\"2000\" src=\"https:\/\/entrenotasyacordes.com\/wp-content\/uploads\/2025\/09\/438df40c-75e2-865d-20ed-d0ccfe6db2fa.jpg\" alt=\"\" class=\"wp-image-17152\" style=\"width:634px;height:auto\" srcset=\"https:\/\/entrenotasyacordes.com\/wp-content\/uploads\/2025\/09\/438df40c-75e2-865d-20ed-d0ccfe6db2fa.jpg 2000w, https:\/\/entrenotasyacordes.com\/wp-content\/uploads\/2025\/09\/438df40c-75e2-865d-20ed-d0ccfe6db2fa-300x300.jpg 300w, https:\/\/entrenotasyacordes.com\/wp-content\/uploads\/2025\/09\/438df40c-75e2-865d-20ed-d0ccfe6db2fa-1024x1024.jpg 1024w, https:\/\/entrenotasyacordes.com\/wp-content\/uploads\/2025\/09\/438df40c-75e2-865d-20ed-d0ccfe6db2fa-150x150.jpg 150w, https:\/\/entrenotasyacordes.com\/wp-content\/uploads\/2025\/09\/438df40c-75e2-865d-20ed-d0ccfe6db2fa-768x768.jpg 768w, https:\/\/entrenotasyacordes.com\/wp-content\/uploads\/2025\/09\/438df40c-75e2-865d-20ed-d0ccfe6db2fa-1536x1536.jpg 1536w, https:\/\/entrenotasyacordes.com\/wp-content\/uploads\/2025\/09\/438df40c-75e2-865d-20ed-d0ccfe6db2fa-50x50.jpg 50w\" sizes=\"auto, (max-width: 2000px) 100vw, 2000px\" \/><\/figure>\n<\/div>\n\n\n<p><em>\u201cCreo que esta canci\u00f3n va a ser un antes y un despu\u00e9s en mi carrera musical\u201d<strong>, confiesa Duplat.<\/strong>\u00a0\u201cEs una canci\u00f3n donde coincid\u00ed con un artista en un momento preciso de mi vida, con la necesidad urgente de decir algo en mis canciones; de tener un mensaje, una tesis y una visi\u00f3n sobre el mundo. Nos encontramos con Andr\u00e9s en esa misma b\u00fasqueda: hablar de la vida, no de cosas ef\u00edmeras. Para m\u00ed, Dulce y Amarga resume no solo mi manera de ver la m\u00fasica, sino la vida misma. Es mi canci\u00f3n favorita hasta la fecha\u201d.<br><br>Por su parte,\u00a0<strong>Andr\u00e9s Cepeda afirma que<\/strong>\u00a0\u201cConoc\u00ed a Duplat en el backstage de un concierto en la ciudad de Bogot\u00e1 y tras conversar un rato, nos dimos cuenta de que \u00edbamos a ser f\u00e1cilmente amigos. Un par de semanas despu\u00e9s, lleg\u00f3 a mi casa, se sent\u00f3 al piano y en 45 minutos ten\u00edamos en nuestras manos la primera canci\u00f3n: \u201cDulce y Amarga\u201d. Esa misma tarde terminamos de grabar el demo y salimos muy contentos con el resultado. Creo que es una muy buena colaboraci\u00f3n, en la que nuestros estilos musicales se entienden a la perfecci\u00f3n y combinan muy bien. Seguramente estaremos colaborando mucho m\u00e1s a menudo.\u201d<\/em><\/p>\n\n\n<div class=\"wp-block-image\">\n<figure class=\"aligncenter size-full is-resized\"><img loading=\"lazy\" decoding=\"async\" width=\"1230\" height=\"1544\" src=\"https:\/\/entrenotasyacordes.com\/wp-content\/uploads\/2025\/09\/8cd223f9-53fb-85ca-24c3-af2872e0cde8.png\" alt=\"\" class=\"wp-image-17153\" style=\"width:792px;height:auto\" srcset=\"https:\/\/entrenotasyacordes.com\/wp-content\/uploads\/2025\/09\/8cd223f9-53fb-85ca-24c3-af2872e0cde8.png 1230w, https:\/\/entrenotasyacordes.com\/wp-content\/uploads\/2025\/09\/8cd223f9-53fb-85ca-24c3-af2872e0cde8-239x300.png 239w, https:\/\/entrenotasyacordes.com\/wp-content\/uploads\/2025\/09\/8cd223f9-53fb-85ca-24c3-af2872e0cde8-816x1024.png 816w, https:\/\/entrenotasyacordes.com\/wp-content\/uploads\/2025\/09\/8cd223f9-53fb-85ca-24c3-af2872e0cde8-768x964.png 768w, https:\/\/entrenotasyacordes.com\/wp-content\/uploads\/2025\/09\/8cd223f9-53fb-85ca-24c3-af2872e0cde8-1224x1536.png 1224w, https:\/\/entrenotasyacordes.com\/wp-content\/uploads\/2025\/09\/8cd223f9-53fb-85ca-24c3-af2872e0cde8-1024x1285.png 1024w\" sizes=\"auto, (max-width: 1230px) 100vw, 1230px\" \/><figcaption class=\"wp-element-caption\"><strong>Cr\u00e9dito: Juan Francisco Herrera<\/strong><\/figcaption><\/figure>\n<\/div>\n\n\n<p>Con el piano como eje central y la complicidad entre dos voces que se encuentran en momentos distintos de la vida y de su carrera musical pero con la misma necesidad de comunicar,&nbsp;<strong><em>\u201cDulce y Amarga<\/em><\/strong><em>\u201d<\/em>&nbsp;se convierte en un manifiesto musical:&nbsp;<strong>un recordatorio de que vivir es aprender a abrazar lo bello y lo doloroso, porque ambos son esenciales.<\/strong><\/p>\n\n\n\n<p>La producci\u00f3n de&nbsp;<strong><em>\u201cDulce y Amarga\u201d<\/em><\/strong>&nbsp;refuerza la esencia pop\/rock de la canci\u00f3n con un sonido profundamente emocional El tema fue compuesto por&nbsp;<strong>Duplat y Andr\u00e9s Cepeda,<\/strong>&nbsp;y cont\u00f3 con la producci\u00f3n del mismo&nbsp;<strong>Duplat<\/strong>, quien le imprimi\u00f3 su sello tan caracter\u00edstico como el talentoso artista que es.<\/p>\n\n\n\n<p>En los instrumentos,&nbsp;<strong>Duplat&nbsp;<\/strong>estuvo a cargo del<strong>&nbsp;piano y voz,<\/strong>&nbsp;y&nbsp;<strong>Cepeda<\/strong>&nbsp;en la&nbsp;<strong>guitarra y la voz,<\/strong>&nbsp;logrando un di\u00e1logo sonoro cargado de sensibilidad. El ensamble se complementa con la bater\u00eda de<strong>&nbsp;Jacobo \u00c1lvarez,<\/strong>&nbsp;el bajo de&nbsp;<strong>Guillermo Vadal\u00e1&nbsp;<\/strong>y la guitarra de&nbsp;<strong>Andr\u00e9s Cruz<\/strong>, m\u00fasicos que aportan solidez y matices a la atm\u00f3sfera de la canci\u00f3n.<\/p>\n\n\n\n<figure class=\"wp-block-embed is-type-video is-provider-youtube wp-block-embed-youtube wp-embed-aspect-16-9 wp-has-aspect-ratio\"><div class=\"wp-block-embed__wrapper\">\n<div class=\"epyt-video-wrapper\"><iframe loading=\"lazy\"  id=\"_ytid_91404\"  width=\"640\" height=\"360\"  data-origwidth=\"640\" data-origheight=\"360\" src=\"https:\/\/www.youtube.com\/embed\/iv_ryRxDp5Q?enablejsapi=1&#038;autoplay=0&#038;cc_load_policy=0&#038;cc_lang_pref=&#038;iv_load_policy=1&#038;loop=0&#038;rel=1&#038;fs=1&#038;playsinline=0&#038;autohide=2&#038;theme=dark&#038;color=white&#038;controls=1&#038;\" class=\"__youtube_prefs__  epyt-is-override  no-lazyload\" data-vol=\"50\"  title=\"YouTube player\"  allow=\"fullscreen; accelerometer; autoplay; clipboard-write; encrypted-media; gyroscope; picture-in-picture; web-share\" referrerpolicy=\"strict-origin-when-cross-origin\" allowfullscreen data-no-lazy=\"1\" data-skipgform_ajax_framebjll=\"\"><\/iframe><\/div>\n<\/div><\/figure>\n\n\n\n<p>La grabaci\u00f3n se realiz\u00f3 en los estudios Audiovisi\u00f3n de Bogot\u00e1 , bajo la direcci\u00f3n del ingeniero de grabaci\u00f3n David Due\u00f1as, mezcla a cargo de Uriel Dorfman, mientras que el mastering fue realizado por Lewis Pickett, asegurando un maravilloso acabado sonoro.<\/p>\n\n\n\n<p><strong>\u201cDulce y Amarga\u201d&nbsp;<\/strong>lleva a entender que \u201cnada es perfecto en la vida, que las tristezas son inevitables y es normal y la vida consiste en sufrir y disfrutar. Ambas cosas son igual de importantes y esenciales en la vida\u201d Inevitablemente, la voz de Andr\u00e9s Cepeda y la de Duplat, tanto literalmente como po\u00e9ticamente, conectaron muy bien, y lograron traducir en m\u00fasica, algo en donde &nbsp;ambos coincidieron como una breve lectura de la vida.<\/p>\n\n\n\n<p>Luego de su anterior lanzamiento musical \u201cD\u00e9jame Ser\u201d y la condecoraci\u00f3n recibida por parte del Concejo de Bogot\u00e1 por su trabajo comprobado en la ciudad, sus logros como artista y la gran contribuci\u00f3n que ha hecho con su m\u00fasica a la capital del pa\u00eds, Duplat realiz\u00f3 dos recitales de piano cl\u00e1sico en las ciudades de Cali y Leticia y acompa\u00f1ar\u00e1 a su amigo y tambi\u00e9n artista colombiano, Manuel Medrano en su gira por Am\u00e9rica Latina y Espa\u00f1a.&nbsp;<\/p>\n\n\n\n<p>Por su parte, Andr\u00e9s Cepeda se prepara para iniciar su gira por los principales escenarios de Colombia, presentando su m\u00e1s reciente \u00e1lbum de estudio \u201cBogot\u00e1 Deluxe\u201d, esta gira se extender\u00e1 a 19 ciudades en Colombia.<\/p>\n","protected":false},"excerpt":{"rendered":"<p>Una colaboraci\u00f3n honesta que abraza los contrastes de la vida<\/p>\n","protected":false},"author":5,"featured_media":17151,"comment_status":"open","ping_status":"open","sticky":false,"template":"","format":"standard","meta":{"om_disable_all_campaigns":false,"_uf_show_specific_survey":0,"_uf_disable_surveys":false,"footnotes":""},"categories":[4],"tags":[],"class_list":["post-17150","post","type-post","status-publish","format-standard","has-post-thumbnail","hentry","category-musica"],"_links":{"self":[{"href":"https:\/\/entrenotasyacordes.com\/index.php?rest_route=\/wp\/v2\/posts\/17150","targetHints":{"allow":["GET"]}}],"collection":[{"href":"https:\/\/entrenotasyacordes.com\/index.php?rest_route=\/wp\/v2\/posts"}],"about":[{"href":"https:\/\/entrenotasyacordes.com\/index.php?rest_route=\/wp\/v2\/types\/post"}],"author":[{"embeddable":true,"href":"https:\/\/entrenotasyacordes.com\/index.php?rest_route=\/wp\/v2\/users\/5"}],"replies":[{"embeddable":true,"href":"https:\/\/entrenotasyacordes.com\/index.php?rest_route=%2Fwp%2Fv2%2Fcomments&post=17150"}],"version-history":[{"count":1,"href":"https:\/\/entrenotasyacordes.com\/index.php?rest_route=\/wp\/v2\/posts\/17150\/revisions"}],"predecessor-version":[{"id":17154,"href":"https:\/\/entrenotasyacordes.com\/index.php?rest_route=\/wp\/v2\/posts\/17150\/revisions\/17154"}],"wp:featuredmedia":[{"embeddable":true,"href":"https:\/\/entrenotasyacordes.com\/index.php?rest_route=\/wp\/v2\/media\/17151"}],"wp:attachment":[{"href":"https:\/\/entrenotasyacordes.com\/index.php?rest_route=%2Fwp%2Fv2%2Fmedia&parent=17150"}],"wp:term":[{"taxonomy":"category","embeddable":true,"href":"https:\/\/entrenotasyacordes.com\/index.php?rest_route=%2Fwp%2Fv2%2Fcategories&post=17150"},{"taxonomy":"post_tag","embeddable":true,"href":"https:\/\/entrenotasyacordes.com\/index.php?rest_route=%2Fwp%2Fv2%2Ftags&post=17150"}],"curies":[{"name":"wp","href":"https:\/\/api.w.org\/{rel}","templated":true}]}}