{"id":17155,"date":"2025-09-09T14:52:12","date_gmt":"2025-09-09T14:52:12","guid":{"rendered":"https:\/\/entrenotasyacordes.com\/?p=17155"},"modified":"2025-09-09T14:52:13","modified_gmt":"2025-09-09T14:52:13","slug":"mota-la-banda-uruguaya-vuelve-a-buenos-aires","status":"publish","type":"post","link":"https:\/\/entrenotasyacordes.com\/?p=17155","title":{"rendered":"MOTA la banda uruguaya VUELVE A BUENOS AIRES"},"content":{"rendered":"\n<!--more-->\n\n\n<div class=\"wp-block-image\">\n<figure class=\"aligncenter size-full\"><img loading=\"lazy\" decoding=\"async\" width=\"952\" height=\"1192\" src=\"https:\/\/entrenotasyacordes.com\/wp-content\/uploads\/2025\/09\/09d58fbd-3e72-3565-6850-c21660350403-1.jpg\" alt=\"\" class=\"wp-image-17157\" srcset=\"https:\/\/entrenotasyacordes.com\/wp-content\/uploads\/2025\/09\/09d58fbd-3e72-3565-6850-c21660350403-1.jpg 952w, https:\/\/entrenotasyacordes.com\/wp-content\/uploads\/2025\/09\/09d58fbd-3e72-3565-6850-c21660350403-1-240x300.jpg 240w, https:\/\/entrenotasyacordes.com\/wp-content\/uploads\/2025\/09\/09d58fbd-3e72-3565-6850-c21660350403-1-818x1024.jpg 818w, https:\/\/entrenotasyacordes.com\/wp-content\/uploads\/2025\/09\/09d58fbd-3e72-3565-6850-c21660350403-1-768x962.jpg 768w\" sizes=\"auto, (max-width: 952px) 100vw, 952px\" \/><\/figure>\n<\/div>\n\n\n<p class=\"has-text-align-center\">Despu\u00e9s de su primer desembarco el pasado 6 de Junio,\u00a0<strong>MOTA vuelve a la ciudad de Buenos Aires<\/strong>\u00a0por segunda vez para dar un show el\u00a0<strong>14 de noviembre en The Roxy (Niceto Vega 5542)<\/strong><br><strong><a href=\"https:\/\/www.allaccess.com.ar\/event\/mota-en-buenos-aires\">ENTRADAS A LA VENTA X ALL ACCESS<\/a><\/strong><\/p>\n\n\n\n<p class=\"has-text-align-left\"><strong>Tras un sold out,<\/strong>&nbsp;una reuni\u00f3n arrolladora llena de energ\u00eda y emoci\u00f3n con sus fans, m\u00e1s un encuentro con sus amigos\/colegas argentinos, la banda anuncia su vuelta a Capital.<\/p>\n\n\n\n<p><strong>El grupo integrado por algunos miembros de la reconocida banda Once Tiros<\/strong>, pisa fuerte en Uruguay y tras su primer desembarco en Argentina, MOTA abre senderos en nuestro pa\u00eds para seguir creciendo.<\/p>\n\n\n\n<p>MOTA aterriz\u00f3 con fuerza el pasado&nbsp;<strong>6 de junio en el Sal\u00f3n Pueyrred\u00f3n<\/strong>, en lo que fue su primer show propio en suelo argentino. Al d\u00eda siguiente, compartieron escenario con&nbsp;<strong>La Chancha Muda<\/strong>&nbsp;en el&nbsp;<strong>Teatro Flores<\/strong>, y estuvo como invitada&nbsp;<strong>Lula Bertoldi<\/strong>&nbsp;(Eruca Sativa) reforzando v\u00ednculos musicales y humanos que trascienden fronteras.<\/p>\n\n\n\n<p class=\"has-text-align-left\">&nbsp;MOTA se form\u00f3 en 2022 logrando un lugar destacado en la escena musical de Uruguay, con un \u00e1lbum debut nominado 4 veces a los Premios Grafitti, y fue consagrada mejor banda del a\u00f1o y mejor \u00e1lbum de rock.<\/p>\n\n\n<div class=\"wp-block-image\">\n<figure class=\"aligncenter size-full\"><img loading=\"lazy\" decoding=\"async\" width=\"858\" height=\"1070\" src=\"https:\/\/entrenotasyacordes.com\/wp-content\/uploads\/2025\/09\/4251405c-3626-8f1a-3fcc-cb4aa32d4471.jpg\" alt=\"\" class=\"wp-image-17158\" srcset=\"https:\/\/entrenotasyacordes.com\/wp-content\/uploads\/2025\/09\/4251405c-3626-8f1a-3fcc-cb4aa32d4471.jpg 858w, https:\/\/entrenotasyacordes.com\/wp-content\/uploads\/2025\/09\/4251405c-3626-8f1a-3fcc-cb4aa32d4471-241x300.jpg 241w, https:\/\/entrenotasyacordes.com\/wp-content\/uploads\/2025\/09\/4251405c-3626-8f1a-3fcc-cb4aa32d4471-821x1024.jpg 821w, https:\/\/entrenotasyacordes.com\/wp-content\/uploads\/2025\/09\/4251405c-3626-8f1a-3fcc-cb4aa32d4471-768x958.jpg 768w\" sizes=\"auto, (max-width: 858px) 100vw, 858px\" \/><\/figure>\n<\/div>\n\n\n<p class=\"has-text-align-left\">La banda fusiona influencias del rock anglosaj\u00f3n de los 90 con un fuerte sello rioplatense. Su sonido abarca g\u00e9neros como hard rock, grunge, hip hop, funk, punk y folk, a menudo entrelazando diversos estilos dentro de una misma canci\u00f3n, lo que les otorga una originalidad y versatilidad \u00fanicas.<br><br>En su corta pero impactante trayectoria, la banda ha sido una de las revelaciones del rock nacional, destac\u00e1ndose en importantes festivales como Cosqu\u00edn Rock Uy 2023, 2024 y 2025, Durazno Rock 2023, Festival de la Independencia 2023, Montevideo LATE 2023 y Fiesta de la Cerveza de Parque del Plata 2024, entre otros.<\/p>\n\n\n\n<p>En su primer a\u00f1o y medio de carrera, MOTA ha dejado una marca indeleble en la m\u00fasica uruguaya. Han lanzado varias piezas musicales y audiovisuales, agotado entradas en las principales salas de Montevideo, y han participado en algunos de los festivales m\u00e1s importantes del pa\u00eds, lo que ha catapultado a la banda a nuevas alturas.<\/p>\n\n\n\n<p class=\"has-text-align-left\">A fin de 2024, MOTA lanz\u00f3 su primer EP, titulado \u201cEquis\u201d, compuesto por 4 canciones, y una nueva versi\u00f3n de su tema \u201cFuera de Foco\u201d, en colaboraci\u00f3n con Lula Bertoldi, la destacada guitarrista y cantante de Eruca Sativa. Adem\u00e1s, el cierre del a\u00f1o en vivo fue de otro nivel, con su primer show al aire libre en el emblem\u00e1tico Anfiteatro Canario Luna, un evento que permiti\u00f3 al p\u00fablico disfrutar de la banda en un espacio \u00fanico a cielo abierto, un hito m\u00e1s en su prometedora carrera.<br><br>Con un futuro lleno de nuevos proyectos y propuestas, MOTA sigue creciendo a pasos agigantados, llevando su m\u00fasica a cada rinc\u00f3n del pa\u00eds y m\u00e1s all\u00e1.<\/p>\n\n\n\n<p class=\"has-text-align-center\"><strong>MOTA son:<\/strong><br>Pablo Silvera \/ Voz<br>Matto Bello \/ Guitarra<br>Leonardo Coppola \/ Guitarra<br>Mart\u00edn P\u00e9rez \/ Bajo<br>Mart\u00edn Martist\u00e1n \/ Bater\u00eda<\/p>\n","protected":false},"excerpt":{"rendered":"","protected":false},"author":5,"featured_media":17157,"comment_status":"open","ping_status":"open","sticky":false,"template":"","format":"standard","meta":{"om_disable_all_campaigns":false,"_uf_show_specific_survey":0,"_uf_disable_surveys":false,"footnotes":""},"categories":[36],"tags":[],"class_list":["post-17155","post","type-post","status-publish","format-standard","has-post-thumbnail","hentry","category-conciertos"],"_links":{"self":[{"href":"https:\/\/entrenotasyacordes.com\/index.php?rest_route=\/wp\/v2\/posts\/17155","targetHints":{"allow":["GET"]}}],"collection":[{"href":"https:\/\/entrenotasyacordes.com\/index.php?rest_route=\/wp\/v2\/posts"}],"about":[{"href":"https:\/\/entrenotasyacordes.com\/index.php?rest_route=\/wp\/v2\/types\/post"}],"author":[{"embeddable":true,"href":"https:\/\/entrenotasyacordes.com\/index.php?rest_route=\/wp\/v2\/users\/5"}],"replies":[{"embeddable":true,"href":"https:\/\/entrenotasyacordes.com\/index.php?rest_route=%2Fwp%2Fv2%2Fcomments&post=17155"}],"version-history":[{"count":1,"href":"https:\/\/entrenotasyacordes.com\/index.php?rest_route=\/wp\/v2\/posts\/17155\/revisions"}],"predecessor-version":[{"id":17159,"href":"https:\/\/entrenotasyacordes.com\/index.php?rest_route=\/wp\/v2\/posts\/17155\/revisions\/17159"}],"wp:featuredmedia":[{"embeddable":true,"href":"https:\/\/entrenotasyacordes.com\/index.php?rest_route=\/wp\/v2\/media\/17157"}],"wp:attachment":[{"href":"https:\/\/entrenotasyacordes.com\/index.php?rest_route=%2Fwp%2Fv2%2Fmedia&parent=17155"}],"wp:term":[{"taxonomy":"category","embeddable":true,"href":"https:\/\/entrenotasyacordes.com\/index.php?rest_route=%2Fwp%2Fv2%2Fcategories&post=17155"},{"taxonomy":"post_tag","embeddable":true,"href":"https:\/\/entrenotasyacordes.com\/index.php?rest_route=%2Fwp%2Fv2%2Ftags&post=17155"}],"curies":[{"name":"wp","href":"https:\/\/api.w.org\/{rel}","templated":true}]}}