{"id":17160,"date":"2025-09-09T14:59:28","date_gmt":"2025-09-09T14:59:28","guid":{"rendered":"https:\/\/entrenotasyacordes.com\/?p=17160"},"modified":"2025-09-09T14:59:29","modified_gmt":"2025-09-09T14:59:29","slug":"milo-j-anuncio-su-primer-velez","status":"publish","type":"post","link":"https:\/\/entrenotasyacordes.com\/?p=17160","title":{"rendered":"MILO J ANUNCI\u00d3 SU PRIMER V\u00c9LEZ"},"content":{"rendered":"\n<!--more-->\n\n\n\n<p class=\"has-text-align-center\"><strong>El artista m\u00e1s joven en conquistar el Estadio con un show que recorrer\u00e1 todo su repertorio y abrir\u00e1 su nueva etapa art\u00edstica<\/strong><\/p>\n\n\n\n<p>El 18 de diciembre, Milo J har\u00e1 historia en el Estadio V\u00e9lez: a sus 18 a\u00f1os ser\u00e1 el artista m\u00e1s joven en conquistar uno de los escenarios m\u00e1s emblem\u00e1ticos del pa\u00eds. Ser\u00e1 un show que recorrer\u00e1 todo su repertorio, al mismo tiempo que abrir\u00e1 un nuevo cap\u00edtulo art\u00edstico con el \u00e1lbum \u201cLa vida era m\u00e1s corta\u201d, donde el artista explora heridas, ra\u00edces y transformaciones personales y colectivas.<\/p>\n\n\n\n<p class=\"has-text-align-center\"><strong>18 DE DICIEMBRE\u00a0| ESTADIO V\u00c9LEZ<\/strong><\/p>\n\n\n<div class=\"wp-block-image\">\n<figure class=\"aligncenter size-full\"><img loading=\"lazy\" decoding=\"async\" width=\"532\" height=\"667\" src=\"https:\/\/entrenotasyacordes.com\/wp-content\/uploads\/2025\/09\/3418fed9-e8a3-4965-ae35-18700456a177.png\" alt=\"\" class=\"wp-image-17161\" srcset=\"https:\/\/entrenotasyacordes.com\/wp-content\/uploads\/2025\/09\/3418fed9-e8a3-4965-ae35-18700456a177.png 532w, https:\/\/entrenotasyacordes.com\/wp-content\/uploads\/2025\/09\/3418fed9-e8a3-4965-ae35-18700456a177-239x300.png 239w\" sizes=\"auto, (max-width: 532px) 100vw, 532px\" \/><\/figure>\n<\/div>\n\n\n<p class=\"has-text-align-center\"><strong>PREVENTA SANTANDER AMEX<\/strong><br><strong>YA DISPONIBLE<\/strong><br><em>Disfrut\u00e1 de 6 cuotas sin inter\u00e9s con tu tarjeta de cr\u00e9dito Santander American Express.<\/em><\/p>\n\n\n\n<p class=\"has-text-align-center\"><strong>VENTA GENERAL<\/strong><br><strong>DESDE EL MARTES 9 DE SEPTIEMBRE&nbsp;&nbsp;A LAS 14 HS.<\/strong><br><em>Disfrut\u00e1 de 6 cuotas sin inter\u00e9s con tu tarjeta de cr\u00e9dito Santander American Express.<\/em><\/p>\n\n\n\n<p class=\"has-text-align-center\"><strong>A TRAV\u00c9S DE\u00a0<a href=\"https:\/\/click.emails.sonymusicfans.com\/?qs=634c42d162920c4b6cb03cba61160d7988ca6b5262b8d10275cf09e78bea6316e88e327d11c9d8db3cf49e6ea129f7530aaf54a12d29bd0d\"><strong>ENIGMATICKETS<\/strong><\/a><\/strong><\/p>\n\n\n\n<p class=\"has-text-align-left\">El 18 de diciembre, Milo J har\u00e1 historia en el Estadio V\u00e9lez: a sus 18 a\u00f1os ser\u00e1 el artista m\u00e1s joven en conquistar uno de los escenarios m\u00e1s emblem\u00e1ticos del pa\u00eds. Ser\u00e1 un show especial que no solo presentar\u00e1 su nuevo \u00e1lbum&nbsp;<em>La vida era m\u00e1s corta<\/em>, sino que tambi\u00e9n recorrer\u00e1&nbsp;<strong>todas las etapas de su carrera&nbsp;<\/strong>: los ic\u00f3nicos discos 511- EDSM-111-166- y Retirada ya consagrados por su p\u00fablico, abriendo as\u00ed su nueva etapa art\u00edstica. Una noche pensada para condensar la transformaci\u00f3n musical y personal de Milo, celebrando c\u00f3mo fue mutando y creciendo su obra hasta convertirse en la voz de una generaci\u00f3n.&nbsp;<strong>Ya disponible&nbsp;<\/strong>la&nbsp;<strong>preventa exclusiva<\/strong>&nbsp;con tarjeta de cr\u00e9dito Santander American Express. Aprovech\u00e1 el beneficio de&nbsp;<strong>6 cuotas sin inter\u00e9s<\/strong>&nbsp;y asegur\u00e1 tu lugar antes que nadie.&nbsp; Desde el&nbsp;<strong>martes 9 de septiembre a las 14 hs<\/strong>, las entradas estar\u00e1n disponibles para todos los medios de pago. Tambi\u00e9n vas a poder disfrutar del beneficio de&nbsp;<strong>6 cuotas sin inter\u00e9s&nbsp;<\/strong>con tu tarjeta de cr\u00e9dito Santander American Express.<\/p>\n\n\n\n<p class=\"has-text-align-left\">El show tambi\u00e9n marcar\u00e1 el inicio oficial del universo de&nbsp;<em>La vida era m\u00e1s corta<\/em>, un disco profundamente introspectivo en el que Milo explora las huellas invisibles del tiempo, la memoria heredada y la b\u00fasqueda de identidad. Su primer adelanto,&nbsp;<em>Bajo de la piel&nbsp;<\/em>, producido por Milo J junto a Tatool y Santiago Alvarado, abre este viaje conceptual y emocional con letras cargadas de simbolismo que dialogan con todas las memorias. Estos sonidos refuerzan la conexi\u00f3n con las ra\u00edces y su propia identidad, al mismo tiempo que se entrelazan con una producci\u00f3n contempor\u00e1nea, moderna y actual, sin perder la esencia local. El resultado es una fusi\u00f3n que transita entre lo personal y lo colectivo, lo \u00edntimo y lo universal, lo local y lo global.<\/p>\n\n\n<div class=\"wp-block-image\">\n<figure class=\"aligncenter size-full\"><img loading=\"lazy\" decoding=\"async\" width=\"814\" height=\"544\" src=\"https:\/\/entrenotasyacordes.com\/wp-content\/uploads\/2025\/09\/9c13f891-f8b5-4ae6-bea9-c59101842db4.png\" alt=\"\" class=\"wp-image-17162\" srcset=\"https:\/\/entrenotasyacordes.com\/wp-content\/uploads\/2025\/09\/9c13f891-f8b5-4ae6-bea9-c59101842db4.png 814w, https:\/\/entrenotasyacordes.com\/wp-content\/uploads\/2025\/09\/9c13f891-f8b5-4ae6-bea9-c59101842db4-300x200.png 300w, https:\/\/entrenotasyacordes.com\/wp-content\/uploads\/2025\/09\/9c13f891-f8b5-4ae6-bea9-c59101842db4-768x513.png 768w\" sizes=\"auto, (max-width: 814px) 100vw, 814px\" \/><\/figure>\n<\/div>\n\n\n<p class=\"has-text-align-left\">El camino de Milo es tambi\u00e9n un viaje de pertenencia. En octubre de 2024 celebr\u00f3 sus 18 a\u00f1os en un Estadio de Mor\u00f3n colmado, con invitados de lujo como Bizarrap, Nicki Nicole, YSY A y Nito Mestre. Poco despu\u00e9s, su \u00e1lbum&nbsp;<em>166<\/em>&nbsp;debut\u00f3 en el puesto #6 del Top Albums Global, acumulando m\u00e1s de 300 millones de reproducciones en Spotify.<\/p>\n\n\n\n<p>En junio de 2025, la respuesta de su p\u00fablico volvi\u00f3 a ser inmediata: tras el anuncio de su reencuentro en Buenos Aires, Milo agot\u00f3 en tiempo r\u00e9cord&nbsp;<strong>cuatro funciones en el Movistar Arena<\/strong>&nbsp;\u2014los d\u00edas 4, 5, 16 y 17\u2014, reuniendo a m\u00e1s de 50.000 personas en lo que fue la despedida oficial de&nbsp;<em>166<\/em>&nbsp;y la presentaci\u00f3n de&nbsp;<em>166 (Deluxe) Retirada<\/em>.<\/p>\n\n\n\n<p class=\"has-text-align-left\">Ese mismo a\u00f1o extendi\u00f3 su fen\u00f3meno a nivel internacional: gir\u00f3 por Europa y Latinoam\u00e9rica con entradas agotadas en Barcelona, Madrid, Lima, Bogot\u00e1, Santiago de Chile y Montevideo, reafirmando su lugar como una de las voces m\u00e1s influyentes de su generaci\u00f3n.<\/p>\n\n\n<div class=\"wp-block-image\">\n<figure class=\"aligncenter size-full\"><img loading=\"lazy\" decoding=\"async\" width=\"535\" height=\"532\" src=\"https:\/\/entrenotasyacordes.com\/wp-content\/uploads\/2025\/09\/e8e6c7b7-2ccb-49d8-8ee8-26b660f5fc33.png\" alt=\"\" class=\"wp-image-17163\" srcset=\"https:\/\/entrenotasyacordes.com\/wp-content\/uploads\/2025\/09\/e8e6c7b7-2ccb-49d8-8ee8-26b660f5fc33.png 535w, https:\/\/entrenotasyacordes.com\/wp-content\/uploads\/2025\/09\/e8e6c7b7-2ccb-49d8-8ee8-26b660f5fc33-300x298.png 300w, https:\/\/entrenotasyacordes.com\/wp-content\/uploads\/2025\/09\/e8e6c7b7-2ccb-49d8-8ee8-26b660f5fc33-150x150.png 150w, https:\/\/entrenotasyacordes.com\/wp-content\/uploads\/2025\/09\/e8e6c7b7-2ccb-49d8-8ee8-26b660f5fc33-50x50.png 50w\" sizes=\"auto, (max-width: 535px) 100vw, 535px\" \/><\/figure>\n<\/div>\n\n\n<p><strong><em><u>ACERCA DE MILO J<\/u><\/em><\/strong><\/p>\n\n\n\n<p>Camilo Joaqu\u00edn Villarruel, art\u00edsticamente conocido como Milo J, es un artista incomparable que deja insuficiente la palabra mete\u00f3rica para describir su carrera. Alcanz\u00f3 \u00e9xitos y colaboraciones con referentes que trascendieron generaciones y forman parte de nuestra identidad cultural. Fue tapa de&nbsp;<strong>Rolling Stone<\/strong>, un reconocimiento que lo posiciona como una de las voces m\u00e1s influyentes de la nueva escena. Adem\u00e1s, se desempe\u00f1a como&nbsp;<strong>director creativo de FA<\/strong>&nbsp;y es el creador de&nbsp;<strong>FAlklore&nbsp;<\/strong>, un innovador formato que reuni\u00f3 a artistas del g\u00e9nero argentino y logr\u00f3 llenar el Movistar Arena y sacar un disco.<br><br>Su historia comienza el 25 de octubre de 2006 en el barrio San Jos\u00e9 de Mor\u00f3n, Provincia de Buenos Aires. El tercero de los cuatro hijos de Aldana R\u00edos comenz\u00f3 a explorar la m\u00fasica entre sus 8 y 9 a\u00f1os junto a su hermana mayor, Alma. Componiendo y compitiendo en batallas de freestyle desde los 11 a\u00f1os. En su casa se escuchaban temas de folklore argentino, intercalados con el punk y el rock del momento, el rap y el hip hop. Son los g\u00e9neros que m\u00e1s lo han influenciado y se asoman en su m\u00fasica. Pero tambi\u00e9n ha explorado corridos tumbados, baladas y ritmos tropicales. Su precisi\u00f3n y l\u00edrica que se debate entre la calle y la poes\u00eda lo han llevado a cumplir metas ambiciosas durante d\u00e9cadas de carreras por otros artistas.<br><br><strong>Milo J<\/strong>&nbsp;entr\u00f3 a su primer estudio de grabaci\u00f3n a los 13 a\u00f1os y comenz\u00f3 a difundir sus canciones en 2021 desde su comunidad Bajo West. La confianza y la admiraci\u00f3n de sus amigos lo hab\u00edan llevado hasta ah\u00ed. En agosto de 2022, lanz\u00f3 \u201cMilagrosa\u201d, una canci\u00f3n que se volvi\u00f3 viral en TikTok y consolid\u00f3 su nombre dentro de la escena urbana Argentina, pero fue&nbsp;<em>\u201cRara Vez\u201d<\/em>, la que demostr\u00f3 en 2023 que no se trataba de suerte. Ese mismo a\u00f1o, estren\u00f3 su EP debut \u201c511\u201d (abril 2023), con temas como&nbsp;<em>\u201cFLA\u201d y \u201cAl Borde\u201d.<\/em>&nbsp;En octubre de ese a\u00f1o lanz\u00f3&nbsp;<em>\u201cEn Dormir sin Madrid\u201d,&nbsp;<\/em>un EP colaborativo con Bizarrap que inclu\u00eda la ic\u00f3nica BZRP Music Sessions, Vol. 57 y explor\u00f3 otros g\u00e9neros del trap latino, hip hop y m\u00fasica urbana.<br><br>El mismo se posicion\u00f3 en el top charts de pa\u00edses como Espa\u00f1a, alcanzando #31 en el Billboard Global 200. Siendo la primera vez que Bizarrap lanzaba un EP junto a un artista. Un mes despu\u00e9s estar\u00eda lanzando \u201c111\u201d, su primer \u00e1lbum de estudio, con colaboraciones como&nbsp;<em>Yahritza y Su Esencia, Peso Pluma, Yami Safdie y Nicki Nicole,<\/em>&nbsp;con quien hoy comparte un v\u00ednculo de hermandad art\u00edstica. De hecho, su anterior colaboraci\u00f3n, \u201cDispara***\u201d, con esta \u00faltima artista Argentina, lo convirti\u00f3 a sus 16 a\u00f1os en el artista m\u00e1s joven en ser nominado a los&nbsp;<strong>Latin Grammy.&nbsp;<\/strong>Donde, durante la presentaci\u00f3n de las tres sesiones m\u00e1s ic\u00f3nicas de Bizarrap, irrumpi\u00f3 en escena con una de sus canciones \u201cHoy me voy al sol\u201d junto a la cl\u00e1sica murga uruguaya Agarrate Catalina.<br><br>En 2024, su ascenso sigui\u00f3: gan\u00f3 el primer&nbsp;<strong>Premio Gardel a Mejor Nuevo Artista de su carrera, y su colaboraci\u00f3n \u201cFruto\u201d con Bizarrap obtuvo el Gardel a Mejor canci\u00f3n urbana.&nbsp;<\/strong>Tambi\u00e9n fue nominado a los&nbsp;<strong>Heat Latin Music Awards (Mejor artista Regi\u00f3n Sur), Premios Lo Nuestro (Artista revelaci\u00f3n masculino) y Premios Juventud.<\/strong><br><br>El 11 de julio de 2024,&nbsp;<strong>Milo J<\/strong>&nbsp;lanz\u00f3 su segundo \u00e1lbum de estudio 166, un homenaje a la L\u00ednea 166 del transporte p\u00fablico que atraviesa Mor\u00f3n, s\u00edmbolo \u00edntimo de su recorrido personal. El disco cuenta con 12 canciones, con colaboraciones como Morad, CRTrap y Kelo Ke, el disco fue acompa\u00f1ado por videoclips para cada canci\u00f3n y cuenta su historia de principio a fin.<br><br><em>E<\/em>l deluxe titulado \u201c166 (deluxe) Retirada\u201d vi\u00f3 la luz el 12 de febrero de 2025, con 20 canciones y colaboraciones adicionales como&nbsp;<strong>Cerounno, Munic HB, Bhavi y TINI.<\/strong><br><br>El 25 de octubre de 2024, festej\u00f3 su cumplea\u00f1os n\u00famero 18 ofreciendo un concierto&nbsp;<strong>sold-out en el Estadio Nuevo Francisco Urbano de Mor\u00f3n,<\/strong>&nbsp;con m\u00e1s de 30 mil espectadores y la participaci\u00f3n de figuras como&nbsp;<strong>Nito Mestre, Joaqu\u00edn Levinton (Turf), Bizarrap, Nicki Nicole, YSY A, Khea, Neo Pistea, Bhavi y Agarrate Catalina.<\/strong>&nbsp;La grabaci\u00f3n se public\u00f3 en YouTube\/Spotify como el \u00e1lbum en vivo 18 (En Vivo Estadio de Mor\u00f3n) y tambi\u00e9n recibi\u00f3 nominaci\u00f3n a \u201cMejor videoclip largo\u201d.<br><br>En enero de 2025, apenas tres a\u00f1os despu\u00e9s de su debut en YouTube, agot\u00f3 el&nbsp;<strong>Palau Sant Jordi (Barcelona),&nbsp;<\/strong>una haza\u00f1a pocas veces vista. Poco despu\u00e9s, se present\u00f3 en el Palacio de los Deportes de Madrid con su \u00e1lbum 166, junto a su hermano Santino interpretando \u201cTus Vueltas\u201d; esa misma noche sorprendi\u00f3 a sus fans con un nuevo sencillo junto a TINI (\u201cLo que me causa\u201d), demostrando su conexi\u00f3n con el p\u00fablico.<\/p>\n","protected":false},"excerpt":{"rendered":"","protected":false},"author":5,"featured_media":17161,"comment_status":"open","ping_status":"open","sticky":false,"template":"","format":"standard","meta":{"om_disable_all_campaigns":false,"_uf_show_specific_survey":0,"_uf_disable_surveys":false,"footnotes":""},"categories":[36],"tags":[],"class_list":["post-17160","post","type-post","status-publish","format-standard","has-post-thumbnail","hentry","category-conciertos"],"_links":{"self":[{"href":"https:\/\/entrenotasyacordes.com\/index.php?rest_route=\/wp\/v2\/posts\/17160","targetHints":{"allow":["GET"]}}],"collection":[{"href":"https:\/\/entrenotasyacordes.com\/index.php?rest_route=\/wp\/v2\/posts"}],"about":[{"href":"https:\/\/entrenotasyacordes.com\/index.php?rest_route=\/wp\/v2\/types\/post"}],"author":[{"embeddable":true,"href":"https:\/\/entrenotasyacordes.com\/index.php?rest_route=\/wp\/v2\/users\/5"}],"replies":[{"embeddable":true,"href":"https:\/\/entrenotasyacordes.com\/index.php?rest_route=%2Fwp%2Fv2%2Fcomments&post=17160"}],"version-history":[{"count":1,"href":"https:\/\/entrenotasyacordes.com\/index.php?rest_route=\/wp\/v2\/posts\/17160\/revisions"}],"predecessor-version":[{"id":17164,"href":"https:\/\/entrenotasyacordes.com\/index.php?rest_route=\/wp\/v2\/posts\/17160\/revisions\/17164"}],"wp:featuredmedia":[{"embeddable":true,"href":"https:\/\/entrenotasyacordes.com\/index.php?rest_route=\/wp\/v2\/media\/17161"}],"wp:attachment":[{"href":"https:\/\/entrenotasyacordes.com\/index.php?rest_route=%2Fwp%2Fv2%2Fmedia&parent=17160"}],"wp:term":[{"taxonomy":"category","embeddable":true,"href":"https:\/\/entrenotasyacordes.com\/index.php?rest_route=%2Fwp%2Fv2%2Fcategories&post=17160"},{"taxonomy":"post_tag","embeddable":true,"href":"https:\/\/entrenotasyacordes.com\/index.php?rest_route=%2Fwp%2Fv2%2Ftags&post=17160"}],"curies":[{"name":"wp","href":"https:\/\/api.w.org\/{rel}","templated":true}]}}