{"id":17165,"date":"2025-09-09T15:05:57","date_gmt":"2025-09-09T15:05:57","guid":{"rendered":"https:\/\/entrenotasyacordes.com\/?p=17165"},"modified":"2025-09-09T15:05:58","modified_gmt":"2025-09-09T15:05:58","slug":"a-dos-meses-del-gran-cierreno-te-va-gustar-despide-su-gira-30-anos-en-la-plata","status":"publish","type":"post","link":"https:\/\/entrenotasyacordes.com\/?p=17165","title":{"rendered":"A DOS MESES DEL GRAN CIERRE:NO TE VA GUSTAR DESPIDE SU GIRA \u00ab30 A\u00d1OS\u00bb EN LA PLATA"},"content":{"rendered":"\n<!--more-->\n\n\n\n<p class=\"has-text-align-center\"><strong>8 de noviembre de 2025 &#8211; Estadio UNO, La Plata<\/strong><\/p>\n\n\n<div class=\"wp-block-image\">\n<figure class=\"aligncenter size-full is-resized\"><img loading=\"lazy\" decoding=\"async\" width=\"201\" height=\"251\" src=\"https:\/\/entrenotasyacordes.com\/wp-content\/uploads\/2025\/09\/images-2-1.jpeg\" alt=\"\" class=\"wp-image-17170\" style=\"width:334px;height:auto\"\/><\/figure>\n<\/div>\n\n\n<p class=\"has-text-align-left\">Despu\u00e9s de recorrer el mundo celebrando tres d\u00e9cadas de m\u00fasica, No Te Va Gustar cierra su gira 30 A\u00f1os: ser\u00e1 dentro de exactamente dos meses, el 8 de noviembre, en el Estadio UNO de La Plata; una ciudad profundamente emblem\u00e1tica para la banda, que los hace sentir como en casa.<\/p>\n\n\n\n<p class=\"has-text-align-left\">La gira \u00a0los ha llevado a recorrer 18 pa\u00edses &#8211; Argentina, Uruguay, Chile, Per\u00fa, Brasil, M\u00e9xico, Paraguay, Ecuador, Colombia, Estados Unidos, Espa\u00f1a, Irlanda, Reino Unido, Dinamarca, Pa\u00edses Bajos \u00a0y m\u00e1s de 70 ciudades con momentos memorables como el hist\u00f3rico show inaugural en Atl\u00e1ntida (Uruguay) ante 50.000 personas, hasta su paso por el Vive Latino en CDMX, el Movistar Arena de Bogot\u00e1, el Jard\u00edn Bot\u00e1nico de Madrid, El Estadio V\u00e9lez y los Movistar Arena de Buenos Aires, la presentaci\u00f3n frente a 30.000 fan\u00e1ticos en La Rambla de Montevideo o La Plaza de la M\u00fasica en C\u00f3rdoba, cada presentaci\u00f3n fue una celebraci\u00f3n del recorrido, la m\u00fasica y la conexi\u00f3n con su p\u00fablico.<\/p>\n\n\n\n<p>En 2025, la banda contin\u00faa reinvent\u00e1ndose: present\u00f3 su show filarm\u00f3nico en Medell\u00edn, Colombia \u00a0junto a \u00a0La Filarmed con entradas agotadas en el Teatro Metropolitano. Luego en Buenos Aires con dos Movistar Arena sold out y tras \u00a0realizar 3 Teatros Sodre en Montevideo repletos agrega 2 \u00faltimas funciones en el Antel Arena el 1 y 7 de octubre. Adem\u00e1s, est\u00e1n grabando su onceavo disco de estudio, bajo la producci\u00f3n de Nico Cotton, con lanzamiento previsto para el 2026.<\/p>\n\n\n\n<p>Antes de que termine el a\u00f1o, el 8 de noviembre en el Estadio UNO, NTVG despedir\u00e1 la gira 30 A\u00f1os con un show pensado para celebrar tres d\u00e9cadas de canciones que han atravesado generaciones y se han instalado en el coraz\u00f3n de miles de personas. <strong>Porque en 30 a\u00f1os cambi\u00f3 todo, menos lo m\u00e1s importante: el poder de las canciones.<\/strong><\/p>\n\n\n<div class=\"wp-block-image\">\n<figure class=\"aligncenter size-full\"><img loading=\"lazy\" decoding=\"async\" width=\"924\" height=\"613\" src=\"https:\/\/entrenotasyacordes.com\/wp-content\/uploads\/2025\/09\/1757353848563-Captura-de-pantalla-2025-09-08-145040.png\" alt=\"\" class=\"wp-image-17167\" srcset=\"https:\/\/entrenotasyacordes.com\/wp-content\/uploads\/2025\/09\/1757353848563-Captura-de-pantalla-2025-09-08-145040.png 924w, https:\/\/entrenotasyacordes.com\/wp-content\/uploads\/2025\/09\/1757353848563-Captura-de-pantalla-2025-09-08-145040-300x200.png 300w, https:\/\/entrenotasyacordes.com\/wp-content\/uploads\/2025\/09\/1757353848563-Captura-de-pantalla-2025-09-08-145040-768x510.png 768w\" sizes=\"auto, (max-width: 924px) 100vw, 924px\" \/><\/figure>\n<\/div>\n\n\n<p class=\"has-text-align-left\"><\/p>\n","protected":false},"excerpt":{"rendered":"","protected":false},"author":5,"featured_media":17166,"comment_status":"open","ping_status":"open","sticky":false,"template":"","format":"standard","meta":{"om_disable_all_campaigns":false,"_uf_show_specific_survey":0,"_uf_disable_surveys":false,"footnotes":""},"categories":[36],"tags":[],"class_list":["post-17165","post","type-post","status-publish","format-standard","has-post-thumbnail","hentry","category-conciertos"],"_links":{"self":[{"href":"https:\/\/entrenotasyacordes.com\/index.php?rest_route=\/wp\/v2\/posts\/17165","targetHints":{"allow":["GET"]}}],"collection":[{"href":"https:\/\/entrenotasyacordes.com\/index.php?rest_route=\/wp\/v2\/posts"}],"about":[{"href":"https:\/\/entrenotasyacordes.com\/index.php?rest_route=\/wp\/v2\/types\/post"}],"author":[{"embeddable":true,"href":"https:\/\/entrenotasyacordes.com\/index.php?rest_route=\/wp\/v2\/users\/5"}],"replies":[{"embeddable":true,"href":"https:\/\/entrenotasyacordes.com\/index.php?rest_route=%2Fwp%2Fv2%2Fcomments&post=17165"}],"version-history":[{"count":1,"href":"https:\/\/entrenotasyacordes.com\/index.php?rest_route=\/wp\/v2\/posts\/17165\/revisions"}],"predecessor-version":[{"id":17171,"href":"https:\/\/entrenotasyacordes.com\/index.php?rest_route=\/wp\/v2\/posts\/17165\/revisions\/17171"}],"wp:featuredmedia":[{"embeddable":true,"href":"https:\/\/entrenotasyacordes.com\/index.php?rest_route=\/wp\/v2\/media\/17166"}],"wp:attachment":[{"href":"https:\/\/entrenotasyacordes.com\/index.php?rest_route=%2Fwp%2Fv2%2Fmedia&parent=17165"}],"wp:term":[{"taxonomy":"category","embeddable":true,"href":"https:\/\/entrenotasyacordes.com\/index.php?rest_route=%2Fwp%2Fv2%2Fcategories&post=17165"},{"taxonomy":"post_tag","embeddable":true,"href":"https:\/\/entrenotasyacordes.com\/index.php?rest_route=%2Fwp%2Fv2%2Ftags&post=17165"}],"curies":[{"name":"wp","href":"https:\/\/api.w.org\/{rel}","templated":true}]}}