{"id":17216,"date":"2025-09-12T16:12:29","date_gmt":"2025-09-12T16:12:29","guid":{"rendered":"https:\/\/entrenotasyacordes.com\/?p=17216"},"modified":"2025-09-12T16:12:29","modified_gmt":"2025-09-12T16:12:29","slug":"joaco-burgos-viernes-12-de-septiembre-vorterix-2","status":"publish","type":"post","link":"https:\/\/entrenotasyacordes.com\/?p=17216","title":{"rendered":"JOACO BURGOS&nbsp;VIERNES 12 DE SEPTIEMBRE&nbsp;|&nbsp;VORTERIX&nbsp;"},"content":{"rendered":"\n<p><\/p>\n\n\n<div class=\"wp-block-image\">\n<figure class=\"aligncenter size-large\"><img loading=\"lazy\" decoding=\"async\" width=\"240\" height=\"300\" src=\"https:\/\/entrenotasyacordes.com\/wp-content\/uploads\/2025\/09\/img_2661-240x300.png\" class=\"wp-image-17215\" srcset=\"https:\/\/entrenotasyacordes.com\/wp-content\/uploads\/2025\/09\/img_2661-240x300.png 240w, https:\/\/entrenotasyacordes.com\/wp-content\/uploads\/2025\/09\/img_2661.png 681w\" sizes=\"auto, (max-width: 240px) 100vw, 240px\" \/><\/figure>\n<\/div>\n\n\n<p>Joaco Burgos&nbsp;se&nbsp;presenta este&nbsp;viernes 12 de septiembre en Teatro Vorterix; las entradas est\u00e1n disponibles \u00fanicamente en<a href=\"https:\/\/www.allaccess.com.ar\/event\/joaco-burgos\" target=\"_blank\" rel=\"noreferrer noopener\">&nbsp;allaccess.com.ar<\/a>.&nbsp;Para este show prepara un repertorio&nbsp;que re\u00fane canciones propias de sus discos&nbsp;Mi lugar&nbsp;y&nbsp;Frenes\u00ed, tambi\u00e9n adelantar\u00e1 algunos temas que formar\u00e1n parte de su pr\u00f3ximo disco.<\/p>\n\n\n\n<p>Joaco Burgos&nbsp;es un compositor, cantante y multiinstrumentista argentino de 21 a\u00f1os, radicado en la ciudad de Buenos Aires. Con una sensibilidad musical que atraviesa el rock, el pop y el jazz, debut\u00f3 en 2022 con Mi Lugar, un \u00e1lbum producido por Juan Absatz que marc\u00f3 su primer paso en la escena. El disco, cargado de referencias sutiles y arreglos elaborados, fue presentado en vivo reiteradas veces junto a su banda \u2014integrada por Fernando Samalea, Mart\u00edn Lema, Federico Mindlis, Miranda Mindlis y Marco Merlo\u2014 en espacios clave de la escena porte\u00f1a como Caf\u00e9 Berl\u00edn, Lucille, Matienzo y Simona, entre otros.<\/p>\n\n\n\n<p>En 2024, con un enfoque m\u00e1s personal y autogestivo, Joaco lanz\u00f3 su segundo trabajo discogr\u00e1fico:&nbsp;Frenes\u00ed. Este nuevo disco profundiza en un sonido m\u00e1s pop, manteniendo su impronta autoral tanto en la composici\u00f3n como en la direcci\u00f3n art\u00edstica. Fernando Samalea, adem\u00e1s de ser un colaborador constante, grab\u00f3 las bater\u00edas de todos los temas. El proceso de grabaci\u00f3n tuvo lugar principalmente en Estudios ION, complet\u00e1ndose en diversos estudios seg\u00fan las necesidades de cada track. El \u00e1lbum incluye 11 canciones originales, consolidando su identidad art\u00edstica y su b\u00fasqueda sonora. Adem\u00e1s cuenta con la colaboraci\u00f3n de una figura de la m\u00fasica brasile\u00f1a, Chico C\u00e9sar, en el tema \u201cNaturaleza\u201d. En el marco de este lanzamiento realiz\u00f3 una gira a principios de este a\u00f1o con la que recorri\u00f3&nbsp;ciudades como Rosario, C\u00f3rdoba, Santa Fe, San Luis y Mar del Plata, entre otras.<\/p>\n\n\n\n<p>Joaco ha compartido escenario con figuras como Fito P\u00e1ez, Fabiana Cantilo y Fabi\u00e1n \u201cZorrito\u201d Von Quintiero, entre otros, sumando experiencia y presencia dentro del circuito. Tambi\u00e9n es integrante de Beats Modernos junto a los m\u00fasicos de Charly: Zorrito, Rosario Ortega y Fernando Samalea.&nbsp;<\/p>\n\n\n\n<p>El 12 de noviembre de 2024 ofreci\u00f3 un show agotado en el hist\u00f3rico Teatro Astros. Actualmente se encuentra en pleno proceso de grabaci\u00f3n de su tercer \u00e1lbum de estudio, reafirmando su camino como una de las voces emergentes con mayor proyecci\u00f3n de la nueva generaci\u00f3n.<\/p>\n","protected":false},"excerpt":{"rendered":"<p>Joaco Burgos&nbsp;se&nbsp;presenta este&nbsp;viernes 12 de septiembre en Teatro Vorterix; las entradas est\u00e1n disponibles \u00fanicamente en&nbsp;allaccess.com.ar.&nbsp;Para<\/p>\n","protected":false},"author":5,"featured_media":17215,"comment_status":"closed","ping_status":"open","sticky":false,"template":"","format":"standard","meta":{"om_disable_all_campaigns":false,"_uf_show_specific_survey":0,"_uf_disable_surveys":false,"footnotes":""},"categories":[36],"tags":[],"class_list":["post-17216","post","type-post","status-publish","format-standard","has-post-thumbnail","hentry","category-conciertos"],"_links":{"self":[{"href":"https:\/\/entrenotasyacordes.com\/index.php?rest_route=\/wp\/v2\/posts\/17216","targetHints":{"allow":["GET"]}}],"collection":[{"href":"https:\/\/entrenotasyacordes.com\/index.php?rest_route=\/wp\/v2\/posts"}],"about":[{"href":"https:\/\/entrenotasyacordes.com\/index.php?rest_route=\/wp\/v2\/types\/post"}],"author":[{"embeddable":true,"href":"https:\/\/entrenotasyacordes.com\/index.php?rest_route=\/wp\/v2\/users\/5"}],"replies":[{"embeddable":true,"href":"https:\/\/entrenotasyacordes.com\/index.php?rest_route=%2Fwp%2Fv2%2Fcomments&post=17216"}],"version-history":[{"count":1,"href":"https:\/\/entrenotasyacordes.com\/index.php?rest_route=\/wp\/v2\/posts\/17216\/revisions"}],"predecessor-version":[{"id":17217,"href":"https:\/\/entrenotasyacordes.com\/index.php?rest_route=\/wp\/v2\/posts\/17216\/revisions\/17217"}],"wp:featuredmedia":[{"embeddable":true,"href":"https:\/\/entrenotasyacordes.com\/index.php?rest_route=\/wp\/v2\/media\/17215"}],"wp:attachment":[{"href":"https:\/\/entrenotasyacordes.com\/index.php?rest_route=%2Fwp%2Fv2%2Fmedia&parent=17216"}],"wp:term":[{"taxonomy":"category","embeddable":true,"href":"https:\/\/entrenotasyacordes.com\/index.php?rest_route=%2Fwp%2Fv2%2Fcategories&post=17216"},{"taxonomy":"post_tag","embeddable":true,"href":"https:\/\/entrenotasyacordes.com\/index.php?rest_route=%2Fwp%2Fv2%2Ftags&post=17216"}],"curies":[{"name":"wp","href":"https:\/\/api.w.org\/{rel}","templated":true}]}}