{"id":17222,"date":"2025-09-12T16:16:30","date_gmt":"2025-09-12T16:16:30","guid":{"rendered":"https:\/\/entrenotasyacordes.com\/?p=17222"},"modified":"2025-09-12T16:16:30","modified_gmt":"2025-09-12T16:16:30","slug":"el-teatro-opera-la-plata-celebra-sus-73-anos-con-grandes-shows","status":"publish","type":"post","link":"https:\/\/entrenotasyacordes.com\/?p=17222","title":{"rendered":"EL TEATRO \u00d3PERA LA PLATA CELEBRA SUS 73 A\u00d1OS CON GRANDES SHOWS"},"content":{"rendered":"\n<figure class=\"wp-block-image size-large\"><img loading=\"lazy\" decoding=\"async\" width=\"819\" height=\"1024\" src=\"https:\/\/entrenotasyacordes.com\/wp-content\/uploads\/2025\/09\/img_2662-819x1024.png\" class=\"wp-image-17218\" srcset=\"https:\/\/entrenotasyacordes.com\/wp-content\/uploads\/2025\/09\/img_2662-819x1024.png 819w, https:\/\/entrenotasyacordes.com\/wp-content\/uploads\/2025\/09\/img_2662-240x300.png 240w, https:\/\/entrenotasyacordes.com\/wp-content\/uploads\/2025\/09\/img_2662-768x960.png 768w, https:\/\/entrenotasyacordes.com\/wp-content\/uploads\/2025\/09\/img_2662-1024x1280.png 1024w, https:\/\/entrenotasyacordes.com\/wp-content\/uploads\/2025\/09\/img_2662.png 1080w\" sizes=\"auto, (max-width: 819px) 100vw, 819px\" \/><\/figure>\n\n\n\n<p><strong>El \u00d3pera<\/strong>, el hist\u00f3rico teatro de la ciudad de las diagonales&nbsp;<strong>celebra 73 a\u00f1os<\/strong>&nbsp;de arte con una gran cartelera de shows, artistas multitudinarios nacionales e internacionales que regresan a sus tablas y, otros, que se subir\u00e1n a ellas por primera vez.<\/p>\n\n\n\n<p>Los&nbsp;<strong>primeros anuncios<\/strong>&nbsp;son:&nbsp;<strong>Conociendo Rusia<\/strong>&nbsp;dir\u00e1 presente el pr\u00f3ximo 21 de noviembre en el marco de gira nacional, mientras que en diciembre<strong>&nbsp;Piti Fern\u00e1ndez<\/strong>&nbsp;se presentar\u00e1 el d\u00eda 4,<strong>&nbsp;Kevin Johansen + Liniers + The Nada<\/strong>&nbsp;se suman el 12 y&nbsp;<strong>Turf&nbsp;<\/strong>har\u00e1 lo propio el 19 del mismo mes..<\/p>\n\n\n\n<p><strong>Las entradas a la venta por sistema&nbsp;<a href=\"https:\/\/livepass.com.ar\/?utm_source=perfit&#038;utm_medium=email\" target=\"_blank\" rel=\"noreferrer noopener\">Livepass<\/a>&nbsp;y boleteria del Teatro \u00d3pera La Plata<\/strong><\/p>\n\n\n\n<p><strong><em>Un poco de historia del Teatro \u00d3pera La Plata<\/em><\/strong><\/p>\n\n\n\n<p>Fundado en 1952 como cine-teatro por el Centro Literario Israelita y Biblioteca Max Nordau, el Teatro \u00d3pera fue reinvent\u00e1ndose a lo largo de las d\u00e9cadas: sala de cine, espacio teatral, centro religioso, sala de shows en vivo, lugar de encuentro comunitario, as\u00ed es como en la d\u00e9cada del 60&#8242; &nbsp;ante el encuentro entre los m\u00fasicos de Diplodocum Red &amp; Brown y los de La Cofrad\u00eda de la Flor Solar comenz\u00f3 a gestarse un gran v\u00ednculo que llevar\u00eda luego a que ambos grupos platenses hicieran varios conciertos en conjunto. Durante uno de ellos, en noviembre de 1969, Skay Beilinson conoci\u00f3 a La Negra Poli -su pareja desde entonces- y a Ricardo \u201cMono\u201d Cohen -Rocambole-, con quienes luego compartir\u00eda proyecto en Patricio Rey y sus Redonditos de Ricota, otra banda ic\u00f3nica y fundamental del rock argentino y platense.&nbsp;<\/p>\n\n\n\n<p>Por algunos a\u00f1os Teatro \u00d3pera adem\u00e1s servir\u00eda como escenario de actos pol\u00edticos liderados por organizaciones de derechos humanos; aunque tambi\u00e9n funcionaba como cine el recinto nunca dej\u00f3 de escribir cap\u00edtulos importantes para la historia del rock platense.<\/p>\n\n\n\n<p>Artistas como Babas\u00f3nicos, Almafuerte, Ratones Paranoicos, Las Pelotas, Fabiana Cantilo, Kapanga, Molotov (M\u00e9xico), Die Toten Hosen (Alemania), Nathy Peluso, Wos, Duki, YSY A, Neo Pistea, Emilia, Dillom, Julieta Venegas (M\u00e9xico), El Mato a un polic\u00eda motorizado, Rata Blanca, Airbag, Conociendo Rusia, Bandalos Chinos, Catriel y Paco Amoroso, Los Aut\u00e9nticos Decadentes, Cruzando el Charco, Cuarteto de Nos, Miranda, Estelares, Virus, Natalie Perez, Eruca Sativa, Turf, Peces Raros, Raly Barrionuevo, Chango Spasiuk, 2 Minutos, Los Pericos, Kevin Johansen, entre otros han formado parte de su inmensa historia.&nbsp;<\/p>\n\n\n\n<p>El Teatro \u00d3pera es cuna fundamental de la cultura nacional que hoy se consolida como una de las salas m\u00e1s antiguas e importantes de la regi\u00f3n.<\/p>\n","protected":false},"excerpt":{"rendered":"<p>El \u00d3pera, el hist\u00f3rico teatro de la ciudad de las diagonales&nbsp;celebra 73 a\u00f1os&nbsp;de arte con<\/p>\n","protected":false},"author":5,"featured_media":17221,"comment_status":"closed","ping_status":"open","sticky":false,"template":"","format":"standard","meta":{"om_disable_all_campaigns":false,"_uf_show_specific_survey":0,"_uf_disable_surveys":false,"footnotes":""},"categories":[36],"tags":[],"class_list":["post-17222","post","type-post","status-publish","format-standard","has-post-thumbnail","hentry","category-conciertos"],"_links":{"self":[{"href":"https:\/\/entrenotasyacordes.com\/index.php?rest_route=\/wp\/v2\/posts\/17222","targetHints":{"allow":["GET"]}}],"collection":[{"href":"https:\/\/entrenotasyacordes.com\/index.php?rest_route=\/wp\/v2\/posts"}],"about":[{"href":"https:\/\/entrenotasyacordes.com\/index.php?rest_route=\/wp\/v2\/types\/post"}],"author":[{"embeddable":true,"href":"https:\/\/entrenotasyacordes.com\/index.php?rest_route=\/wp\/v2\/users\/5"}],"replies":[{"embeddable":true,"href":"https:\/\/entrenotasyacordes.com\/index.php?rest_route=%2Fwp%2Fv2%2Fcomments&post=17222"}],"version-history":[{"count":1,"href":"https:\/\/entrenotasyacordes.com\/index.php?rest_route=\/wp\/v2\/posts\/17222\/revisions"}],"predecessor-version":[{"id":17223,"href":"https:\/\/entrenotasyacordes.com\/index.php?rest_route=\/wp\/v2\/posts\/17222\/revisions\/17223"}],"wp:featuredmedia":[{"embeddable":true,"href":"https:\/\/entrenotasyacordes.com\/index.php?rest_route=\/wp\/v2\/media\/17221"}],"wp:attachment":[{"href":"https:\/\/entrenotasyacordes.com\/index.php?rest_route=%2Fwp%2Fv2%2Fmedia&parent=17222"}],"wp:term":[{"taxonomy":"category","embeddable":true,"href":"https:\/\/entrenotasyacordes.com\/index.php?rest_route=%2Fwp%2Fv2%2Fcategories&post=17222"},{"taxonomy":"post_tag","embeddable":true,"href":"https:\/\/entrenotasyacordes.com\/index.php?rest_route=%2Fwp%2Fv2%2Ftags&post=17222"}],"curies":[{"name":"wp","href":"https:\/\/api.w.org\/{rel}","templated":true}]}}