{"id":18742,"date":"2025-11-12T00:25:03","date_gmt":"2025-11-12T00:25:03","guid":{"rendered":"https:\/\/entrenotasyacordes.com\/?p=18742"},"modified":"2025-11-12T00:25:03","modified_gmt":"2025-11-12T00:25:03","slug":"mon-laferte-en-argentina-3","status":"publish","type":"post","link":"https:\/\/entrenotasyacordes.com\/?p=18742","title":{"rendered":"MON LAFERTE EN ARGENTINA"},"content":{"rendered":"\n<p class=\"has-text-align-center\"><strong>21 DE MAYO 2026 &#8211; MOVISTAR ARENA VENTA<\/strong> GENERAL: JUEVES 13 DE NOVIEMBRE 16H<br>www.movistararena.com.ar<\/p>\n\n\n\n<figure class=\"wp-block-image size-large\"><img loading=\"lazy\" decoding=\"async\" width=\"768\" height=\"1024\" src=\"https:\/\/entrenotasyacordes.com\/wp-content\/uploads\/2025\/11\/mon-laferte-femme-fatale-tour-1080x1440-feed-c-criteria-blanco-1-768x1024.jpg\" class=\"wp-image-18741\" srcset=\"https:\/\/entrenotasyacordes.com\/wp-content\/uploads\/2025\/11\/mon-laferte-femme-fatale-tour-1080x1440-feed-c-criteria-blanco-1-768x1024.jpg 768w, https:\/\/entrenotasyacordes.com\/wp-content\/uploads\/2025\/11\/mon-laferte-femme-fatale-tour-1080x1440-feed-c-criteria-blanco-1-225x300.jpg 225w, https:\/\/entrenotasyacordes.com\/wp-content\/uploads\/2025\/11\/mon-laferte-femme-fatale-tour-1080x1440-feed-c-criteria-blanco-1-1024x1365.jpg 1024w, https:\/\/entrenotasyacordes.com\/wp-content\/uploads\/2025\/11\/mon-laferte-femme-fatale-tour-1080x1440-feed-c-criteria-blanco-1.jpg 1080w\" sizes=\"auto, (max-width: 768px) 100vw, 768px\" \/><\/figure>\n\n\n\n<p>La aclamada cantante m\u00e9xico-chilena regresa al pa\u00eds en el 2026, en el marco de su tour internacional FEMME FATALE.<\/p>\n\n\n\n<p>Due\u00f1a de una voz \u00fanica y de una sensibilidad que atraviesa g\u00e9neros y generaciones, Mon promete encender el escenario del Movistar Arena en una noche donde convivir\u00e1n el rock, el punk, los boleros y el pop que la convirtieron en una de las artistas m\u00e1s vers\u00e1tiles de la m\u00fasica latina.<\/p>\n\n\n\n<p>Con una puesta en escena renovada, el p\u00fablico podr\u00e1 disfrutar de un repertorio que incluir\u00e1 un repaso por todos sus discos, sus grandes \u00e9xitos y su nuevo trabajo discogr\u00e1fico.<\/p>\n\n\n\n<p><strong>M\u00e1s sobre Femme Fatale<\/strong><\/p>\n\n\n\n<p>Mon Laferte, multipremiada y reconocida globalmente, se embarca en una nueva gira para promocionar su m\u00e1s reciente disco: Femme Fatale<\/p>\n\n\n\n<p>Este nuevo \u00e1lbum de estudio de Mon Laferte se compone de 14 canciones, donde el pop alternativo y el jazz se entrelazan en un territorio sonoro oscuro, sofisticado y profundamente po\u00e9tico. El t\u00edtulo del disco remite a la figura arquet\u00edpica de la femme fatale: misteriosa, intensa y contradictoria. La artista hace suya esta definici\u00f3n, transform\u00e1ndola en una declaraci\u00f3n de seguridad y poder. Con su afilada pluma, esa fuerza se convierte en m\u00fasica, poes\u00eda y confesi\u00f3n.<\/p>\n\n\n\n<p>En Femme Fatale, Mon Laferte se adentra en un lenguaje h\u00edbrido, donde las armon\u00edas densas y las atm\u00f3sferas nocturnas del jazz, conviven con la frescura e inmediatez del pop alternativo. El resultado es un disco elegante y brutal, donde se mezcla lo cl\u00e1sico con lo experimental para crear un universo sonoro \u00fanico.<\/p>\n\n\n\n<p>La producci\u00f3n incluye los sencillos previamente lanzados, \u201cEsto Es Amor\u201d, junto a Conociendo Rusia, y la potente,<\/p>\n\n\n\n<p>\u201cLa Tirana\u201d, haciendo mancuerna con Nathy Peluso. Adem\u00e1s, el \u00e1lbum trae consigo colaboraciones in\u00e9ditas con el cantautor brasile\u00f1o TIAGO IORC, y un encuentro estelar con las cantautoras mexicanas Natalia Lafourcade y Silvana Estrada en: \u201cMy One And Only Love\u201d.<\/p>\n","protected":false},"excerpt":{"rendered":"<p>21 DE MAYO 2026 &#8211; MOVISTAR ARENA VENTA GENERAL: JUEVES 13 DE NOVIEMBRE 16Hwww.movistararena.com.ar La<\/p>\n","protected":false},"author":5,"featured_media":18741,"comment_status":"closed","ping_status":"open","sticky":false,"template":"","format":"standard","meta":{"om_disable_all_campaigns":false,"_uf_show_specific_survey":0,"_uf_disable_surveys":false,"footnotes":""},"categories":[36,34],"tags":[],"class_list":["post-18742","post","type-post","status-publish","format-standard","has-post-thumbnail","hentry","category-conciertos","category-ultimas-noticias"],"_links":{"self":[{"href":"https:\/\/entrenotasyacordes.com\/index.php?rest_route=\/wp\/v2\/posts\/18742","targetHints":{"allow":["GET"]}}],"collection":[{"href":"https:\/\/entrenotasyacordes.com\/index.php?rest_route=\/wp\/v2\/posts"}],"about":[{"href":"https:\/\/entrenotasyacordes.com\/index.php?rest_route=\/wp\/v2\/types\/post"}],"author":[{"embeddable":true,"href":"https:\/\/entrenotasyacordes.com\/index.php?rest_route=\/wp\/v2\/users\/5"}],"replies":[{"embeddable":true,"href":"https:\/\/entrenotasyacordes.com\/index.php?rest_route=%2Fwp%2Fv2%2Fcomments&post=18742"}],"version-history":[{"count":1,"href":"https:\/\/entrenotasyacordes.com\/index.php?rest_route=\/wp\/v2\/posts\/18742\/revisions"}],"predecessor-version":[{"id":18743,"href":"https:\/\/entrenotasyacordes.com\/index.php?rest_route=\/wp\/v2\/posts\/18742\/revisions\/18743"}],"wp:featuredmedia":[{"embeddable":true,"href":"https:\/\/entrenotasyacordes.com\/index.php?rest_route=\/wp\/v2\/media\/18741"}],"wp:attachment":[{"href":"https:\/\/entrenotasyacordes.com\/index.php?rest_route=%2Fwp%2Fv2%2Fmedia&parent=18742"}],"wp:term":[{"taxonomy":"category","embeddable":true,"href":"https:\/\/entrenotasyacordes.com\/index.php?rest_route=%2Fwp%2Fv2%2Fcategories&post=18742"},{"taxonomy":"post_tag","embeddable":true,"href":"https:\/\/entrenotasyacordes.com\/index.php?rest_route=%2Fwp%2Fv2%2Ftags&post=18742"}],"curies":[{"name":"wp","href":"https:\/\/api.w.org\/{rel}","templated":true}]}}