{"id":18756,"date":"2025-11-12T22:01:26","date_gmt":"2025-11-12T22:01:26","guid":{"rendered":"https:\/\/entrenotasyacordes.com\/?p=18756"},"modified":"2025-11-12T22:01:26","modified_gmt":"2025-11-12T22:01:26","slug":"desakta2-festeja-su-4to-aniversario-en-el-gran-rex","status":"publish","type":"post","link":"https:\/\/entrenotasyacordes.com\/?p=18756","title":{"rendered":"DESAKTA2 FESTEJA SU 4TO ANIVERSARIO EN EL GRAN REX"},"content":{"rendered":"\n<p>\u00a1La banda de cuarteto vuelve a Buenos Aires con una fiesta inolvidable!<\/p>\n\n\n<div class=\"wp-block-image\">\n<figure class=\"aligncenter size-large\"><img loading=\"lazy\" decoding=\"async\" width=\"819\" height=\"1024\" src=\"https:\/\/entrenotasyacordes.com\/wp-content\/uploads\/2025\/11\/flyer-desakta2-en-el-gran-rex-819x1024.jpg\" class=\"wp-image-18754\" srcset=\"https:\/\/entrenotasyacordes.com\/wp-content\/uploads\/2025\/11\/flyer-desakta2-en-el-gran-rex-819x1024.jpg 819w, https:\/\/entrenotasyacordes.com\/wp-content\/uploads\/2025\/11\/flyer-desakta2-en-el-gran-rex-240x300.jpg 240w, https:\/\/entrenotasyacordes.com\/wp-content\/uploads\/2025\/11\/flyer-desakta2-en-el-gran-rex-768x960.jpg 768w, https:\/\/entrenotasyacordes.com\/wp-content\/uploads\/2025\/11\/flyer-desakta2-en-el-gran-rex-1024x1280.jpg 1024w, https:\/\/entrenotasyacordes.com\/wp-content\/uploads\/2025\/11\/flyer-desakta2-en-el-gran-rex.jpg 1200w\" sizes=\"auto, (max-width: 819px) 100vw, 819px\" \/><\/figure>\n<\/div>\n\n\n<p>Desakta2 se prepara para celebrar sus cuatro a\u00f1os de trayectoria a lo grande: el jueves 20 de noviembre el emblem\u00e1tico Teatro Gran Rex se convertir\u00e1 en una verdadera fiesta cuartetera.<br>Con su carisma inigualable y la alegr\u00eda que los caracteriza, la banda cordobesa encabezada por Joaqu\u00edn Martin y Fernando Olmedo, nos regalar\u00e1 una noche a puro baile, recorriendo un explosivo repertorio cargado de cl\u00e1sicos que ya conquistaron al p\u00fablico. Las entradas se pueden adquirir a trav\u00e9s de TuEntrada.com.<\/p>\n\n\n\n<p>SOBRE DESAKTA2<\/p>\n\n\n\n<p>Desakta2 es una banda cordobesa de cuarteto compuesta por los vocalistas Joaqu\u00edn Mart\u00edn y Fernando Olmedo. Su debut art\u00edstico fue en octubre del 2021, en el Rosario Chateau de C\u00f3rdoba y, desde ese momento, su crecimiento ha sido mete\u00f3rico, present\u00e1ndose en diferentes boliches y festivales del interior de la provincia y del pa\u00eds con una excelente convocatoria en constante ascenso.<\/p>\n\n\n\n<p>Entre sus presentaciones m\u00e1s destacadas se encuentran los festivales Cosqu\u00edn Cuarteto, Festival de Pe\u00f1as de Villa y Festival de Jes\u00fas Mar\u00eda, tambi\u00e9n emblem\u00e1ticos escenarios de C\u00f3rdoba como Forja Eventos y la Plaza de la M\u00fasica, donde se convirtieron en un cl\u00e1sico mensual con entradas agotadas en cada fecha.<\/p>\n\n\n\n<p>En este 2025, Desakta2 marc\u00f3 otro hito al presentarse por primera vez en el Teatro Gran Rex con entradas agotadas y sumando varias presentaciones en el C Art Media en formato fiesta.<\/p>\n\n\n\n<p>Con una carrera en pleno ascenso y un p\u00fablico que los acompa\u00f1a en cada paso, Desakta2 demuestra que su lugar en la escena del cuarteto ya es indiscutido. Con su identidad cordobesa, su m\u00fasica y su energ\u00eda, siguen conquistando cada rinc\u00f3n del pa\u00eds.<\/p>\n","protected":false},"excerpt":{"rendered":"<p>\u00a1La banda de cuarteto vuelve a Buenos Aires con una fiesta inolvidable! Desakta2 se prepara<\/p>\n","protected":false},"author":5,"featured_media":18755,"comment_status":"closed","ping_status":"open","sticky":false,"template":"","format":"standard","meta":{"om_disable_all_campaigns":false,"_uf_show_specific_survey":0,"_uf_disable_surveys":false,"footnotes":""},"categories":[36],"tags":[],"class_list":["post-18756","post","type-post","status-publish","format-standard","has-post-thumbnail","hentry","category-conciertos"],"_links":{"self":[{"href":"https:\/\/entrenotasyacordes.com\/index.php?rest_route=\/wp\/v2\/posts\/18756","targetHints":{"allow":["GET"]}}],"collection":[{"href":"https:\/\/entrenotasyacordes.com\/index.php?rest_route=\/wp\/v2\/posts"}],"about":[{"href":"https:\/\/entrenotasyacordes.com\/index.php?rest_route=\/wp\/v2\/types\/post"}],"author":[{"embeddable":true,"href":"https:\/\/entrenotasyacordes.com\/index.php?rest_route=\/wp\/v2\/users\/5"}],"replies":[{"embeddable":true,"href":"https:\/\/entrenotasyacordes.com\/index.php?rest_route=%2Fwp%2Fv2%2Fcomments&post=18756"}],"version-history":[{"count":1,"href":"https:\/\/entrenotasyacordes.com\/index.php?rest_route=\/wp\/v2\/posts\/18756\/revisions"}],"predecessor-version":[{"id":18757,"href":"https:\/\/entrenotasyacordes.com\/index.php?rest_route=\/wp\/v2\/posts\/18756\/revisions\/18757"}],"wp:featuredmedia":[{"embeddable":true,"href":"https:\/\/entrenotasyacordes.com\/index.php?rest_route=\/wp\/v2\/media\/18755"}],"wp:attachment":[{"href":"https:\/\/entrenotasyacordes.com\/index.php?rest_route=%2Fwp%2Fv2%2Fmedia&parent=18756"}],"wp:term":[{"taxonomy":"category","embeddable":true,"href":"https:\/\/entrenotasyacordes.com\/index.php?rest_route=%2Fwp%2Fv2%2Fcategories&post=18756"},{"taxonomy":"post_tag","embeddable":true,"href":"https:\/\/entrenotasyacordes.com\/index.php?rest_route=%2Fwp%2Fv2%2Ftags&post=18756"}],"curies":[{"name":"wp","href":"https:\/\/api.w.org\/{rel}","templated":true}]}}