{"id":18760,"date":"2025-11-13T01:15:44","date_gmt":"2025-11-13T01:15:44","guid":{"rendered":"https:\/\/entrenotasyacordes.com\/?p=18760"},"modified":"2025-11-13T01:16:26","modified_gmt":"2025-11-13T01:16:26","slug":"owin-la-voz-del-perreo-estreno-es-la-que-va-remix","status":"publish","type":"post","link":"https:\/\/entrenotasyacordes.com\/?p=18760","title":{"rendered":"Owin, la voz del perreo, estren\u00f3 \u00abEs la que va remix\u00bb"},"content":{"rendered":"\n<p>Ya&nbsp;Disponible&nbsp;en&nbsp;todas&nbsp;las plataformas&nbsp;digitales<\/p>\n\n\n<div class=\"wp-block-image\">\n<figure class=\"aligncenter size-large\"><img loading=\"lazy\" decoding=\"async\" width=\"682\" height=\"1024\" src=\"https:\/\/entrenotasyacordes.com\/wp-content\/uploads\/2025\/11\/img_7511-682x1024.jpg\" class=\"wp-image-18758\" srcset=\"https:\/\/entrenotasyacordes.com\/wp-content\/uploads\/2025\/11\/img_7511-682x1024.jpg 682w, https:\/\/entrenotasyacordes.com\/wp-content\/uploads\/2025\/11\/img_7511-200x300.jpg 200w, https:\/\/entrenotasyacordes.com\/wp-content\/uploads\/2025\/11\/img_7511-768x1152.jpg 768w, https:\/\/entrenotasyacordes.com\/wp-content\/uploads\/2025\/11\/img_7511-1024x1536.jpg 1024w, https:\/\/entrenotasyacordes.com\/wp-content\/uploads\/2025\/11\/img_7511.jpg 1333w\" sizes=\"auto, (max-width: 682px) 100vw, 682px\" \/><\/figure>\n<\/div>\n\n\n<p class=\"s19\">El movimiento urbano argentino vuelve a encenderse con el regreso de&nbsp;Owin,&nbsp;La Voz del Perreo, quien despu\u00e9s de seis a\u00f1os de inactividad musical,&nbsp;presenta&nbsp;\u201cEs La Que Va Remix\u201d&nbsp;junto a los productores del momento,&nbsp;Tuti DJ y Pereira Remix.<\/p>\n\n\n\n<p class=\"s21\">La nueva versi\u00f3n revive uno de los cl\u00e1sicos m\u00e1s importantes del g\u00e9nero&nbsp;urbano nacional y marca un nuevo cap\u00edtulo en la historia del reggaet\u00f3n hecho en Argentina.<\/p>\n\n\n\n<p class=\"s24\">Reconocido como uno de los primeros artistas argentinos en hacer&nbsp;reggaet\u00f3n cuando a\u00fan no exist\u00eda una industria urbana local,&nbsp;Owin&nbsp;fue pionero&nbsp;en&nbsp;abrir&nbsp;camino para una generaci\u00f3n que hoy&nbsp;domina&nbsp;la&nbsp;escena.&nbsp;Con&nbsp;colaboraciones&nbsp;junto&nbsp;a&nbsp;artistas internacionales de Puerto Rico, Colombia y Chile, se consolid\u00f3 como un referente del sonido latino desde el sur del continente.<\/p>\n\n\n\n<p class=\"s25\"><a><\/a>Su regreso con&nbsp;\u201cEs La Que Va Remix\u201d&nbsp;representa una reivindicaci\u00f3n de esa trayectoria,&nbsp;fusionando&nbsp;experiencia,talento&nbsp;y&nbsp;visi\u00f3n&nbsp;actual.&nbsp;Originalmente&nbsp;lanzado&nbsp;en 2014,&nbsp;\u201cEsLa Que Va\u201d&nbsp;se convirti\u00f3 en un himno de los comienzos del g\u00e9nero, una de las primeras canciones en fusionar el turreo argentino con el perreo puertorrique\u00f1o, anticipando un sonido que a\u00f1os despu\u00e9s dominar\u00eda la escena&nbsp;global.<\/p>\n\n\n\n<p class=\"s26\"><a><\/a>Ahora, bajo la direcci\u00f3n musical de&nbsp;Tuti DJ&nbsp;y&nbsp;PereiraRemix,&nbsp;la&nbsp;canci\u00f3n&nbsp;renace&nbsp;con una energ\u00eda totalmente renovada y una producci\u00f3n de nivel internacional.<\/p>\n\n\n\n<p class=\"s26\">Considerados como los productores del momento, revelaci\u00f3n del RKT argentino,&nbsp;Tuti dj&nbsp;y Pereira Remix&nbsp;vienen marcando un antes y un despu\u00e9s en&nbsp;la&nbsp;manera&nbsp;de producir y presentar shows en vivo, incorporando innovaciones sonoras, visuales y perform\u00e1ticas que redefinen el formato del&nbsp;g\u00e9nero. En&nbsp;esta&nbsp;nueva&nbsp;versi\u00f3n&nbsp;se&nbsp;suman El Aggume, MC Tota, Luam, Ezequiel Matthysse, logrando una colaboraci\u00f3n explosiva que conecta generaciones, estilos y culturas en un solo tema.<\/p>\n\n\n\n<p class=\"s27\"><a><\/a>El&nbsp;Agume&nbsp;se destaca como uno de los exponentes m\u00e1s s\u00f3lidos de la&nbsp;nueva generaci\u00f3n del RKT, aportando su flow distintivo&nbsp;y&nbsp;su&nbsp;energ\u00eda&nbsp;caracter\u00edstica&nbsp;que&nbsp;hoy lo posicionan como una de las voces m\u00e1s escuchadas del movimiento.<\/p>\n\n\n\n<p class=\"s21\">Por su parte, Luam, exintegrante del recordado conjuntoNotoLokos, aporta&nbsp;su identidad inconfundible y su estilo representativo del turreo argentino, consolidando una participaci\u00f3n clave en el equilibrio entre lo cl\u00e1sico y lo moderno.<\/p>\n\n\n\n<p class=\"s26\"><a><\/a>Desde Brasil, MC Tota&nbsp;imprime&nbsp;su&nbsp;sello&nbsp;con&nbsp;un&nbsp;toque&nbsp;de&nbsp;funkbrasile\u00f1o&nbsp;que&nbsp;potencia la versatilidad del remix, creando una mezcla de ritmos ideal para acompa\u00f1ar la temporada de verano 2026.<\/p>\n\n\n\n<p class=\"s21\">Mientras tanto, Ezequiel Matthysse, conocido tambi\u00e9n como&nbsp;\u201cEl&nbsp;Boxindanga\u201d, sorprende al combinar su carrera musical con su faceta de boxeador profesional, aportando autenticidad y actitud a un tema que vibra con energ\u00eda de ring y de pista.<\/p>\n\n\n\n<p class=\"s29\">\u201cEste remix es un homenaje a todo lo que represent\u00f3 esa primera&nbsp;etapa del reggaet\u00f3n argentino, pero tambi\u00e9n una muestra de c\u00f3mo evolucionamos. El g\u00e9nero creci\u00f3, el p\u00fablico cambi\u00f3, y hoy tenemos una escena que vibra con fuerza propia\u201d,&nbsp;destaca&nbsp;Owin, La Voz del Perreo.<\/p>\n\n\n\n<p class=\"s30\">&nbsp;El videoclip oficial, filmado en Buenos Aires, en la zona de barracas en&nbsp;la denominada MANSI\u00d3N RADETIC&nbsp;refleja esa uni\u00f3n entre generaciones con una puesta visual moderna y callejera, combinando la est\u00e9tica del barrio con la fuerza&nbsp;del show contempor\u00e1neo.<\/p>\n\n\n\n<p class=\"s20\">&nbsp;Con este lanzamiento,&nbsp;\u201cEs La Que Va Remix\u201d&nbsp;se posiciona como uno de los grandes regresos del a\u00f1o, celebrando las ra\u00edces del reggaet\u00f3n argentino&nbsp;y proyectando su evoluci\u00f3n hacia el futuro.<\/p>\n\n\n<div class=\"wp-block-image\">\n<figure class=\"aligncenter size-large\"><img loading=\"lazy\" decoding=\"async\" width=\"300\" height=\"169\" src=\"https:\/\/entrenotasyacordes.com\/wp-content\/uploads\/2025\/11\/portada-es-la-que-va-remix-300x169.jpg\" class=\"wp-image-18759\" srcset=\"https:\/\/entrenotasyacordes.com\/wp-content\/uploads\/2025\/11\/portada-es-la-que-va-remix-300x169.jpg 300w, https:\/\/entrenotasyacordes.com\/wp-content\/uploads\/2025\/11\/portada-es-la-que-va-remix.jpg 480w\" sizes=\"auto, (max-width: 300px) 100vw, 300px\" \/><\/figure>\n<\/div>","protected":false},"excerpt":{"rendered":"<p>Ya&nbsp;Disponible&nbsp;en&nbsp;todas&nbsp;las plataformas&nbsp;digitales El movimiento urbano argentino vuelve a encenderse con el regreso de&nbsp;Owin,&nbsp;La Voz del<\/p>\n","protected":false},"author":5,"featured_media":18759,"comment_status":"closed","ping_status":"open","sticky":false,"template":"","format":"standard","meta":{"om_disable_all_campaigns":false,"_uf_show_specific_survey":0,"_uf_disable_surveys":false,"footnotes":""},"categories":[4],"tags":[],"class_list":["post-18760","post","type-post","status-publish","format-standard","has-post-thumbnail","hentry","category-musica"],"_links":{"self":[{"href":"https:\/\/entrenotasyacordes.com\/index.php?rest_route=\/wp\/v2\/posts\/18760","targetHints":{"allow":["GET"]}}],"collection":[{"href":"https:\/\/entrenotasyacordes.com\/index.php?rest_route=\/wp\/v2\/posts"}],"about":[{"href":"https:\/\/entrenotasyacordes.com\/index.php?rest_route=\/wp\/v2\/types\/post"}],"author":[{"embeddable":true,"href":"https:\/\/entrenotasyacordes.com\/index.php?rest_route=\/wp\/v2\/users\/5"}],"replies":[{"embeddable":true,"href":"https:\/\/entrenotasyacordes.com\/index.php?rest_route=%2Fwp%2Fv2%2Fcomments&post=18760"}],"version-history":[{"count":1,"href":"https:\/\/entrenotasyacordes.com\/index.php?rest_route=\/wp\/v2\/posts\/18760\/revisions"}],"predecessor-version":[{"id":18761,"href":"https:\/\/entrenotasyacordes.com\/index.php?rest_route=\/wp\/v2\/posts\/18760\/revisions\/18761"}],"wp:featuredmedia":[{"embeddable":true,"href":"https:\/\/entrenotasyacordes.com\/index.php?rest_route=\/wp\/v2\/media\/18759"}],"wp:attachment":[{"href":"https:\/\/entrenotasyacordes.com\/index.php?rest_route=%2Fwp%2Fv2%2Fmedia&parent=18760"}],"wp:term":[{"taxonomy":"category","embeddable":true,"href":"https:\/\/entrenotasyacordes.com\/index.php?rest_route=%2Fwp%2Fv2%2Fcategories&post=18760"},{"taxonomy":"post_tag","embeddable":true,"href":"https:\/\/entrenotasyacordes.com\/index.php?rest_route=%2Fwp%2Fv2%2Ftags&post=18760"}],"curies":[{"name":"wp","href":"https:\/\/api.w.org\/{rel}","templated":true}]}}