{"id":18787,"date":"2025-11-15T03:13:23","date_gmt":"2025-11-15T03:13:23","guid":{"rendered":"https:\/\/entrenotasyacordes.com\/?p=18787"},"modified":"2025-11-15T03:13:23","modified_gmt":"2025-11-15T03:13:23","slug":"alejandro-lerner-sera-declarado-personalidad-emerita-de-la-cultura-de-la-nacion","status":"publish","type":"post","link":"https:\/\/entrenotasyacordes.com\/?p=18787","title":{"rendered":"Alejandro Lerner ser\u00e1 declarado Personalidad Em\u00e9rita de la Cultura de la Naci\u00f3n"},"content":{"rendered":"<div class=\"wp-block-image\">\n<figure class=\"aligncenter size-large\"><img loading=\"lazy\" decoding=\"async\" width=\"300\" height=\"200\" src=\"https:\/\/entrenotasyacordes.com\/wp-content\/uploads\/2025\/11\/img_4507-300x200.jpg\" class=\"wp-image-18786\" srcset=\"https:\/\/entrenotasyacordes.com\/wp-content\/uploads\/2025\/11\/img_4507-300x200.jpg 300w, https:\/\/entrenotasyacordes.com\/wp-content\/uploads\/2025\/11\/img_4507.jpg 700w\" sizes=\"auto, (max-width: 300px) 100vw, 300px\" \/><\/figure>\n<\/div>\n\n\n<p>El pr\u00f3ximo 22 de noviembre recibir\u00e1 la m\u00e1xima distinci\u00f3n que el pa\u00eds le da a un artista argentino. Ser\u00e1 luego de un concierto homenaje, dirigido por Dami\u00e1n Mahler e interpretado por la Orquesta Orquesta Nacional de M\u00fasica Argentina Juan de Dios Filiberto, junto a solistas del Coro Polif\u00f3nico Nacional y del Coro Nacional de M\u00fasica Argentina.<\/p>\n\n\n\n<p><strong>Alejandro Lerner&nbsp;<\/strong>suma un nuevo gran reconocimiento a su vasta trayectoria: ser\u00e1 declarad<strong>o Personalidad Em\u00e9rita de la Cultura de la Naci\u00f3n<\/strong>&nbsp;por la Secretar\u00eda de Cultura de la Naci\u00f3n.&nbsp;La entrega de la distinci\u00f3n se realizar\u00e1 el pr\u00f3ximo&nbsp;<strong>22 de noviembre<\/strong>, en el Auditorio del Palacio Libertad en el marco de un concierto homenaje a su obra. Esa noche, recibir\u00e1 el reconocimiento de manos del&nbsp; Secretario de Cultura de la Naci\u00f3n, Leonardo Cifelli. En el homenaje, bajo la direcci\u00f3n de Dami\u00e1n Mahler, la Orquesta Nacional de M\u00fasica Argentina Juan de Dios Filiberto, junto a solistas del Coro Polif\u00f3nico Nacional y del Coro Nacional de la M\u00fasica Argentina, recorrer\u00e1n esas canciones del artista que se convirtieron en himnos de la m\u00fasica de habla hispana, y que le valieron el Latin Grammy a la Excelencia Musical 2024.&nbsp;<\/p>\n\n\n\n<p>Con gran emoci\u00f3n, al momento de enterarse del gran reconocimiento que recibir\u00e1,&nbsp;<strong>Alejandro&nbsp;<\/strong>declar\u00f3: \u201c<em>Esta distinci\u00f3n refuerza mi sentido de pertenencia. Ser argentino es saber que uno siempre tiene ad\u00f3nde volver. Gracias por el afecto que mi gente renueva y que me permite ser parte de la cultura de mi patria. \u00a1Gracias, gracias, gracias!<\/em>\u201d<\/p>\n\n\n\n<p>Sobre el motivo de esta distinci\u00f3n al artista, el<strong>&nbsp;Secretario de Cultura de la Naci\u00f3n Leonardo Cifarelli<\/strong>&nbsp;expres\u00f3 \u201c<em>Alejandro ha marcado generaciones con su talento, su voz y su palabra. Autor de canciones que forman parte del coraz\u00f3n colectivo de los argentinos, sabe unir la poes\u00eda popular con la emoci\u00f3n, transformando sentimientos comunes en obras que trascienden el tiempo y las fronteras. Este reconocimiento celebra no solo su aporte a la m\u00fasica y a la poes\u00eda argentina, sino tambi\u00e9n su calidez humana, su compromiso con la excelencia y su permanente vocaci\u00f3n de transmitir valores a trav\u00e9s del arte<\/em>\u201d<\/p>\n\n\n\n<p>Luego de recibir el reconocimiento,&nbsp; Alejandro continuar\u00e1 con&nbsp;<strong>La banda sonora de tu vida<\/strong>, un tour con el que se present\u00f3 con entradas agotadas en el Teatro Gran Rex, y que lo&nbsp; llev\u00f3 durante el 2024 por los escenarios de Buenos Aires, San Juan, Mendoza, Misiones, Mar del Plata, C\u00f3rdoba, Neuqu\u00e9n, R\u00edo Negro y Rosario, entre otros. Los pr\u00f3ximos shows de la gira son:&nbsp;<strong>8 de diciembre&nbsp;<\/strong>en el&nbsp;<strong>Teatro Gran Ituzaing\u00f3<\/strong>, y&nbsp;<strong>13 de diciembre&nbsp;<\/strong>en el&nbsp;<strong>Teatro Don Bosco de San Isidro<\/strong>. Las entradas se encuentran a la venta por&nbsp;<a href=\"https:\/\/delivery.hipermailer.com.ar\/do\/trkln.php?index=1024083402AZD&amp;id=ristywusrqyotstwt&amp;url=aHR0cHM6Ly93d3cudHVlbnRyYWRhLmNvbS8%3D\">Tuentrada.com<\/a>&nbsp;<br \/><br \/>Con una vasta trayectoria, Alejandro Lerner recibi\u00f3 innumerables reconocimientos. Entre ellos, en el mes de noviembre del 2024 la Academia Latina de la Grabaci\u00f3n\u00ae lo distingui\u00f3 con el Latin Grammy a la Excelencia Musical 2024, m\u00e1ximo galard\u00f3n que la organizaci\u00f3n otorga a un m\u00fasico en reconocimiento a su trayectoria.&nbsp; Cabe recordar, que durante el 2024 el artista ha realizado m\u00e1s de 80 shows agotados entre Argentina, Espa\u00f1a y Estados Unidos.<br \/><br \/>Entre sus \u00faltimos lanzamientos se encuentra una versi\u00f3n del cl\u00e1sico \u201cVolver a empezar\u201d junto a Los \u00c1ngeles Azules, en festejo al Latin Grammy recibidos por ambos. Tambi\u00e9n present\u00f3 con gran \u00e9xito Mi Argentina, una canci\u00f3n nacida de la profunda necesidad del artista de abrazar al pueblo argentino con su m\u00fasica.<\/p>\n\n\n\n<p>Adem\u00e1s, recientemente fue invitado a participar en el jurado del prestigioso Premio Konex&nbsp; como vicepresidente.&nbsp;<\/p>\n","protected":false},"excerpt":{"rendered":"<p>El pr\u00f3ximo 22 de noviembre recibir\u00e1 la m\u00e1xima distinci\u00f3n que el pa\u00eds le da a<\/p>\n","protected":false},"author":5,"featured_media":18786,"comment_status":"closed","ping_status":"open","sticky":false,"template":"","format":"standard","meta":{"om_disable_all_campaigns":false,"_uf_show_specific_survey":0,"_uf_disable_surveys":false,"footnotes":""},"categories":[34],"tags":[],"class_list":["post-18787","post","type-post","status-publish","format-standard","has-post-thumbnail","hentry","category-ultimas-noticias"],"_links":{"self":[{"href":"https:\/\/entrenotasyacordes.com\/index.php?rest_route=\/wp\/v2\/posts\/18787","targetHints":{"allow":["GET"]}}],"collection":[{"href":"https:\/\/entrenotasyacordes.com\/index.php?rest_route=\/wp\/v2\/posts"}],"about":[{"href":"https:\/\/entrenotasyacordes.com\/index.php?rest_route=\/wp\/v2\/types\/post"}],"author":[{"embeddable":true,"href":"https:\/\/entrenotasyacordes.com\/index.php?rest_route=\/wp\/v2\/users\/5"}],"replies":[{"embeddable":true,"href":"https:\/\/entrenotasyacordes.com\/index.php?rest_route=%2Fwp%2Fv2%2Fcomments&post=18787"}],"version-history":[{"count":1,"href":"https:\/\/entrenotasyacordes.com\/index.php?rest_route=\/wp\/v2\/posts\/18787\/revisions"}],"predecessor-version":[{"id":18788,"href":"https:\/\/entrenotasyacordes.com\/index.php?rest_route=\/wp\/v2\/posts\/18787\/revisions\/18788"}],"wp:featuredmedia":[{"embeddable":true,"href":"https:\/\/entrenotasyacordes.com\/index.php?rest_route=\/wp\/v2\/media\/18786"}],"wp:attachment":[{"href":"https:\/\/entrenotasyacordes.com\/index.php?rest_route=%2Fwp%2Fv2%2Fmedia&parent=18787"}],"wp:term":[{"taxonomy":"category","embeddable":true,"href":"https:\/\/entrenotasyacordes.com\/index.php?rest_route=%2Fwp%2Fv2%2Fcategories&post=18787"},{"taxonomy":"post_tag","embeddable":true,"href":"https:\/\/entrenotasyacordes.com\/index.php?rest_route=%2Fwp%2Fv2%2Ftags&post=18787"}],"curies":[{"name":"wp","href":"https:\/\/api.w.org\/{rel}","templated":true}]}}