{"id":18812,"date":"2025-11-16T02:15:58","date_gmt":"2025-11-16T02:15:58","guid":{"rendered":"https:\/\/entrenotasyacordes.com\/?p=18812"},"modified":"2025-11-16T02:15:58","modified_gmt":"2025-11-16T02:15:58","slug":"patito-feo-la-musica-de-tu-infancia-llega-a-youtube-y-spotify","status":"publish","type":"post","link":"https:\/\/entrenotasyacordes.com\/?p=18812","title":{"rendered":"PATITO FEO: LA M\u00daSICA DE TU INFANCIA LLEGA A YOUTUBE Y SPOTIFY"},"content":{"rendered":"\n<p>Las canciones originales de la exitosa serie de televisi\u00f3n Patito Feo por primera vez est\u00e1n disponibles para escuchar en Spotify, YouTube y todas las plataformas digitales<\/p>\n\n\n\n<div class=\"wp-block-columns is-layout-flex wp-container-core-columns-is-layout-28f84493 wp-block-columns-is-layout-flex\">\n<div class=\"wp-block-column is-layout-flow wp-block-column-is-layout-flow\"><div class=\"wp-block-image\">\n<figure class=\"aligncenter size-large\"><img loading=\"lazy\" decoding=\"async\" width=\"1024\" height=\"1024\" src=\"https:\/\/entrenotasyacordes.com\/wp-content\/uploads\/2025\/11\/la-historia-mas-bonita-1024x1024.jpg\" class=\"wp-image-18809\" srcset=\"https:\/\/entrenotasyacordes.com\/wp-content\/uploads\/2025\/11\/la-historia-mas-bonita-1024x1024.jpg 1024w, https:\/\/entrenotasyacordes.com\/wp-content\/uploads\/2025\/11\/la-historia-mas-bonita-300x300.jpg 300w, https:\/\/entrenotasyacordes.com\/wp-content\/uploads\/2025\/11\/la-historia-mas-bonita-150x150.jpg 150w, https:\/\/entrenotasyacordes.com\/wp-content\/uploads\/2025\/11\/la-historia-mas-bonita-768x768.jpg 768w, https:\/\/entrenotasyacordes.com\/wp-content\/uploads\/2025\/11\/la-historia-mas-bonita-1536x1536.jpg 1536w, https:\/\/entrenotasyacordes.com\/wp-content\/uploads\/2025\/11\/la-historia-mas-bonita-50x50.jpg 50w, https:\/\/entrenotasyacordes.com\/wp-content\/uploads\/2025\/11\/la-historia-mas-bonita.jpg 2000w\" sizes=\"auto, (max-width: 1024px) 100vw, 1024px\" \/><\/figure>\n<\/div><\/div>\n\n\n\n<div class=\"wp-block-column is-layout-flow wp-block-column-is-layout-flow\"><div class=\"wp-block-image\">\n<figure class=\"aligncenter size-large\"><img loading=\"lazy\" decoding=\"async\" width=\"1024\" height=\"1024\" src=\"https:\/\/entrenotasyacordes.com\/wp-content\/uploads\/2025\/11\/patito-feo-en-el-teatro-1024x1024.jpg\" class=\"wp-image-18810\" srcset=\"https:\/\/entrenotasyacordes.com\/wp-content\/uploads\/2025\/11\/patito-feo-en-el-teatro-1024x1024.jpg 1024w, https:\/\/entrenotasyacordes.com\/wp-content\/uploads\/2025\/11\/patito-feo-en-el-teatro-300x300.jpg 300w, https:\/\/entrenotasyacordes.com\/wp-content\/uploads\/2025\/11\/patito-feo-en-el-teatro-150x150.jpg 150w, https:\/\/entrenotasyacordes.com\/wp-content\/uploads\/2025\/11\/patito-feo-en-el-teatro-768x768.jpg 768w, https:\/\/entrenotasyacordes.com\/wp-content\/uploads\/2025\/11\/patito-feo-en-el-teatro-1536x1536.jpg 1536w, https:\/\/entrenotasyacordes.com\/wp-content\/uploads\/2025\/11\/patito-feo-en-el-teatro-50x50.jpg 50w, https:\/\/entrenotasyacordes.com\/wp-content\/uploads\/2025\/11\/patito-feo-en-el-teatro.jpg 2000w\" sizes=\"auto, (max-width: 1024px) 100vw, 1024px\" \/><\/figure>\n<\/div><\/div>\n\n\n\n<div class=\"wp-block-column is-layout-flow wp-block-column-is-layout-flow\"><div class=\"wp-block-image\">\n<figure class=\"aligncenter size-large\"><img loading=\"lazy\" decoding=\"async\" width=\"1024\" height=\"1024\" src=\"https:\/\/entrenotasyacordes.com\/wp-content\/uploads\/2025\/11\/la-vida-es-una-fiesta-1024x1024.jpg\" class=\"wp-image-18811\" srcset=\"https:\/\/entrenotasyacordes.com\/wp-content\/uploads\/2025\/11\/la-vida-es-una-fiesta-1024x1024.jpg 1024w, https:\/\/entrenotasyacordes.com\/wp-content\/uploads\/2025\/11\/la-vida-es-una-fiesta-300x300.jpg 300w, https:\/\/entrenotasyacordes.com\/wp-content\/uploads\/2025\/11\/la-vida-es-una-fiesta-150x150.jpg 150w, https:\/\/entrenotasyacordes.com\/wp-content\/uploads\/2025\/11\/la-vida-es-una-fiesta-768x768.jpg 768w, https:\/\/entrenotasyacordes.com\/wp-content\/uploads\/2025\/11\/la-vida-es-una-fiesta-1536x1536.jpg 1536w, https:\/\/entrenotasyacordes.com\/wp-content\/uploads\/2025\/11\/la-vida-es-una-fiesta-50x50.jpg 50w, https:\/\/entrenotasyacordes.com\/wp-content\/uploads\/2025\/11\/la-vida-es-una-fiesta.jpg 2000w\" sizes=\"auto, (max-width: 1024px) 100vw, 1024px\" \/><\/figure>\n<\/div><\/div>\n<\/div>\n\n\n\n<p>Por primera vez, los tres discos originales de la exitosa serie juvenil&nbsp;<strong>Patito Feo&nbsp;<\/strong>llegaron a las principales plataformas digitales desde el 6 de noviembre.<\/p>\n\n\n\n<p>El fen\u00f3meno musical que marc\u00f3 a toda una generaci\u00f3n vuelve con sus canciones m\u00e1s recordadas, para que chicos y grandes puedan revivir los temas que acompa\u00f1aron una de las producciones m\u00e1s queridas de la televisi\u00f3n argentina.<\/p>\n\n\n\n<p>El lanzamiento coincidi\u00f3 con una fecha especial: el 6 de noviembre, d\u00eda en que originalmente se estren\u00f3 el disco Patito Feo en el Teatro en 2007. Adem\u00e1s de este \u00e1lbum, los fan\u00e1ticos van a poder encontrar La historia m\u00e1s bonita (2007) y La vida es una fiesta (2008).<\/p>\n\n\n\n<p>Desde su primera emisi\u00f3n en la televisi\u00f3n, en abril de 2007, el universo de Patito Feo no ha dejado de crecer, y en este 2025 sorprendi\u00f3 con el estreno de su nueva versi\u00f3n teatral en el Teatro Broadway, una propuesta que renov\u00f3 la magia y la emoci\u00f3n del cl\u00e1sico.<\/p>\n\n\n\n<p>En Patito Feo En Vivo, la puesta en escena se destac\u00f3 por su impactante despliegue visual y esc\u00e9nico, con pantallas gigantes, proyecciones din\u00e1micas, juegos de luces y recursos escenogr\u00e1ficos que mantuvieron al p\u00fablico en constante asombro. La m\u00fasica en vivo, a cargo de una joven banda integrada por mujeres y un DJ, marc\u00f3 el pulso de un espect\u00e1culo que supo combinar ternura, adrenalina y modernidad.<\/p>\n\n\n\n<p>Ahora, la historia contin\u00faa en el plano digital:&nbsp;<strong>los tres discos originales de Patito Feo estar\u00e1n disponibles por primera vez en Spotify, YouTube, Apple Music, Deezer y m\u00e1s, con visualizers oficiales en YouTube<\/strong>que acompa\u00f1an las versiones originales y reimaginan la est\u00e9tica que defini\u00f3 a toda una \u00e9poca.<\/p>\n","protected":false},"excerpt":{"rendered":"<p>Las canciones originales de la exitosa serie de televisi\u00f3n Patito Feo por primera vez est\u00e1n<\/p>\n","protected":false},"author":5,"featured_media":18811,"comment_status":"closed","ping_status":"open","sticky":false,"template":"","format":"standard","meta":{"om_disable_all_campaigns":false,"_uf_show_specific_survey":0,"_uf_disable_surveys":false,"footnotes":""},"categories":[4,34],"tags":[],"class_list":["post-18812","post","type-post","status-publish","format-standard","has-post-thumbnail","hentry","category-musica","category-ultimas-noticias"],"_links":{"self":[{"href":"https:\/\/entrenotasyacordes.com\/index.php?rest_route=\/wp\/v2\/posts\/18812","targetHints":{"allow":["GET"]}}],"collection":[{"href":"https:\/\/entrenotasyacordes.com\/index.php?rest_route=\/wp\/v2\/posts"}],"about":[{"href":"https:\/\/entrenotasyacordes.com\/index.php?rest_route=\/wp\/v2\/types\/post"}],"author":[{"embeddable":true,"href":"https:\/\/entrenotasyacordes.com\/index.php?rest_route=\/wp\/v2\/users\/5"}],"replies":[{"embeddable":true,"href":"https:\/\/entrenotasyacordes.com\/index.php?rest_route=%2Fwp%2Fv2%2Fcomments&post=18812"}],"version-history":[{"count":1,"href":"https:\/\/entrenotasyacordes.com\/index.php?rest_route=\/wp\/v2\/posts\/18812\/revisions"}],"predecessor-version":[{"id":18813,"href":"https:\/\/entrenotasyacordes.com\/index.php?rest_route=\/wp\/v2\/posts\/18812\/revisions\/18813"}],"wp:featuredmedia":[{"embeddable":true,"href":"https:\/\/entrenotasyacordes.com\/index.php?rest_route=\/wp\/v2\/media\/18811"}],"wp:attachment":[{"href":"https:\/\/entrenotasyacordes.com\/index.php?rest_route=%2Fwp%2Fv2%2Fmedia&parent=18812"}],"wp:term":[{"taxonomy":"category","embeddable":true,"href":"https:\/\/entrenotasyacordes.com\/index.php?rest_route=%2Fwp%2Fv2%2Fcategories&post=18812"},{"taxonomy":"post_tag","embeddable":true,"href":"https:\/\/entrenotasyacordes.com\/index.php?rest_route=%2Fwp%2Fv2%2Ftags&post=18812"}],"curies":[{"name":"wp","href":"https:\/\/api.w.org\/{rel}","templated":true}]}}