{"id":18816,"date":"2025-11-16T02:20:07","date_gmt":"2025-11-16T02:20:07","guid":{"rendered":"https:\/\/entrenotasyacordes.com\/?p=18816"},"modified":"2025-11-16T02:20:07","modified_gmt":"2025-11-16T02:20:07","slug":"beret-anuncia-su-gira-por-argentina-para-presentar-su-nuevo-album","status":"publish","type":"post","link":"https:\/\/entrenotasyacordes.com\/?p=18816","title":{"rendered":"BERET ANUNCIA SU GIRA POR ARGENTINA PARA PRESENTAR SU NUEVO \u00c1LBUM"},"content":{"rendered":"\n<p><strong><em>El reconocido cantautor espa\u00f1ol regresa a la Argentina con una esperada gira que incluir\u00e1 presentaciones en Buenos Aires, C\u00f3rdoba y Rosario, consolidando una vez m\u00e1s su fuerte conexi\u00f3n con el p\u00fablico argentino.<\/em><\/strong><\/p>\n\n\n\n<p><\/p>\n\n\n<div class=\"wp-block-image\">\n<figure class=\"aligncenter size-large\"><img loading=\"lazy\" decoding=\"async\" width=\"240\" height=\"300\" src=\"https:\/\/entrenotasyacordes.com\/wp-content\/uploads\/2025\/11\/img_4514-240x300.jpg\" class=\"wp-image-18814\" srcset=\"https:\/\/entrenotasyacordes.com\/wp-content\/uploads\/2025\/11\/img_4514-240x300.jpg 240w, https:\/\/entrenotasyacordes.com\/wp-content\/uploads\/2025\/11\/img_4514.jpg 600w\" sizes=\"auto, (max-width: 240px) 100vw, 240px\" \/><\/figure>\n<\/div>\n\n\n<p class=\"has-text-align-center\"><strong>15 DE MAYO | QUALITY ESPACIO | C\u00d3RDOBA<\/strong><\/p>\n\n\n\n<p class=\"has-text-align-center\"><strong>16 DE MAYO | TEATRO GRAN REX | BUENOS AIRES<\/strong><\/p>\n\n\n\n<p class=\"has-text-align-center\"><strong>17 DE MAYO | BIOCERES ARENA | ROSARIO<\/strong><\/p>\n\n\n\n<p>Con su estilo inconfundible que fusiona pop, rap y baladas cargadas de emoci\u00f3n,&nbsp;<strong>Beret&nbsp;<\/strong>ofrecer\u00e1 un recorrido por sus grandes \u00e9xitos como&nbsp;<em>\u201cLo siento\u201d, \u201cVuelve\u201d<\/em>&nbsp;y&nbsp;<em>\u201cPorfa No Te Vayas\u201d<\/em>, adem\u00e1s de presentar oficialmente su nuevo \u00e1lbum&nbsp;<em>\u201cLo bello y lo roto\u201d<\/em>&nbsp;que saldr\u00e1 a la luz este 21 de noviembre.<\/p>\n\n\n\n<p>El tour argentino comenzar\u00e1 el&nbsp;<strong>14 de Mayo en Quality Espacio de C\u00f3rdoba<\/strong>, y contin\u00faa por el&nbsp;<strong>Teatro Gran Rex de Buenos Aires el 16&nbsp;<\/strong>y&nbsp;<strong>Bioceres Arena de Rosario el 17 de Mayo&nbsp;<\/strong>y promete ser una experiencia \u00edntima y vibrante, donde el artista espa\u00f1ol se reencontrar\u00e1 con su apasionado p\u00fablico argentino. Con una puesta en escena renovada y una selecci\u00f3n de canciones que recorren toda su trayectoria, Beret invita a vivir una noche para cantar, sentir y compartir.<\/p>\n\n\n\n<p>Tras el \u00e9xito de su \u00faltimo \u00e1lbum \u201cResiliencia\u201d, el sevillano atraviesa uno de sus mejores momentos art\u00edsticos: combinando la introspecci\u00f3n de sus inicios con un sonido m\u00e1s maduro y universal. Esta nueva gira llega como una celebraci\u00f3n de su evoluci\u00f3n y del v\u00ednculo tan especial que mantiene con el p\u00fablico argentino, que lo ha acompa\u00f1ado desde sus primeros pasos.<\/p>\n\n\n\n<p><strong>Beret<\/strong>, uno de los artistas m\u00e1s destacados de la m\u00fasica en espa\u00f1ol, ha conquistado millones de oyentes en todo el mundo gracias a sus letras honestas y su sensibilidad \u00fanica. Desde que irrumpi\u00f3 en la escena musical, Beret se ha convertido en una de las voces m\u00e1s destacadas del pop en espa\u00f1ol. Con millones de oyentes en plataformas digitales y colaboraciones junto a artistas como Sebasti\u00e1n Yatra, Pablo Albor\u00e1n, Melendi y Aitana, su carrera sigue en constante crecimiento.<\/p>\n\n\n<div class=\"wp-block-image\">\n<figure class=\"aligncenter size-large\"><img loading=\"lazy\" decoding=\"async\" width=\"240\" height=\"300\" src=\"https:\/\/entrenotasyacordes.com\/wp-content\/uploads\/2025\/11\/img_4515-240x300.jpg\" class=\"wp-image-18815\" srcset=\"https:\/\/entrenotasyacordes.com\/wp-content\/uploads\/2025\/11\/img_4515-240x300.jpg 240w, https:\/\/entrenotasyacordes.com\/wp-content\/uploads\/2025\/11\/img_4515.jpg 600w\" sizes=\"auto, (max-width: 240px) 100vw, 240px\" \/><\/figure>\n<\/div>\n\n\n<p>Francisco Javier \u00c1lvarez Beret, nacido en Sevilla en 1996 y conocido art\u00edsticamente como Beret, empez\u00f3 a interesarse por la m\u00fasica desde muy peque\u00f1o. A temprana edad conoci\u00f3 el rap\/reggae a la par de distintos g\u00e9neros musicales que siempre se han aferrado a \u00e9l y empez\u00f3 a realizar grabaciones caseras que posteriormente publicar\u00eda en su cuenta de YouTube.<\/p>\n\n\n\n<p>Comenz\u00f3 con temas in\u00e9ditos, completamente ajenos a cualquier calidad audiovisual hasta sacar su primer trabajo en solitario \u201cEf\u00edmero\u201d y su segundo trabajo \u201cV\u00e9rtigo\u201d donde realizar\u00eda por primera vez la creaci\u00f3n de un formato f\u00edsico y \u201c\u00c1pices\u201d su \u00faltimo trabajo auto editado en 2017.<\/p>\n\n\n\n<p>Su estilo es una mezcla de Pop Urbano y Reggae aunque evite completamente el uso de etiquetas musicales y simplemente se aferre a crear lo que le nace desde el coraz\u00f3n.<\/p>\n\n\n\n<p>Beret cautiv\u00f3 a las grandes masas con su tema m\u00e1s exitoso hasta el momento, \u201cLo Siento\u201d. El single ha sido certificado cinco veces Platino en Espa\u00f1a, ha conseguido llegar a lo m\u00e1s alto de la lista de radio de nuestro pa\u00eds y acumula m\u00e1s de 300 millones de streams (entre la versi\u00f3n original y la con Sof\u00eda Reyes) y m\u00e1s de 600 millones de visualizaciones en YouTube. La canci\u00f3n tambi\u00e9n ha trascendido fronteras alcanzando el \u00e9xito en Latinoam\u00e9rica en la versi\u00f3n que hace a dueto junto a la cantante mexicana Sof\u00eda Reyes.&nbsp;<\/p>\n\n\n\n<p>El artista acumula en total m\u00e1s de mil millones de reproducciones en plataformas digitales. El single fue premiado a La Mejor Canci\u00f3n del A\u00f1o 2019 en los premios Los 40 Music Awards. Adem\u00e1s, Beret ha recibido el Premio Ode\u00f3n como Mejor Artista Espa\u00f1ol del a\u00f1o.<\/p>\n\n\n\n<p>Luego del rotundo \u00e9xito conseguido con \u201cLo siento\u201d, Beret ha conseguido mantenerse en boca de todos gracias a singles como \u201cMe Llama\u201d, \u201cTe echo de menos\u201d. El 25 de octubre de 2019 Beret lanzaba su altamente anticipado \u00e1lbum de estudio, Prisma. \u00c1lbum que incluye todos su \u00e9xitos y grandes colaboraciones con Pablo Albor\u00e1n, Melendi, Vanesa Mart\u00edn, Sof\u00eda Reyes y Sebasti\u00e1n Yatra. Prisma alcanz\u00f3 el segundo lugar en la lista de \u00e1lbumes f\u00edsicos durante su primera semana y se mantuvo en la primera posici\u00f3n de la lista de \u00e1lbumes streaming durante 4 semanas y ya acumula m\u00e1s de 20 millones de streams desde su lanzamiento.&nbsp;<strong>El \u00e1lbum f\u00edsico \u201cPrisma\u201d ya es Doble Disco de Platino.<\/strong><\/p>\n\n\n\n<p>En noviembre de 2022, Beret lanz\u00f3 su segundo \u00e1lbum, titulado &#8216;Resiliencia&#8217;. Este \u00e1lbum aborda temas profundos y universales, como la superaci\u00f3n personal, el amor, la lucha y la esperanza, invitando a sus oyentes a reflexionar sobre sus propias experiencias El \u00e1lbum cuenta con 12 pistas, cada una de ellas cargada de letras sinceras y melod\u00edas emocionantes que han caracterizado al artista desde sus inicios. Entre ellas se encuentra el hit \u201c<strong>Porfa no te vayas\u201d, junto al grupo Morat, que ya supera los 230 millones de reproducciones&nbsp;<\/strong>solo en Spotify, as\u00ed como el exitoso&nbsp;<strong>\u201cDiablo\u201d, certificado cuadruple platino<\/strong>, en colaboraci\u00f3n con Estopa, \u201cT\u00fa y yo\u201d, junto a Omar Montes, \u00abMirando a la luna\u00bb con Reik y \u00abRomperme m\u00e1s\u00bb con Mal\u00fa.<\/p>\n\n\n\n<p><strong>El \u00e1lbum \u201cResiliencia\u201d ya es Disco de Platino.&nbsp;<\/strong>Tras el \u00e9xito de \u00abResiliencia\u00bb, en 2023, Beret lanz\u00f3 la aclamada colaboraci\u00f3n&nbsp;<strong>\u201cSuperh\u00e9roes\u201d&nbsp;<\/strong>junto al artista italiano MR. Rain, la cual ya ha sido certificada como&nbsp;<strong>disco de platino&nbsp;<\/strong>en Espa\u00f1a y llev\u00f3 a ambos artistas a&nbsp;<strong>actuar frente al Papa.&nbsp;<\/strong><\/p>\n","protected":false},"excerpt":{"rendered":"<p>El reconocido cantautor espa\u00f1ol regresa a la Argentina con una esperada gira que incluir\u00e1 presentaciones<\/p>\n","protected":false},"author":5,"featured_media":18814,"comment_status":"closed","ping_status":"open","sticky":false,"template":"","format":"standard","meta":{"om_disable_all_campaigns":false,"_uf_show_specific_survey":0,"_uf_disable_surveys":false,"footnotes":""},"categories":[36],"tags":[],"class_list":["post-18816","post","type-post","status-publish","format-standard","has-post-thumbnail","hentry","category-conciertos"],"_links":{"self":[{"href":"https:\/\/entrenotasyacordes.com\/index.php?rest_route=\/wp\/v2\/posts\/18816","targetHints":{"allow":["GET"]}}],"collection":[{"href":"https:\/\/entrenotasyacordes.com\/index.php?rest_route=\/wp\/v2\/posts"}],"about":[{"href":"https:\/\/entrenotasyacordes.com\/index.php?rest_route=\/wp\/v2\/types\/post"}],"author":[{"embeddable":true,"href":"https:\/\/entrenotasyacordes.com\/index.php?rest_route=\/wp\/v2\/users\/5"}],"replies":[{"embeddable":true,"href":"https:\/\/entrenotasyacordes.com\/index.php?rest_route=%2Fwp%2Fv2%2Fcomments&post=18816"}],"version-history":[{"count":1,"href":"https:\/\/entrenotasyacordes.com\/index.php?rest_route=\/wp\/v2\/posts\/18816\/revisions"}],"predecessor-version":[{"id":18817,"href":"https:\/\/entrenotasyacordes.com\/index.php?rest_route=\/wp\/v2\/posts\/18816\/revisions\/18817"}],"wp:featuredmedia":[{"embeddable":true,"href":"https:\/\/entrenotasyacordes.com\/index.php?rest_route=\/wp\/v2\/media\/18814"}],"wp:attachment":[{"href":"https:\/\/entrenotasyacordes.com\/index.php?rest_route=%2Fwp%2Fv2%2Fmedia&parent=18816"}],"wp:term":[{"taxonomy":"category","embeddable":true,"href":"https:\/\/entrenotasyacordes.com\/index.php?rest_route=%2Fwp%2Fv2%2Fcategories&post=18816"},{"taxonomy":"post_tag","embeddable":true,"href":"https:\/\/entrenotasyacordes.com\/index.php?rest_route=%2Fwp%2Fv2%2Ftags&post=18816"}],"curies":[{"name":"wp","href":"https:\/\/api.w.org\/{rel}","templated":true}]}}