{"id":18820,"date":"2025-11-16T02:24:30","date_gmt":"2025-11-16T02:24:30","guid":{"rendered":"https:\/\/entrenotasyacordes.com\/?p=18820"},"modified":"2025-11-16T02:24:30","modified_gmt":"2025-11-16T02:24:30","slug":"david-lebon-presenta-esencia-lebon","status":"publish","type":"post","link":"https:\/\/entrenotasyacordes.com\/?p=18820","title":{"rendered":"DAVID LEB\u00d3N presenta ESENCIA LEB\u00d3N"},"content":{"rendered":"\n<p>El cierre del a\u00f1o con un show \u00fanico y diferente<\/p>\n\n\n<div class=\"wp-block-image\">\n<figure class=\"aligncenter size-large\"><img loading=\"lazy\" decoding=\"async\" width=\"239\" height=\"300\" src=\"https:\/\/entrenotasyacordes.com\/wp-content\/uploads\/2025\/11\/img_4516-239x300.png\" class=\"wp-image-18818\" srcset=\"https:\/\/entrenotasyacordes.com\/wp-content\/uploads\/2025\/11\/img_4516-239x300.png 239w, https:\/\/entrenotasyacordes.com\/wp-content\/uploads\/2025\/11\/img_4516.png 597w\" sizes=\"auto, (max-width: 239px) 100vw, 239px\" \/><\/figure>\n<\/div>\n\n\n<p class=\"has-text-align-center\"><strong>S\u00e1bado 13 de diciembre<\/strong><br><strong>&nbsp;La Trastienda<\/strong><\/p>\n\n\n\n<p class=\"has-text-align-center\"><strong><em>Localidades limitadas en venta por&nbsp;<br><a href=\"https:\/\/click.emails.sonymusicfans.com\/?qs=5bb900bc9dedd864d18a34e32ddfd7893b7b6e016c8e6b0d1de5e08209ff3bafd17a1344266d6fbd841b632103a090f1230b2fac50a534cf\">PASSLINE<\/a><\/em><\/strong><\/p>\n\n\n\n<p>David Leb\u00f3n despide el a\u00f1o con&nbsp;<strong>\u201cEsencia Leb\u00f3n\u201d<\/strong>, un&nbsp;<strong>concierto \u00edntimo en La Trastienda<\/strong>, donde el referente del rock argentino se reencontrar\u00e1 con su p\u00fablico en un formato cercano y especial. Ser\u00e1 una noche con&nbsp;<strong>entradas limitadas<\/strong>, para disfrutarlo&nbsp;<strong>m\u00e1s cerca que nunca<\/strong>, con nuevas versiones y los cl\u00e1sicos de siempre.<\/p>\n\n\n\n<p>En un formato distinto a lo que nos tiene acostumbrados, el show ir\u00e1 creciendo con la participaci\u00f3n progresiva de sus m\u00fasicos, logrando de a poco una atm\u00f3sfera \u00fanica de conexi\u00f3n y calidez.<\/p>\n\n\n\n<p>Tal como lo indica su nombre,&nbsp;<strong>\u201cEsencia Leb\u00f3n\u201d<\/strong>&nbsp;es una invitaci\u00f3n a compartir con el artista su esencia m\u00e1s pura: la m\u00fasica, la emoci\u00f3n y la cercan\u00eda.<\/p>\n\n\n\n<p>Luego de&nbsp;<strong>un intenso 2025<\/strong>&nbsp;con gran cantidad de recitales y con la publicaci\u00f3n de su biograf\u00eda&nbsp;<em>La magia de estar aqu\u00ed<\/em>, escrita junto a Marcelo Fern\u00e1ndez Bitar, Leb\u00f3n prepara el cierre ideal.<\/p>\n\n\n\n<p>Entre sus grandes hitos de este a\u00f1o, se cuentan el homenaje a&nbsp;<strong>Ser\u00fa Gir\u00e1n, junto a Pedro Aznar, tanto en Quilmes Rock como en el Festival Cordillera de Bogot\u00e1, Colombia<\/strong>, m\u00e1s la presentaci\u00f3n de Conexi\u00f3n en el&nbsp;<strong>Teatro \u00d3pera<\/strong>&nbsp;y una gira nacional que pas\u00f3 por&nbsp;<strong>C\u00f3rdoba, Rosario, Jun\u00edn, R\u00edo Cuarto, Paran\u00e1, Salta y Tucum\u00e1n<\/strong>.<\/p>\n\n\n\n<p>En septiembre fue distinguido con el&nbsp;<strong>Premio Konex de Platino como Solista de Rock<\/strong>, reconocimiento que el propio m\u00fasico defini\u00f3 como \u201cuna emoci\u00f3n profunda que comparto con cada uno de ustedes, que me acompa\u00f1an en este viaje lleno de m\u00fasica y amor\u201d.<\/p>\n\n\n<div class=\"wp-block-image\">\n<figure class=\"aligncenter size-large\"><img loading=\"lazy\" decoding=\"async\" width=\"300\" height=\"201\" src=\"https:\/\/entrenotasyacordes.com\/wp-content\/uploads\/2025\/11\/img_4517-300x201.png\" class=\"wp-image-18819\" srcset=\"https:\/\/entrenotasyacordes.com\/wp-content\/uploads\/2025\/11\/img_4517-300x200.png 300w, https:\/\/entrenotasyacordes.com\/wp-content\/uploads\/2025\/11\/img_4517.png 597w\" sizes=\"auto, (max-width: 300px) 100vw, 300px\" \/><figcaption class=\"wp-element-caption\">PH. Machado &#8211; &nbsp;Cicala<\/figcaption><\/figure>\n<\/div>\n\n\n<p>David Leb\u00f3n se prepara tambi\u00e9n para compartir un nuevo cap\u00edtulo de su historia: su pr\u00f3ximo disco de estudio, fruto de meses de trabajo y emoci\u00f3n, que ver\u00e1 la luz el a\u00f1o que viene.<\/p>\n\n\n\n<p><strong>\u201cEsencia Leb\u00f3n\u201d&nbsp;<\/strong>promete ser el broche de oro de un a\u00f1o brillante, un reencuentro \u00edntimo entre una leyenda del rock nacional y su p\u00fablico fiel<\/p>\n","protected":false},"excerpt":{"rendered":"<p>El cierre del a\u00f1o con un show \u00fanico y diferente S\u00e1bado 13 de diciembre&nbsp;La Trastienda<\/p>\n","protected":false},"author":5,"featured_media":18818,"comment_status":"closed","ping_status":"open","sticky":false,"template":"","format":"standard","meta":{"om_disable_all_campaigns":false,"_uf_show_specific_survey":0,"_uf_disable_surveys":false,"footnotes":""},"categories":[36],"tags":[],"class_list":["post-18820","post","type-post","status-publish","format-standard","has-post-thumbnail","hentry","category-conciertos"],"_links":{"self":[{"href":"https:\/\/entrenotasyacordes.com\/index.php?rest_route=\/wp\/v2\/posts\/18820","targetHints":{"allow":["GET"]}}],"collection":[{"href":"https:\/\/entrenotasyacordes.com\/index.php?rest_route=\/wp\/v2\/posts"}],"about":[{"href":"https:\/\/entrenotasyacordes.com\/index.php?rest_route=\/wp\/v2\/types\/post"}],"author":[{"embeddable":true,"href":"https:\/\/entrenotasyacordes.com\/index.php?rest_route=\/wp\/v2\/users\/5"}],"replies":[{"embeddable":true,"href":"https:\/\/entrenotasyacordes.com\/index.php?rest_route=%2Fwp%2Fv2%2Fcomments&post=18820"}],"version-history":[{"count":1,"href":"https:\/\/entrenotasyacordes.com\/index.php?rest_route=\/wp\/v2\/posts\/18820\/revisions"}],"predecessor-version":[{"id":18821,"href":"https:\/\/entrenotasyacordes.com\/index.php?rest_route=\/wp\/v2\/posts\/18820\/revisions\/18821"}],"wp:featuredmedia":[{"embeddable":true,"href":"https:\/\/entrenotasyacordes.com\/index.php?rest_route=\/wp\/v2\/media\/18818"}],"wp:attachment":[{"href":"https:\/\/entrenotasyacordes.com\/index.php?rest_route=%2Fwp%2Fv2%2Fmedia&parent=18820"}],"wp:term":[{"taxonomy":"category","embeddable":true,"href":"https:\/\/entrenotasyacordes.com\/index.php?rest_route=%2Fwp%2Fv2%2Fcategories&post=18820"},{"taxonomy":"post_tag","embeddable":true,"href":"https:\/\/entrenotasyacordes.com\/index.php?rest_route=%2Fwp%2Fv2%2Ftags&post=18820"}],"curies":[{"name":"wp","href":"https:\/\/api.w.org\/{rel}","templated":true}]}}