{"id":18828,"date":"2025-11-16T15:02:02","date_gmt":"2025-11-16T15:02:02","guid":{"rendered":"https:\/\/entrenotasyacordes.com\/?p=18828"},"modified":"2025-11-16T15:02:02","modified_gmt":"2025-11-16T15:02:02","slug":"oasis-en-argentina-el-regreso-que-detuvo-el-tiempo","status":"publish","type":"post","link":"https:\/\/entrenotasyacordes.com\/?p=18828","title":{"rendered":"Oasis en Argentina: el regreso que detuvo el tiempo"},"content":{"rendered":"<div class=\"wp-block-image\">\n<figure class=\"aligncenter size-large\"><img loading=\"lazy\" decoding=\"async\" width=\"1024\" height=\"768\" src=\"https:\/\/entrenotasyacordes.com\/wp-content\/uploads\/2025\/11\/c522cabf-776a-4994-9573-01033d6665c7-1024x768.jpg\" class=\"wp-image-18824\" srcset=\"https:\/\/entrenotasyacordes.com\/wp-content\/uploads\/2025\/11\/c522cabf-776a-4994-9573-01033d6665c7-1024x768.jpg 1024w, https:\/\/entrenotasyacordes.com\/wp-content\/uploads\/2025\/11\/c522cabf-776a-4994-9573-01033d6665c7-300x225.jpg 300w, https:\/\/entrenotasyacordes.com\/wp-content\/uploads\/2025\/11\/c522cabf-776a-4994-9573-01033d6665c7-768x576.jpg 768w, https:\/\/entrenotasyacordes.com\/wp-content\/uploads\/2025\/11\/c522cabf-776a-4994-9573-01033d6665c7-1536x1152.jpg 1536w, https:\/\/entrenotasyacordes.com\/wp-content\/uploads\/2025\/11\/c522cabf-776a-4994-9573-01033d6665c7.jpg 1600w\" sizes=\"auto, (max-width: 1024px) 100vw, 1024px\" \/><\/figure>\n<\/div>\n\n\n<div style=\"height:51px\" aria-hidden=\"true\" class=\"wp-block-spacer\"><\/div>\n\n\n\n<p>Despu\u00e9s de 16 a\u00f1os, la banda brit\u00e1nica regres\u00f3 con un concierto demoledor que combin\u00f3 nostalgia, energ\u00eda y una comuni\u00f3n absoluta con el p\u00fablico argentino.&nbsp;<\/p>\n\n\n\n<div style=\"height:44px\" aria-hidden=\"true\" class=\"wp-block-spacer\"><\/div>\n\n\n<div class=\"wp-block-image\">\n<figure class=\"aligncenter size-large\"><img loading=\"lazy\" decoding=\"async\" width=\"1024\" height=\"684\" src=\"https:\/\/entrenotasyacordes.com\/wp-content\/uploads\/2025\/11\/aad400a2-d852-4ddd-9acc-48657ce2ba26-1024x684.jpg\" class=\"wp-image-18825\" srcset=\"https:\/\/entrenotasyacordes.com\/wp-content\/uploads\/2025\/11\/aad400a2-d852-4ddd-9acc-48657ce2ba26-1024x684.jpg 1024w, https:\/\/entrenotasyacordes.com\/wp-content\/uploads\/2025\/11\/aad400a2-d852-4ddd-9acc-48657ce2ba26-300x200.jpg 300w, https:\/\/entrenotasyacordes.com\/wp-content\/uploads\/2025\/11\/aad400a2-d852-4ddd-9acc-48657ce2ba26-768x513.jpg 768w, https:\/\/entrenotasyacordes.com\/wp-content\/uploads\/2025\/11\/aad400a2-d852-4ddd-9acc-48657ce2ba26-1536x1025.jpg 1536w, https:\/\/entrenotasyacordes.com\/wp-content\/uploads\/2025\/11\/aad400a2-d852-4ddd-9acc-48657ce2ba26.jpg 1600w\" sizes=\"auto, (max-width: 1024px) 100vw, 1024px\" \/><\/figure>\n<\/div>\n\n\n<div style=\"height:44px\" aria-hidden=\"true\" class=\"wp-block-spacer\"><\/div>\n\n\n\n<p class=\"p1\">Oasis volvi\u00f3 a la Argentina y el tiempo pareci\u00f3 plegarse sobre s\u00ed mismo. En un estadio encendido desde temprano, el d\u00fao recuper\u00f3 ese fulgor que marc\u00f3 a generaciones enteras: guitarras filosas, himnos coreados a pulm\u00f3n y esa mezcla de arrogancia, m\u00edstica y nostalgia que solo ellos pueden sostener.<\/p>\n\n\n\n<div style=\"height:51px\" aria-hidden=\"true\" class=\"wp-block-spacer\"><\/div>\n\n\n<div class=\"wp-block-image\">\n<figure class=\"aligncenter size-large\"><img loading=\"lazy\" decoding=\"async\" width=\"1024\" height=\"684\" src=\"https:\/\/entrenotasyacordes.com\/wp-content\/uploads\/2025\/11\/bb183251-29a7-4a5b-9828-b0780c8eb921-1024x684.jpg\" class=\"wp-image-18826\" srcset=\"https:\/\/entrenotasyacordes.com\/wp-content\/uploads\/2025\/11\/bb183251-29a7-4a5b-9828-b0780c8eb921-1024x684.jpg 1024w, https:\/\/entrenotasyacordes.com\/wp-content\/uploads\/2025\/11\/bb183251-29a7-4a5b-9828-b0780c8eb921-300x200.jpg 300w, https:\/\/entrenotasyacordes.com\/wp-content\/uploads\/2025\/11\/bb183251-29a7-4a5b-9828-b0780c8eb921-768x513.jpg 768w, https:\/\/entrenotasyacordes.com\/wp-content\/uploads\/2025\/11\/bb183251-29a7-4a5b-9828-b0780c8eb921-1536x1025.jpg 1536w, https:\/\/entrenotasyacordes.com\/wp-content\/uploads\/2025\/11\/bb183251-29a7-4a5b-9828-b0780c8eb921.jpg 1600w\" sizes=\"auto, (max-width: 1024px) 100vw, 1024px\" \/><\/figure>\n<\/div>\n\n\n<div style=\"height:51px\" aria-hidden=\"true\" class=\"wp-block-spacer\"><\/div>\n\n\n\n<p class=\"p1\">La noche avanz\u00f3 entre cl\u00e1sicos que despertaron memorias colectivas y un p\u00fablico que no solo cant\u00f3: celebr\u00f3 un reencuentro largamente esperado. Cada acorde son\u00f3 como un puente hacia una \u00e9poca donde el britpop dominaba el mundo y la m\u00fasica ten\u00eda una forma distinta de abrazarnos.<\/p>\n\n\n\n<div style=\"height:59px\" aria-hidden=\"true\" class=\"wp-block-spacer\"><\/div>\n\n\n\n<figure class=\"wp-block-image size-large\"><img loading=\"lazy\" decoding=\"async\" width=\"1024\" height=\"684\" src=\"https:\/\/entrenotasyacordes.com\/wp-content\/uploads\/2025\/11\/be98fd4d-a9ab-4b52-b4e8-952d79b08190-1024x684.jpg\" class=\"wp-image-18827\" srcset=\"https:\/\/entrenotasyacordes.com\/wp-content\/uploads\/2025\/11\/be98fd4d-a9ab-4b52-b4e8-952d79b08190-1024x684.jpg 1024w, https:\/\/entrenotasyacordes.com\/wp-content\/uploads\/2025\/11\/be98fd4d-a9ab-4b52-b4e8-952d79b08190-300x200.jpg 300w, https:\/\/entrenotasyacordes.com\/wp-content\/uploads\/2025\/11\/be98fd4d-a9ab-4b52-b4e8-952d79b08190-768x513.jpg 768w, https:\/\/entrenotasyacordes.com\/wp-content\/uploads\/2025\/11\/be98fd4d-a9ab-4b52-b4e8-952d79b08190-1536x1025.jpg 1536w, https:\/\/entrenotasyacordes.com\/wp-content\/uploads\/2025\/11\/be98fd4d-a9ab-4b52-b4e8-952d79b08190.jpg 1600w\" sizes=\"auto, (max-width: 1024px) 100vw, 1024px\" \/><\/figure>\n\n\n\n<div style=\"height:59px\" aria-hidden=\"true\" class=\"wp-block-spacer\"><\/div>\n\n\n\n<p>Con potencia, oficio y momentos de pura comuni\u00f3n, Oasis firm\u00f3 un regreso que se sinti\u00f3 hist\u00f3rico: un recordatorio de por qu\u00e9 sus canciones siguen siendo refugio, bandera y estallido emocional para millones.<\/p>\n\n\n\n<div style=\"height:59px\" aria-hidden=\"true\" class=\"wp-block-spacer\"><\/div>\n\n\n\n<p class=\"has-text-align-left p1\">Redacci\u00f3n: Melody Lucero<br \/>IG: @melodyluceropr1<\/p>\n\n\n\n<div style=\"height:122px\" aria-hidden=\"true\" class=\"wp-block-spacer\"><\/div>\n\n\n\n<p><\/p>\n\n\n\n<p><\/p>\n\n\n\n<p><\/p>\n\n\n\n<p><\/p>\n","protected":false},"excerpt":{"rendered":"<p>Despu\u00e9s de 16 a\u00f1os, la banda brit\u00e1nica regres\u00f3 con un concierto demoledor que combin\u00f3 nostalgia,<\/p>\n","protected":false},"author":5,"featured_media":18827,"comment_status":"closed","ping_status":"open","sticky":false,"template":"","format":"standard","meta":{"om_disable_all_campaigns":false,"_uf_show_specific_survey":0,"_uf_disable_surveys":false,"footnotes":""},"categories":[34],"tags":[],"class_list":["post-18828","post","type-post","status-publish","format-standard","has-post-thumbnail","hentry","category-ultimas-noticias"],"_links":{"self":[{"href":"https:\/\/entrenotasyacordes.com\/index.php?rest_route=\/wp\/v2\/posts\/18828","targetHints":{"allow":["GET"]}}],"collection":[{"href":"https:\/\/entrenotasyacordes.com\/index.php?rest_route=\/wp\/v2\/posts"}],"about":[{"href":"https:\/\/entrenotasyacordes.com\/index.php?rest_route=\/wp\/v2\/types\/post"}],"author":[{"embeddable":true,"href":"https:\/\/entrenotasyacordes.com\/index.php?rest_route=\/wp\/v2\/users\/5"}],"replies":[{"embeddable":true,"href":"https:\/\/entrenotasyacordes.com\/index.php?rest_route=%2Fwp%2Fv2%2Fcomments&post=18828"}],"version-history":[{"count":1,"href":"https:\/\/entrenotasyacordes.com\/index.php?rest_route=\/wp\/v2\/posts\/18828\/revisions"}],"predecessor-version":[{"id":18829,"href":"https:\/\/entrenotasyacordes.com\/index.php?rest_route=\/wp\/v2\/posts\/18828\/revisions\/18829"}],"wp:featuredmedia":[{"embeddable":true,"href":"https:\/\/entrenotasyacordes.com\/index.php?rest_route=\/wp\/v2\/media\/18827"}],"wp:attachment":[{"href":"https:\/\/entrenotasyacordes.com\/index.php?rest_route=%2Fwp%2Fv2%2Fmedia&parent=18828"}],"wp:term":[{"taxonomy":"category","embeddable":true,"href":"https:\/\/entrenotasyacordes.com\/index.php?rest_route=%2Fwp%2Fv2%2Fcategories&post=18828"},{"taxonomy":"post_tag","embeddable":true,"href":"https:\/\/entrenotasyacordes.com\/index.php?rest_route=%2Fwp%2Fv2%2Ftags&post=18828"}],"curies":[{"name":"wp","href":"https:\/\/api.w.org\/{rel}","templated":true}]}}