{"id":18893,"date":"2025-11-20T23:51:24","date_gmt":"2025-11-20T23:51:24","guid":{"rendered":"https:\/\/entrenotasyacordes.com\/?p=18893"},"modified":"2025-11-20T23:51:24","modified_gmt":"2025-11-20T23:51:24","slug":"por-entradas-agotadas-shakira-suma-nueva-fecha-en-cordoba","status":"publish","type":"post","link":"https:\/\/entrenotasyacordes.com\/?p=18893","title":{"rendered":"POR ENTRADAS AGOTADAS SHAKIRA SUMA NUEVA FECHA EN C\u00d3RDOBA"},"content":{"rendered":"\n<p>La superestrella colombiana Shakira suma una nueva fecha en el Estadio Kempes de C\u00f3rdoba para el 15 de diciembre.<\/p>\n\n\n\n<p>Ya son 5 los shows que realizar\u00e1 en Argentina a fin de a\u00f1o como cierre de la etapa latinoamericana de su gira \u201cLas Mujeres Ya No Lloran World Tour (Estoy Aqu\u00ed)\u201d.<\/p>\n\n\n\n<p><strong>\u00c1NGELA TORRES CONFIRMADA COMO ARTISTA INVITADA EN LOS SHOWS DEL 8 Y 9 DE DICIEMBRE EN ESTADIO V\u00c9LEZ.<\/strong><\/p>\n\n\n\n<p class=\"has-text-align-center\">8 de diciembre | Estadio V\u00e9lez | 9 de diciembre | Estadio V\u00e9lez |<br>11 DE DICIEMBRE | ESTADIO V\u00c9LEZ | \u00a1NUEVA FECHA!<br><\/p>\n\n\n\n<p class=\"has-text-align-center\">14 de diciembre | Estadio Kempes| AGOTADO<br>15 DE DICIEMBRE | ESTADIO KEMPES | \u00a1NUEVA FECHA!<br><\/p>\n\n\n\n<p class=\"has-text-align-left\"><strong>Entradas a la venta a partir del viernes 21\/11, 10am \u00fanicamente en entradauno.com<\/strong><\/p>\n\n\n<div class=\"wp-block-image\">\n<figure class=\"aligncenter size-large\"><img loading=\"lazy\" decoding=\"async\" width=\"819\" height=\"1024\" src=\"https:\/\/entrenotasyacordes.com\/wp-content\/uploads\/2025\/11\/6d3c455b-75a5-4503-a1a6-202538888919-819x1024.jpg\" class=\"wp-image-18891\" srcset=\"https:\/\/entrenotasyacordes.com\/wp-content\/uploads\/2025\/11\/6d3c455b-75a5-4503-a1a6-202538888919-819x1024.jpg 819w, https:\/\/entrenotasyacordes.com\/wp-content\/uploads\/2025\/11\/6d3c455b-75a5-4503-a1a6-202538888919-240x300.jpg 240w, https:\/\/entrenotasyacordes.com\/wp-content\/uploads\/2025\/11\/6d3c455b-75a5-4503-a1a6-202538888919-768x960.jpg 768w, https:\/\/entrenotasyacordes.com\/wp-content\/uploads\/2025\/11\/6d3c455b-75a5-4503-a1a6-202538888919.jpg 1024w\" sizes=\"auto, (max-width: 819px) 100vw, 819px\" \/><\/figure>\n<\/div>\n\n\n<p>Por entradas agotadas para el 14 de diciembre, la superestrella global Shakira agrega una nueva fecha en el Estadio Kempes de C\u00f3rdoba para el lunes 15 de diciembre que ser\u00e1 la \u00faltima fecha en Argentina. Las entradas estar\u00e1n a la venta el viernes 21\/11 a las 10am, \u00fanicamente en entradauno.com (6 cuotas sin inter\u00e9s con BanCor).<\/p>\n\n\n\n<p>Estos conciertos se suman a los previstos en Estadio V\u00e9lez para el 8 y 9 de diciembre (agotados) y la nueva funci\u00f3n del 11 de diciembre. Con este anuncio Shakira suma 7 shows en el a\u00f1o en Argentina: en marzo se present\u00f3 en Campo Argentino de Polo con dos shows impecables agotando todas las localidades.<\/p>\n\n\n\n<p>La locura en la venta de entradas confirma una vez m\u00e1s el estrecho v\u00ednculo que la artista colombiana tiene con nuestro pa\u00eds, siendo el elegido para cerrar la etapa latinoamericana de su gira \u201cLas Mujeres Ya No Lloran World Tour\u201d que en este regreso llevar\u00e1 por subt\u00edtulo \u201cEstoy Aqu\u00ed\u201d, en honor a la canci\u00f3n que marc\u00f3 el comienzo de su proyecci\u00f3n internacional.<br>Ayer se anunci\u00f3, adem\u00e1s, que la artista argentina \u00c1ngela Torres ser\u00e1 la encargada de abrir los conciertos del 8 y 9 de diciembre en Estadio V\u00e9lez. \u00c1ngela acaba de lanzar su primer \u00e1lbum solista, \u201cNO ME OLVIDES\u201d, una obra visceral que se sumerge en las profundidades de su mundo emocional. A trav\u00e9s de once canciones sin colaboraciones, la artista se anima a narrar su historia con una honestidad cruda, abordando temas como las relaciones t\u00f3xicas, la vulnerabilidad y la exposici\u00f3n que conlleva estar bajo la mirada p\u00fablica.<\/p>\n\n\n\n<p>Shakira recibi\u00f3 recientemente el Premio Global Touring Icon de Billboard por su gira de estadios Las Mujeres Ya No Lloran, con la que bati\u00f3 todos los r\u00e9cords alrededor del mundo. Le\u00e9 la nota completa de Billboard sobre la gira aqu\u00ed.<br>Lanzada originalmente en abril de 2024, en apoyo a su \u00e1lbum del mismo nombre, que alcanz\u00f3 el puesto #1 en las listas Billboard Top Latin Albums y Latin Pop Albums, la gira alcanzar\u00e1 este a\u00f1o un impresionante total de 82 presentaciones. Hasta la fecha, 64 de los conciertos han recaudado m\u00e1s de 327.4 millones de d\u00f3lares y vendido m\u00e1s de 2.5 millones de boletos, estableciendo un nuevo r\u00e9cord como la gira latina m\u00e1s taquillera de la historia realizada por una mujer. Actualmente, es tambi\u00e9n la segunda gira latina m\u00e1s taquillera en general, con proyecciones que indican que podr\u00eda alcanzar el primer puesto al cierre de las fechas de diciembre. Las cifras incluyen su hist\u00f3rica serie de 12 presentaciones en el Estadio GNP Seguros de Ciudad de M\u00e9xico, el mayor n\u00famero de shows consecutivos que cualquier tour ha ofrecido en este emblem\u00e1tico recinto, vendiendo 65.000 boletos por noche, sumando un total de 780.000 personas.<\/p>\n\n\n\n<p>Estas presentaciones convierten a Shakira en un fen\u00f3meno cultural, reafirmando su lugar como la artista femenina latina m\u00e1s importante de todos los tiempos y una de las cantantes m\u00e1s poderosas e influyentes del mundo.<\/p>\n\n\n\n<p>Los shows de Shakira son de una magnitud deslumbrante, con una producci\u00f3n visual de primer nivel y un repertorio que incluye las mejores canciones de su trayectoria: \u201cLa Tortura\u201d, \u201cOjos As\u00ed\u201d, \u201cMonoton\u00eda\u201d, \u201cLa Bicicleta\u201d, \u201cTe Felicito\u201d, \u201cShakira-BZRP Music Session #53\u201d, entre muchas otras. En algunos de sus conciertos cont\u00f3 con la participaci\u00f3n de grandes artistas invitados: Carlos Vives, Maluma, Grupo Frontera, Rauw Alejandro, Alejandro Sanz, Manuel Turizo y Ozuna (los \u00faltimos 3 estuvieron presentes en sus recientes shows en Miami).<br>\u00ab\u00a1Estoy aqu\u00ed, Latinoam\u00e9rica!<\/p>\n\n\n\n<p><br>\u00a1Antes de Europa y Asia es una alegr\u00eda volver a casa! Vuelvo para reencontrarme con ustedes,<br>con los abrazos que quedaron pendientes<br>y las canciones que faltan por cantar juntos\u00bb.<br>El mensaje es claro y resuena con la fuerza de un himno en todo el continente:SHAKIRA EST\u00c1 AQU\u00cd. \u00a1No te quedes afuera de este espectacular cierre de gira en Argentina!<\/p>\n\n\n<div class=\"wp-block-image\">\n<figure class=\"aligncenter size-large\"><img loading=\"lazy\" decoding=\"async\" width=\"1024\" height=\"683\" src=\"https:\/\/entrenotasyacordes.com\/wp-content\/uploads\/2025\/11\/shakira-2025-1_nicolas-gerardin-1024x683.jpg\" class=\"wp-image-18892\" srcset=\"https:\/\/entrenotasyacordes.com\/wp-content\/uploads\/2025\/11\/shakira-2025-1_nicolas-gerardin-1024x683.jpg 1024w, https:\/\/entrenotasyacordes.com\/wp-content\/uploads\/2025\/11\/shakira-2025-1_nicolas-gerardin-300x200.jpg 300w, https:\/\/entrenotasyacordes.com\/wp-content\/uploads\/2025\/11\/shakira-2025-1_nicolas-gerardin-768x512.jpg 768w, https:\/\/entrenotasyacordes.com\/wp-content\/uploads\/2025\/11\/shakira-2025-1_nicolas-gerardin-1536x1025.jpg 1536w, https:\/\/entrenotasyacordes.com\/wp-content\/uploads\/2025\/11\/shakira-2025-1_nicolas-gerardin.jpg 2000w\" sizes=\"auto, (max-width: 1024px) 100vw, 1024px\" \/><figcaption class=\"wp-element-caption\">Foto por Nicolas Gerardin<\/figcaption><\/figure>\n<\/div>","protected":false},"excerpt":{"rendered":"<p>La superestrella colombiana Shakira suma una nueva fecha en el Estadio Kempes de C\u00f3rdoba para<\/p>\n","protected":false},"author":5,"featured_media":18891,"comment_status":"closed","ping_status":"open","sticky":false,"template":"","format":"standard","meta":{"om_disable_all_campaigns":false,"_uf_show_specific_survey":0,"_uf_disable_surveys":false,"footnotes":""},"categories":[36],"tags":[],"class_list":["post-18893","post","type-post","status-publish","format-standard","has-post-thumbnail","hentry","category-conciertos"],"_links":{"self":[{"href":"https:\/\/entrenotasyacordes.com\/index.php?rest_route=\/wp\/v2\/posts\/18893","targetHints":{"allow":["GET"]}}],"collection":[{"href":"https:\/\/entrenotasyacordes.com\/index.php?rest_route=\/wp\/v2\/posts"}],"about":[{"href":"https:\/\/entrenotasyacordes.com\/index.php?rest_route=\/wp\/v2\/types\/post"}],"author":[{"embeddable":true,"href":"https:\/\/entrenotasyacordes.com\/index.php?rest_route=\/wp\/v2\/users\/5"}],"replies":[{"embeddable":true,"href":"https:\/\/entrenotasyacordes.com\/index.php?rest_route=%2Fwp%2Fv2%2Fcomments&post=18893"}],"version-history":[{"count":1,"href":"https:\/\/entrenotasyacordes.com\/index.php?rest_route=\/wp\/v2\/posts\/18893\/revisions"}],"predecessor-version":[{"id":18894,"href":"https:\/\/entrenotasyacordes.com\/index.php?rest_route=\/wp\/v2\/posts\/18893\/revisions\/18894"}],"wp:featuredmedia":[{"embeddable":true,"href":"https:\/\/entrenotasyacordes.com\/index.php?rest_route=\/wp\/v2\/media\/18891"}],"wp:attachment":[{"href":"https:\/\/entrenotasyacordes.com\/index.php?rest_route=%2Fwp%2Fv2%2Fmedia&parent=18893"}],"wp:term":[{"taxonomy":"category","embeddable":true,"href":"https:\/\/entrenotasyacordes.com\/index.php?rest_route=%2Fwp%2Fv2%2Fcategories&post=18893"},{"taxonomy":"post_tag","embeddable":true,"href":"https:\/\/entrenotasyacordes.com\/index.php?rest_route=%2Fwp%2Fv2%2Ftags&post=18893"}],"curies":[{"name":"wp","href":"https:\/\/api.w.org\/{rel}","templated":true}]}}