{"id":18897,"date":"2025-11-20T23:57:14","date_gmt":"2025-11-20T23:57:14","guid":{"rendered":"https:\/\/entrenotasyacordes.com\/?p=18897"},"modified":"2025-11-20T23:57:14","modified_gmt":"2025-11-20T23:57:14","slug":"crunchy-presenta-noche-cristal","status":"publish","type":"post","link":"https:\/\/entrenotasyacordes.com\/?p=18897","title":{"rendered":"CRUNCHY PRESENTA \u201cNOCHE CRISTAL\u201d"},"content":{"rendered":"\n<p><strong>LA PUERTA DE ENTRADA A UN UNIVERSO<\/strong><br><strong>MUSICAL TAN \u00daNICO COMO PROMETEDOR<\/strong><\/p>\n\n\n\n<figure class=\"wp-block-image size-large\"><img loading=\"lazy\" decoding=\"async\" width=\"1024\" height=\"1024\" src=\"https:\/\/entrenotasyacordes.com\/wp-content\/uploads\/2025\/11\/img_4801-1024x1024.jpg\" class=\"wp-image-18895\" srcset=\"https:\/\/entrenotasyacordes.com\/wp-content\/uploads\/2025\/11\/img_4801-1024x1024.jpg 1024w, https:\/\/entrenotasyacordes.com\/wp-content\/uploads\/2025\/11\/img_4801-300x300.jpg 300w, https:\/\/entrenotasyacordes.com\/wp-content\/uploads\/2025\/11\/img_4801-150x150.jpg 150w, https:\/\/entrenotasyacordes.com\/wp-content\/uploads\/2025\/11\/img_4801-768x768.jpg 768w, https:\/\/entrenotasyacordes.com\/wp-content\/uploads\/2025\/11\/img_4801-1536x1536.jpg 1536w, https:\/\/entrenotasyacordes.com\/wp-content\/uploads\/2025\/11\/img_4801-50x50.jpg 50w, https:\/\/entrenotasyacordes.com\/wp-content\/uploads\/2025\/11\/img_4801.jpg 2000w\" sizes=\"auto, (max-width: 1024px) 100vw, 1024px\" \/><\/figure>\n\n\n\n<p>El d\u00fao argentino&nbsp;<strong>Crunchy&nbsp;<\/strong>inaugura oficialmente su universo musical con el lanzamiento de&nbsp;<strong>\u201cNoche Cristal\u201d<\/strong>, primer corte de difusi\u00f3n de su \u00e1lbum debut&nbsp;<em>Daddy Issues<\/em>, una obra de sad pop con alma el\u00e9ctrica y guitarras que laten al ritmo de una Buenos Aires nocturna y seductora.<\/p>\n\n\n\n<p><br \/>Formado en 2023, Crunchy surge del encuentro entre dos m\u00fasicos porte\u00f1os que, tras cerrar etapas previas, confluyen en una propuesta que combina melancol\u00eda, energ\u00eda y un pulso emocional honesto. En&nbsp;<em><strong>Daddy Issues<\/strong><\/em>, el grupo construye un viaje sonoro que atraviesa p\u00e9rdidas, resurgimientos y amores imperfectos con un tono introspectivo pero luminoso.<\/p>\n\n\n\n<p><br \/>Dentro de esa narrativa,&nbsp;<strong>\u201cNoche Cristal\u201d<\/strong>funciona como una puerta de entrada perfecta. Con&nbsp;<strong>bombos en negras y textura electro pop<\/strong>, la canci\u00f3n retrata una noche signada por el exceso, la transformaci\u00f3n y la entrega sin miedo a los propios demonios. \u201cSiento que puedo flotar y me gusta\u201d, canta&nbsp;<strong>Delfina Ursula<\/strong>, voz principal que encarna esa dualidad entre el v\u00e9rtigo y la liberaci\u00f3n.<\/p>\n\n\n\n<p><br>El tema fue producido por&nbsp;<strong>Emanuel Tato (Uniqa)<\/strong>, con mezcla de&nbsp;<strong>Sebasti\u00e1n Bergallo&nbsp;<\/strong>y mastering de&nbsp;<strong>Carlos Laurenz<\/strong>. Participan<strong>&nbsp;Panky Malissia<\/strong>&nbsp;en bater\u00eda,<strong>&nbsp;Leandro G<\/strong>. y&nbsp;<strong>Diego D.<\/strong>&nbsp;en guitarras y teclados, y coros de&nbsp;<strong>Tato y Ursula<\/strong>.<\/p>\n\n\n<div class=\"wp-block-image\">\n<figure class=\"aligncenter size-large\"><img loading=\"lazy\" decoding=\"async\" width=\"1024\" height=\"576\" src=\"https:\/\/entrenotasyacordes.com\/wp-content\/uploads\/2025\/11\/img_4802-1024x576.png\" class=\"wp-image-18896\" srcset=\"https:\/\/entrenotasyacordes.com\/wp-content\/uploads\/2025\/11\/img_4802-1024x576.png 1024w, https:\/\/entrenotasyacordes.com\/wp-content\/uploads\/2025\/11\/img_4802-300x169.png 300w, https:\/\/entrenotasyacordes.com\/wp-content\/uploads\/2025\/11\/img_4802-768x432.png 768w, https:\/\/entrenotasyacordes.com\/wp-content\/uploads\/2025\/11\/img_4802-1536x864.png 1536w, https:\/\/entrenotasyacordes.com\/wp-content\/uploads\/2025\/11\/img_4802.png 2000w\" sizes=\"auto, (max-width: 1024px) 100vw, 1024px\" \/><\/figure>\n<\/div>\n\n\n<p>Noche Cristal anticipa un disco que, aunque concebido como un todo, promete interpelar y acompa\u00f1ar a quien lo escuche desde cada una de las piezas que lo componen. Un debut que se anima a explorar el desgarro y la belleza de la noche, y que marca el inicio del universo Crunchy.<\/p>\n\n\n\n<figure class=\"wp-block-embed\"><div class=\"wp-block-embed__wrapper\">\n<div class=\"epyt-video-wrapper\"><iframe loading=\"lazy\"  id=\"_ytid_35515\"  width=\"640\" height=\"360\"  data-origwidth=\"640\" data-origheight=\"360\" src=\"https:\/\/www.youtube.com\/embed\/j2ythPZReoQ?enablejsapi=1&#038;autoplay=0&#038;cc_load_policy=0&#038;cc_lang_pref=&#038;iv_load_policy=1&#038;loop=0&#038;rel=1&#038;fs=1&#038;playsinline=0&#038;autohide=2&#038;theme=dark&#038;color=white&#038;controls=1&#038;\" class=\"__youtube_prefs__  epyt-is-override  no-lazyload\" data-vol=\"50\"  title=\"YouTube player\"  allow=\"fullscreen; accelerometer; autoplay; clipboard-write; encrypted-media; gyroscope; picture-in-picture; web-share\" referrerpolicy=\"strict-origin-when-cross-origin\" allowfullscreen data-no-lazy=\"1\" data-skipgform_ajax_framebjll=\"\"><\/iframe><\/div>\n<\/div><\/figure>\n\n\n\n<p>El videoclip, dirigido por Felipe Wonk , acompa\u00f1a el clima sensorial de la canci\u00f3n con una narrativa visual que mezcla animaci\u00f3n y atm\u00f3sfera de ensue\u00f1o, reforzando el esp\u00edritu de cambio y liberaci\u00f3n que recorre toda la obra.<\/p>\n\n\n\n<p><strong>NOCHE CRISTAL&nbsp;<\/strong><strong>(ficha t\u00e9cnica)<\/strong><\/p>\n\n\n\n<p>Voz Delfina Ursula<\/p>\n\n\n\n<p>Bater\u00eda: Panky Malissia<br \/>Bajo: Emmanuel Tato<br \/>Guitarras: Leandro G \/ Diego D<br \/>Teclados: Leandro G<br \/>Coros: Emanuel Tato + Delfina Ursula&nbsp;<\/p>\n\n\n\n<p>Autores Leandro G \/ Diego D<br \/>Pre Producci\u00f3n Gustavo Iglesias<br \/>Producci\u00f3n: Emanuel Tato<br \/>Arreglos : Leandro G \/ Diego D&nbsp;<\/p>\n\n\n\n<p>Grabado en Estudios LAG Music + Estudio Iris<br \/>Mezcla: &nbsp;Estudio Desdemona por Sebasti\u00e1n Bergallo&nbsp;<br \/>Mastering: Carlos Laurenz&nbsp;<\/p>\n\n\n\n<p>Editado por: G.X.M Records<\/p>\n\n\n\n<p><\/p>\n\n\n\n<p><strong>Videoclip (ficha t\u00e9cnica)<\/strong><\/p>\n\n\n\n<p>Direcci\u00f3n: Felipe Wonk<br \/>Producci\u00f3n: Agustina Comerci<br \/>Coordinador y Director de Animaci\u00f3n &amp; Arte: Lissandro Aiden Cottone<br \/>Storyboard: Felipe Cutro Lev<br \/>Concept Art: Nahuel \u00abVouge Ewigeliebe\u00bb Rodr\u00edguez, Insomnia<br \/>Rigging Cutout: Lissandro Aiden Cottone<br \/>Character Design: Lissandro Aiden Cottone, Anaphiel<br \/>Fondos 2D y Animaci\u00f3n 3D: Insomnia<br \/>Animaci\u00f3n 2D Cutout: Facundo Popp, Anaphiel, Insomnia, Lissandro Aiden Cottone<br \/>Generalistas 3D: Nahuel \u00abVouge Ewigeliebe\u00bb Rodr\u00edguez, Juana Agrasar<br \/>Compaginaci\u00f3n y Gr\u00e1ficas: Felipe Bessaso<\/p>\n","protected":false},"excerpt":{"rendered":"<p>LA PUERTA DE ENTRADA A UN UNIVERSOMUSICAL TAN \u00daNICO COMO PROMETEDOR El d\u00fao argentino&nbsp;Crunchy&nbsp;inaugura oficialmente<\/p>\n","protected":false},"author":5,"featured_media":18895,"comment_status":"closed","ping_status":"open","sticky":false,"template":"","format":"standard","meta":{"om_disable_all_campaigns":false,"_uf_show_specific_survey":0,"_uf_disable_surveys":false,"footnotes":""},"categories":[4],"tags":[],"class_list":["post-18897","post","type-post","status-publish","format-standard","has-post-thumbnail","hentry","category-musica"],"_links":{"self":[{"href":"https:\/\/entrenotasyacordes.com\/index.php?rest_route=\/wp\/v2\/posts\/18897","targetHints":{"allow":["GET"]}}],"collection":[{"href":"https:\/\/entrenotasyacordes.com\/index.php?rest_route=\/wp\/v2\/posts"}],"about":[{"href":"https:\/\/entrenotasyacordes.com\/index.php?rest_route=\/wp\/v2\/types\/post"}],"author":[{"embeddable":true,"href":"https:\/\/entrenotasyacordes.com\/index.php?rest_route=\/wp\/v2\/users\/5"}],"replies":[{"embeddable":true,"href":"https:\/\/entrenotasyacordes.com\/index.php?rest_route=%2Fwp%2Fv2%2Fcomments&post=18897"}],"version-history":[{"count":1,"href":"https:\/\/entrenotasyacordes.com\/index.php?rest_route=\/wp\/v2\/posts\/18897\/revisions"}],"predecessor-version":[{"id":18898,"href":"https:\/\/entrenotasyacordes.com\/index.php?rest_route=\/wp\/v2\/posts\/18897\/revisions\/18898"}],"wp:featuredmedia":[{"embeddable":true,"href":"https:\/\/entrenotasyacordes.com\/index.php?rest_route=\/wp\/v2\/media\/18895"}],"wp:attachment":[{"href":"https:\/\/entrenotasyacordes.com\/index.php?rest_route=%2Fwp%2Fv2%2Fmedia&parent=18897"}],"wp:term":[{"taxonomy":"category","embeddable":true,"href":"https:\/\/entrenotasyacordes.com\/index.php?rest_route=%2Fwp%2Fv2%2Fcategories&post=18897"},{"taxonomy":"post_tag","embeddable":true,"href":"https:\/\/entrenotasyacordes.com\/index.php?rest_route=%2Fwp%2Fv2%2Ftags&post=18897"}],"curies":[{"name":"wp","href":"https:\/\/api.w.org\/{rel}","templated":true}]}}