{"id":18902,"date":"2025-11-21T00:19:05","date_gmt":"2025-11-21T00:19:05","guid":{"rendered":"https:\/\/entrenotasyacordes.com\/?p=18902"},"modified":"2025-11-21T00:19:05","modified_gmt":"2025-11-21T00:19:05","slug":"pimpinela-hablo-de-todo-y-anunciosu-gira-argentina-2026","status":"publish","type":"post","link":"https:\/\/entrenotasyacordes.com\/?p=18902","title":{"rendered":"PIMPINELA HABL\u00d3 DE TODO Y ANUNCI\u00d3SU GIRA ARGENTINA 2026"},"content":{"rendered":"\n<p>Joaqu\u00edn y Luc\u00eda Gal\u00e1n brindaron una conferencia de prensa y contaron c\u00f3mo ser\u00e1 su regreso al pa\u00eds para presentar su nuevo espect\u00e1culo \u201cNoticias del Amor\u201d<\/p>\n\n\n\n<figure class=\"wp-block-image size-large\"><img loading=\"lazy\" decoding=\"async\" width=\"1024\" height=\"683\" src=\"https:\/\/entrenotasyacordes.com\/wp-content\/uploads\/2025\/11\/img_4804-1024x683.jpg\" class=\"wp-image-18900\" srcset=\"https:\/\/entrenotasyacordes.com\/wp-content\/uploads\/2025\/11\/img_4804-1024x683.jpg 1024w, https:\/\/entrenotasyacordes.com\/wp-content\/uploads\/2025\/11\/img_4804-300x200.jpg 300w, https:\/\/entrenotasyacordes.com\/wp-content\/uploads\/2025\/11\/img_4804-768x512.jpg 768w, https:\/\/entrenotasyacordes.com\/wp-content\/uploads\/2025\/11\/img_4804-1536x1024.jpg 1536w, https:\/\/entrenotasyacordes.com\/wp-content\/uploads\/2025\/11\/img_4804.jpg 1600w\" sizes=\"auto, (max-width: 1024px) 100vw, 1024px\" \/><\/figure>\n\n\n\n<p><strong>Polideportivo Mar del Plata, 10 de enero &#8211; Entradas pr\u00f3ximamente a la venta<\/strong><\/p>\n\n\n\n<p><strong>Movistar Arena, 18 de octubre &#8211; Entradas a la venta desde el 25 de noviembre a las 16 horas en&nbsp;<a href=\"https:\/\/www.movistararena.com.ar\/?utm_source=perfit&#038;utm_medium=email\">www.movistararena.com.ar<\/a> Hasta 6 cuotas sin inter\u00e9s con tarjetas VISA de Banco Galicia<\/strong><\/p>\n\n\n\n<p>Despu\u00e9s de un 2025 en el que volvieron a confirmar que son un fen\u00f3meno de permanente vigencia, agotando funciones en Estados Unidos, Espa\u00f1a, M\u00e9xico y el resto de Am\u00e9rica Latina, y emocionando a p\u00fablicos de distintas generaciones, Pimpinela brind\u00f3 una conferencia de prensa en el Sofitel Buenos Aires Recoleta este mi\u00e9rcoles 19 de noviembre. Frente a periodistas y a creadores de contenido de todo el pa\u00eds,&nbsp;<strong>Luc\u00eda y Joaqu\u00edn Gal\u00e1n<\/strong>anunciaron la gira argentina 2026 de su espect\u00e1culo&nbsp;<strong>\u201cNoticias del Amor<\/strong>\u201d.<\/p>\n\n\n\n<p>La primera fecha en Argentina ser\u00e1 el 10 de enero en el Polideportivo Mar del Plata y el cierre del tour ser\u00e1 con su vuelta al Movistar Arena en Buenos Aires el domingo 18 de octubre, coincidiendo con el D\u00eda de la Madre. Las entradas para este show estar\u00e1n a la venta el pr\u00f3ximo martes 25 de noviembre a las 16 horas en&nbsp;<a href=\"https:\/\/www.movistararena.com.ar\/?utm_source=perfit&#038;utm_medium=email\" target=\"_blank\" rel=\"noreferrer noopener\">www.movistararena.com.ar<\/a>&nbsp;, mientras que los tickets para disfrutar a Pimpinela en Mar del Plata estar\u00e1n disponibles en TuEntrada.com pr\u00f3ximamente.<\/p>\n\n\n\n<p>La Gira Argentina 2026 tambi\u00e9n recorrer\u00e1 Rosario, Santa Fe, C\u00f3rdoba, Mendoza, San Juan, Neuqu\u00e9n, Salta y Tucum\u00e1n en fechas que se anunciar\u00e1n en breve<\/p>\n\n\n\n<figure class=\"wp-block-embed\"><div class=\"wp-block-embed__wrapper\">\n<div class=\"epyt-video-wrapper\"><iframe loading=\"lazy\"  id=\"_ytid_55484\"  width=\"640\" height=\"360\"  data-origwidth=\"640\" data-origheight=\"360\" src=\"https:\/\/www.youtube.com\/embed\/MJco7vkNa_Q?enablejsapi=1&#038;autoplay=0&#038;cc_load_policy=0&#038;cc_lang_pref=&#038;iv_load_policy=1&#038;loop=0&#038;rel=1&#038;fs=1&#038;playsinline=0&#038;autohide=2&#038;theme=dark&#038;color=white&#038;controls=1&#038;\" class=\"__youtube_prefs__  epyt-is-override  no-lazyload\" data-vol=\"50\"  title=\"YouTube player\"  allow=\"fullscreen; accelerometer; autoplay; clipboard-write; encrypted-media; gyroscope; picture-in-picture; web-share\" referrerpolicy=\"strict-origin-when-cross-origin\" allowfullscreen data-no-lazy=\"1\" data-skipgform_ajax_framebjll=\"\"><\/iframe><\/div>\n<\/div><\/figure>\n\n\n\n<p>Antes de dar comienzo a este reencuentro con el p\u00fablico argentino, los hermanos Gal\u00e1n decidieron cerrar el 2025 con este anuncio y vivir un momento especial con los medios. No fue una conferencia de prensa tradicional: el evento se convirti\u00f3 en una charla a coraz\u00f3n abierto que revel\u00f3 el lado B de los hermanos Luc\u00eda y Joaqu\u00edn, ese territorio en el que los miedos, las decisiones, la vulnerabilidad y la soledad se mezclan con la fuerza esc\u00e9nica que los caracteriza.<\/p>\n\n\n\n<p>El host del evento, el periodista&nbsp;<strong>Javier Fabracci<\/strong>&nbsp;, abri\u00f3 el juego a esta conversaci\u00f3n diferente en la que Pimpinela recorri\u00f3 su historia y habl\u00f3 acerca de c\u00f3mo manejan esa dualidad entre el \u00e9xito y lo que pasa en la vida debajo del escenario. \u201cHay que estar muy preparado para eso. El contraste es muy grande. Cuando termin\u00e1s un concierto en un estadio de miles y miles de personas con la adrenalina arriba, te llevan al hotel, y de golpe ten\u00e9s la comida ah\u00ed. Cada uno del staff, que somos 26 personas viajando, se va a hacer su vida y te qued\u00e1s solo. Entonces, ten\u00e9s que estar muy preparado. Hay carreras m\u00e1s dif\u00edciles que otras, pero uno expone mucho su cuerpo, sus emociones, y considero que es muy importante\u201d, dijo Luc\u00eda. \u201cYo pienso que nosotros tuvimos la suerte de venir de la \u00e9poca donde cada escal\u00f3n te lo ganabas a trav\u00e9s del tiempo y de ir madurando\u201d, dijo Joaqu\u00edn: &nbsp;\u201cSi bien, tambi\u00e9n es cierto, que \u2018Olv\u00eddame, pega la vuelta\u2019 fue una canci\u00f3n que tuvo una repercusi\u00f3n muy r\u00e1pida en un a\u00f1o y medio. A los dos a\u00f1os de salir la canci\u00f3n, est\u00e1bamos cantando en el Radio City, en Nueva York, algo impensable para esa \u00e9poca. De todos modos atravesamos esos a\u00f1os 80 con calma, yendo y viniendo, mostrando al d\u00fao en todos los pa\u00edses\u201d.&nbsp;<\/p>\n\n\n\n<p>Tambi\u00e9n hubo un momento para que cada uno de los Gal\u00e1n dijera qu\u00e9 era lo que lo molestaba del otro. \u201cHa ido mejorando mi hermano. El muchacho antes era muy impuntual y yo soy muy puntual, entonces era todo un tema. Ten\u00edamos que estar para irnos a alguna entrevista o algo similar y era yo la que estaba abajo en el lobby siempre esperando y ah\u00ed surg\u00edan las conversaciones, las canciones sin m\u00fasica y con otra letra\u201d, coment\u00f3 entre risas Luc\u00eda. \u201cYo creo que siempre veo el lado m\u00e1s positivo. Peleas de hermanos es inevitable, pero la mejor noticia para nosotros es que, viendo c\u00f3mo se llevan otros hermanos, nosotros somos realmente maravillosos\u201d, respondi\u00f3 Joaqu\u00edn.&nbsp;<\/p>\n\n\n\n<p>\u201cSalimos de gira en el 82 y nunca paramos. No es que ahora vamos a salir de gira de nuevo: acabamos de llegar hace una semana de M\u00e9xico, Dominicana, Panam\u00e1 y de Espa\u00f1a. Yo creo que tenemos un entusiasmo que hace que el d\u00eda a d\u00eda sea productivo, sea creativo\u201d, se\u00f1al\u00f3 Luc\u00eda sobre c\u00f3mo es arrancar un tour por todo el pa\u00eds luego de 43 a\u00f1os de trayectoria. Para Joaqu\u00edn, la vida de los hermanos es una gira permanente: \u201cAs\u00ed lo planteamos al principio y es un estilo de vida, no es que sintamos que salimos a trabajar, es nuestro estilo. En nuestro estilo de vivir en familia y de recorrer tantos sitios\u201d.&nbsp;<\/p>\n\n\n\n<p>\u201cEsa relaci\u00f3n de hermanos se siente a la hora de de estar de gira\u201d, fue lo que destac\u00f3 Joaqu\u00edn de Luc\u00eda. \u201cY en lo profesional, valoro mucho el rendimiento de ella en concierto, la entrega, la ductilidad, la magia para subirse a un escenario y conectar con la gente\u201d. Por su parte, Luc\u00eda dijo: \u201cNos divertimos mucho. Tenemos mucho humor parecido. Entonces, hay momentos de mucho cansancio, momentos de mucho estr\u00e9s, porque son por ah\u00ed shows seguidos en distintas ciudades, y trabajar con alguien tan cercano es muy importante\u201d.<\/p>\n\n\n\n<p><strong>C\u00f3mo es Noticias del Amor, el espect\u00e1culo que Pimpinela presentar\u00e1 en toda la Argentina<\/strong><\/p>\n\n\n\n<p>El nuevo espect\u00e1culo&nbsp;<strong>\u201cNoticias del Amor\u201d<\/strong>&nbsp;es una experiencia diferente a cualquier otro concierto. Es un viaje musical y visual con los grandes \u00e9xitos del d\u00fao que invita a recorrer c\u00f3mo cambiaron el amor y las relaciones de pareja a trav\u00e9s de las d\u00e9cadas. Con una puesta en escena innovadora, los hermanos se convierten en presentadores de noticias que, en tono de comedia, recrean las eternas discusiones de pareja mientras emocionan a seguidores de todas las edades con su estilo \u00fanico, mezcla de m\u00fasica y teatro.<\/p>\n\n\n<div class=\"wp-block-image\">\n<figure class=\"aligncenter size-large\"><img loading=\"lazy\" decoding=\"async\" width=\"1024\" height=\"576\" src=\"https:\/\/entrenotasyacordes.com\/wp-content\/uploads\/2025\/11\/img_4803-1-1024x576.jpg\" class=\"wp-image-18901\" srcset=\"https:\/\/entrenotasyacordes.com\/wp-content\/uploads\/2025\/11\/img_4803-1-1024x576.jpg 1024w, https:\/\/entrenotasyacordes.com\/wp-content\/uploads\/2025\/11\/img_4803-1-300x169.jpg 300w, https:\/\/entrenotasyacordes.com\/wp-content\/uploads\/2025\/11\/img_4803-1-768x432.jpg 768w, https:\/\/entrenotasyacordes.com\/wp-content\/uploads\/2025\/11\/img_4803-1-1536x864.jpg 1536w, https:\/\/entrenotasyacordes.com\/wp-content\/uploads\/2025\/11\/img_4803-1.jpg 1600w\" sizes=\"auto, (max-width: 1024px) 100vw, 1024px\" \/><\/figure>\n<\/div>","protected":false},"excerpt":{"rendered":"<p>Joaqu\u00edn y Luc\u00eda Gal\u00e1n brindaron una conferencia de prensa y contaron c\u00f3mo ser\u00e1 su regreso<\/p>\n","protected":false},"author":5,"featured_media":18901,"comment_status":"closed","ping_status":"open","sticky":false,"template":"","format":"standard","meta":{"om_disable_all_campaigns":false,"_uf_show_specific_survey":0,"_uf_disable_surveys":false,"footnotes":""},"categories":[36,34],"tags":[],"class_list":["post-18902","post","type-post","status-publish","format-standard","has-post-thumbnail","hentry","category-conciertos","category-ultimas-noticias"],"_links":{"self":[{"href":"https:\/\/entrenotasyacordes.com\/index.php?rest_route=\/wp\/v2\/posts\/18902","targetHints":{"allow":["GET"]}}],"collection":[{"href":"https:\/\/entrenotasyacordes.com\/index.php?rest_route=\/wp\/v2\/posts"}],"about":[{"href":"https:\/\/entrenotasyacordes.com\/index.php?rest_route=\/wp\/v2\/types\/post"}],"author":[{"embeddable":true,"href":"https:\/\/entrenotasyacordes.com\/index.php?rest_route=\/wp\/v2\/users\/5"}],"replies":[{"embeddable":true,"href":"https:\/\/entrenotasyacordes.com\/index.php?rest_route=%2Fwp%2Fv2%2Fcomments&post=18902"}],"version-history":[{"count":1,"href":"https:\/\/entrenotasyacordes.com\/index.php?rest_route=\/wp\/v2\/posts\/18902\/revisions"}],"predecessor-version":[{"id":18903,"href":"https:\/\/entrenotasyacordes.com\/index.php?rest_route=\/wp\/v2\/posts\/18902\/revisions\/18903"}],"wp:featuredmedia":[{"embeddable":true,"href":"https:\/\/entrenotasyacordes.com\/index.php?rest_route=\/wp\/v2\/media\/18901"}],"wp:attachment":[{"href":"https:\/\/entrenotasyacordes.com\/index.php?rest_route=%2Fwp%2Fv2%2Fmedia&parent=18902"}],"wp:term":[{"taxonomy":"category","embeddable":true,"href":"https:\/\/entrenotasyacordes.com\/index.php?rest_route=%2Fwp%2Fv2%2Fcategories&post=18902"},{"taxonomy":"post_tag","embeddable":true,"href":"https:\/\/entrenotasyacordes.com\/index.php?rest_route=%2Fwp%2Fv2%2Ftags&post=18902"}],"curies":[{"name":"wp","href":"https:\/\/api.w.org\/{rel}","templated":true}]}}