{"id":18953,"date":"2025-11-26T11:17:04","date_gmt":"2025-11-26T11:17:04","guid":{"rendered":"https:\/\/entrenotasyacordes.com\/?p=18953"},"modified":"2025-11-26T11:17:04","modified_gmt":"2025-11-26T11:17:04","slug":"fito-paez-un-historico-cierre-a-teatro-lleno-de-paez-tecknicolor-usa-25-en-nueva-york","status":"publish","type":"post","link":"https:\/\/entrenotasyacordes.com\/?p=18953","title":{"rendered":"FITO P\u00c1EZ UN HIST\u00d3RICO CIERRE A TEATRO LLENO DE \u201cPAEZ TECKNICOLOR USA \u201825\u201d EN NUEVA YORK"},"content":{"rendered":"\n<figure class=\"wp-block-image size-large\"><img loading=\"lazy\" decoding=\"async\" width=\"1024\" height=\"683\" src=\"https:\/\/entrenotasyacordes.com\/wp-content\/uploads\/2025\/11\/img_5145-1024x683.jpg\" class=\"wp-image-18951\" srcset=\"https:\/\/entrenotasyacordes.com\/wp-content\/uploads\/2025\/11\/img_5145-1024x683.jpg 1024w, https:\/\/entrenotasyacordes.com\/wp-content\/uploads\/2025\/11\/img_5145-300x200.jpg 300w, https:\/\/entrenotasyacordes.com\/wp-content\/uploads\/2025\/11\/img_5145-768x512.jpg 768w, https:\/\/entrenotasyacordes.com\/wp-content\/uploads\/2025\/11\/img_5145.jpg 1350w\" sizes=\"auto, (max-width: 1024px) 100vw, 1024px\" \/><figcaption class=\"wp-element-caption\">FOTOS &#8211; Cr\u00e9ditos Adela Loconte | @adela.loconte<\/figcaption><\/figure>\n\n\n\n<p>Fito P\u00e1ez, culmin\u00f3 este fin de semana su triunfante gira \u201cP\u00e1ez Tecknicolor USA &#8217;25\u201d con un deslumbrante concierto final en el hist\u00f3rico Kings Theatre de Nueva York. Esta presentaci\u00f3n estelar celebra el cierre de su recorrido por Estados Unidos, acompa\u00f1ado por sus dos victorias en los Latin GRAMMY\u00ae de este a\u00f1o y su actual nominaci\u00f3n al GRAMMY\u00ae.<\/p>\n\n\n\n<p><br \/>El p\u00fablico cautivado de Brooklyn, Nueva York, cant\u00f3, bail\u00f3 y ovacion\u00f3 durante un extenso set de dos horas y 22 canciones que repas\u00f3 los mayores \u00e9xitos del \u00edcono argentino a lo largo de m\u00e1s de cuatro d\u00e9cadas.<\/p>\n\n\n\n<p><br \/>Fito abri\u00f3 la noche con su mega \u00e9xito \u201cEl amor despu\u00e9s del amor\u201d, perteneciente a su \u00e1lbum ganador del Latin GRAMMY\u00ae, NOVELA, que tambi\u00e9n le otorg\u00f3 su quinta nominaci\u00f3n al GRAMMY\u00ae en la categor\u00eda \u201cMejor \u00c1lbum de Rock o Alternativo Latino\u201d.<\/p>\n\n\n\n<p><br \/>La velada estuvo llena de momentos memorables, incluyendo electrizantes interpretaciones de favoritos del p\u00fablico como \u201cLlueve sobre mojado\u201d, \u201c11 y 6\u201d, y un inolvidable encore con \u201cSale el Sol\u201d, ganadora del Latin GRAMMY\u00ae a Mejor Canci\u00f3n de Rock, seguido por un coro multitudinario del p\u00fablico con \u201cMariposa Tecknicolor\u201d.<\/p>\n\n\n\n<p><br \/>Fito domin\u00f3 el escenario con el carisma y la maestr\u00eda musical que lo han convertido en una leyenda del rock latino \u2014 acompa\u00f1ado por una excepcional banda de ocho integrantes, una poderosa secci\u00f3n de vientos, corista y su inconfundible piano.<\/p>\n\n\n\n<p><br \/>El cierre de \u201cP\u00e1ez Tecknicolor USA &#8217;25\u201d marc\u00f3 un emotivo reencuentro con sus fans norteamericanos, tras una apertura con lleno total en el YouTube Theatre de Los \u00c1ngeles y una fecha completamente agotada la semana pasada en el Hard Rock Live de Miami, consolidando una gira destacada en Estados Unidos para uno de los artistas m\u00e1s celebrados de la m\u00fasica rock latinoamericana.<\/p>\n\n\n\n<p><br>Fito corona un a\u00f1o hist\u00f3rico; uno que incluy\u00f3 su debut en NPR Tiny Desk (mira aqu\u00ed), el lanzamiento de su aclamada obra maestra NOVELA \u2014 que comenz\u00f3 a escribir en 1988 y complet\u00f3 36 a\u00f1os despu\u00e9s, en 2024 \u2014 obteniendo su 13\u00b0 Latin GRAMMY\u00ae y reafirm\u00e1ndolo como uno de los artistas m\u00e1s premiados en la historia de estos galardones, adem\u00e1s del prestigioso Premio Konex de Platino como Mejor Autor\/Compositor de la D\u00e9cada en Argentina y un Doctorado Honoris Causa de la Universidad Nacional de Rosario, en reconocimiento a su extraordinario legado art\u00edstico.<\/p>\n\n\n\n<figure class=\"wp-block-video aligncenter\"><video height=\"960\" style=\"aspect-ratio: 540 \/ 960;\" width=\"540\" controls src=\"https:\/\/entrenotasyacordes.com\/wp-content\/uploads\/2025\/11\/d65d5420-5ee6-4792-8c52-fd743bb7a506.mp4\"><\/video><\/figure>\n","protected":false},"excerpt":{"rendered":"<p>Fito P\u00e1ez, culmin\u00f3 este fin de semana su triunfante gira \u201cP\u00e1ez Tecknicolor USA &#8217;25\u201d con<\/p>\n","protected":false},"author":5,"featured_media":18951,"comment_status":"closed","ping_status":"open","sticky":false,"template":"","format":"standard","meta":{"om_disable_all_campaigns":false,"_uf_show_specific_survey":0,"_uf_disable_surveys":false,"footnotes":""},"categories":[34],"tags":[],"class_list":["post-18953","post","type-post","status-publish","format-standard","has-post-thumbnail","hentry","category-ultimas-noticias"],"_links":{"self":[{"href":"https:\/\/entrenotasyacordes.com\/index.php?rest_route=\/wp\/v2\/posts\/18953","targetHints":{"allow":["GET"]}}],"collection":[{"href":"https:\/\/entrenotasyacordes.com\/index.php?rest_route=\/wp\/v2\/posts"}],"about":[{"href":"https:\/\/entrenotasyacordes.com\/index.php?rest_route=\/wp\/v2\/types\/post"}],"author":[{"embeddable":true,"href":"https:\/\/entrenotasyacordes.com\/index.php?rest_route=\/wp\/v2\/users\/5"}],"replies":[{"embeddable":true,"href":"https:\/\/entrenotasyacordes.com\/index.php?rest_route=%2Fwp%2Fv2%2Fcomments&post=18953"}],"version-history":[{"count":1,"href":"https:\/\/entrenotasyacordes.com\/index.php?rest_route=\/wp\/v2\/posts\/18953\/revisions"}],"predecessor-version":[{"id":18954,"href":"https:\/\/entrenotasyacordes.com\/index.php?rest_route=\/wp\/v2\/posts\/18953\/revisions\/18954"}],"wp:featuredmedia":[{"embeddable":true,"href":"https:\/\/entrenotasyacordes.com\/index.php?rest_route=\/wp\/v2\/media\/18951"}],"wp:attachment":[{"href":"https:\/\/entrenotasyacordes.com\/index.php?rest_route=%2Fwp%2Fv2%2Fmedia&parent=18953"}],"wp:term":[{"taxonomy":"category","embeddable":true,"href":"https:\/\/entrenotasyacordes.com\/index.php?rest_route=%2Fwp%2Fv2%2Fcategories&post=18953"},{"taxonomy":"post_tag","embeddable":true,"href":"https:\/\/entrenotasyacordes.com\/index.php?rest_route=%2Fwp%2Fv2%2Ftags&post=18953"}],"curies":[{"name":"wp","href":"https:\/\/api.w.org\/{rel}","templated":true}]}}