{"id":18985,"date":"2025-11-27T23:14:47","date_gmt":"2025-11-27T23:14:47","guid":{"rendered":"https:\/\/entrenotasyacordes.com\/?p=18985"},"modified":"2025-11-27T23:14:47","modified_gmt":"2025-11-27T23:14:47","slug":"tras-agotar-la-funcion-de-diciembre-en-tiempo-record-el-artista-abre-el-2026-con-una-segunda-fecha-en-buenos-aires-david-lebon-presenta-esencia-lebon","status":"publish","type":"post","link":"https:\/\/entrenotasyacordes.com\/?p=18985","title":{"rendered":"Tras agotar la funci\u00f3n de diciembre en tiempo r\u00e9cord, el artista abre el 2026 con una segunda fecha en Buenos Aires DAVID LEB\u00d3N presenta ESENCIA LEB\u00d3N"},"content":{"rendered":"\n<p class=\"has-text-align-center\">13 DE DICIEMBRE &#8211; SOLD OUT<\/p>\n\n\n<div class=\"wp-block-image\">\n<figure class=\"aligncenter size-large\"><img loading=\"lazy\" decoding=\"async\" width=\"1024\" height=\"1024\" src=\"https:\/\/entrenotasyacordes.com\/wp-content\/uploads\/2025\/11\/bc39d867-8736-4060-8acb-da2c502a1be6-1024x1024.jpg\" class=\"wp-image-18984\" srcset=\"https:\/\/entrenotasyacordes.com\/wp-content\/uploads\/2025\/11\/bc39d867-8736-4060-8acb-da2c502a1be6-1024x1024.jpg 1024w, https:\/\/entrenotasyacordes.com\/wp-content\/uploads\/2025\/11\/bc39d867-8736-4060-8acb-da2c502a1be6-300x300.jpg 300w, https:\/\/entrenotasyacordes.com\/wp-content\/uploads\/2025\/11\/bc39d867-8736-4060-8acb-da2c502a1be6-150x150.jpg 150w, https:\/\/entrenotasyacordes.com\/wp-content\/uploads\/2025\/11\/bc39d867-8736-4060-8acb-da2c502a1be6-768x768.jpg 768w, https:\/\/entrenotasyacordes.com\/wp-content\/uploads\/2025\/11\/bc39d867-8736-4060-8acb-da2c502a1be6-1536x1536.jpg 1536w, https:\/\/entrenotasyacordes.com\/wp-content\/uploads\/2025\/11\/bc39d867-8736-4060-8acb-da2c502a1be6-50x50.jpg 50w, https:\/\/entrenotasyacordes.com\/wp-content\/uploads\/2025\/11\/bc39d867-8736-4060-8acb-da2c502a1be6.jpg 1600w\" sizes=\"auto, (max-width: 1024px) 100vw, 1024px\" \/><\/figure>\n<\/div>\n\n\n<p class=\"has-text-align-center\"><strong>NUEVA FUNCI\u00d3N<\/strong><\/p>\n\n\n\n<p class=\"has-text-align-center\"><em>Viernes 13 de febrero &#8211; 2026<\/em><br>&nbsp;La Trastienda<\/p>\n\n\n\n<p class=\"has-text-align-center\"><em>Localidades limitadas en venta por&nbsp;<a href=\"https:\/\/www.passline.com\/eventos-ficha-dvm\/david-lebon-escencia-lebon?utm_source=perfit&#038;utm_medium=email\" target=\"_blank\" rel=\"noreferrer noopener\">PASSLINE<\/a><\/em><\/p>\n\n\n\n<p>Tras agotar en apenas d\u00edas la presentaci\u00f3n del&nbsp;<strong>13 de diciembre<\/strong>, con la que cerrar\u00e1 un a\u00f1o muy vertiginoso en su recorrido art\u00edstico, David Leb\u00f3n confirma una&nbsp;<strong>segunda funci\u00f3n<\/strong>&nbsp;de \u201cEsencia Leb\u00f3n\u201d el&nbsp;<strong>viernes 13 de febrero<\/strong>, tambi\u00e9n en La Trastienda.&nbsp;<strong>Una nueva oportunidad para vivir este formato \u00edntimo y cercano<\/strong>&nbsp;que despert\u00f3 un entusiasmo inmediato en su p\u00fablico.<\/p>\n\n\n\n<p><br \/>\u201cEsencia Leb\u00f3n\u201d naci\u00f3 como un espacio \u00fanico e in\u00e9dito para reencontrarse con la m\u00fasica de uno de los pioneros de nuestro rock en su estado m\u00e1s puro: un concierto de aforo reducido, pensado para escuchar, sentir y compartir de cerca. A diferencia de sus presentaciones habituales, este show se construye de forma progresiva: comienza en una clave m\u00e1s \u00edntima y va sumando m\u00fasicos a lo largo de la noche, creando un clima de conexi\u00f3n y calidez que termin\u00f3 por volver imprescindible esta nueva fecha.<\/p>\n\n\n\n<p><br \/>La respuesta del p\u00fablico no sorprende, el 2025 fue un a\u00f1o particularmente activo para Leb\u00f3n, marcado por recitales multitudinarios, una gira nacional y momentos de fuerte carga emocional, como los homenajes a Ser\u00fa Gir\u00e1n junto a Pedro Aznar o la salida de su biograf\u00eda La magia de estar aqu\u00ed, escrita junto a Marcelo Fern\u00e1ndez Bitar. Ese recorrido lo llev\u00f3 tambi\u00e9n a recibir el&nbsp;<strong>Premio Konex de Platino&nbsp;<\/strong>como Solista de Rock, un reconocimiento que celebr\u00f3 con gratitud y cercan\u00eda.<\/p>\n\n\n\n<p><br>Mientras avanza en los \u00faltimos detalles de su pr\u00f3ximo disco de estudio \u2014un trabajo gestado a lo largo de meses de creaci\u00f3n y que ver\u00e1 la luz en 2026\u2014, Leb\u00f3n agrega una fecha en La Trastienda para compartir esta experiencia en primera persona.<\/p>\n\n\n<div class=\"wp-block-image\">\n<figure class=\"aligncenter size-large\"><img loading=\"lazy\" decoding=\"async\" width=\"1024\" height=\"683\" src=\"https:\/\/entrenotasyacordes.com\/wp-content\/uploads\/2025\/11\/img_5232-1024x683.jpg\" class=\"wp-image-18982\" srcset=\"https:\/\/entrenotasyacordes.com\/wp-content\/uploads\/2025\/11\/img_5232-1024x683.jpg 1024w, https:\/\/entrenotasyacordes.com\/wp-content\/uploads\/2025\/11\/img_5232-300x200.jpg 300w, https:\/\/entrenotasyacordes.com\/wp-content\/uploads\/2025\/11\/img_5232-768x512.jpg 768w, https:\/\/entrenotasyacordes.com\/wp-content\/uploads\/2025\/11\/img_5232.jpg 1452w\" sizes=\"auto, (max-width: 1024px) 100vw, 1024px\" \/><figcaption class=\"wp-element-caption\">PH. Machado &#8211; &nbsp;Cicala<\/figcaption><\/figure>\n<\/div>","protected":false},"excerpt":{"rendered":"<p>13 DE DICIEMBRE &#8211; SOLD OUT NUEVA FUNCI\u00d3N Viernes 13 de febrero &#8211; 2026&nbsp;La Trastienda<\/p>\n","protected":false},"author":5,"featured_media":18984,"comment_status":"closed","ping_status":"open","sticky":false,"template":"","format":"standard","meta":{"om_disable_all_campaigns":false,"_uf_show_specific_survey":0,"_uf_disable_surveys":false,"footnotes":""},"categories":[36,34],"tags":[],"class_list":["post-18985","post","type-post","status-publish","format-standard","has-post-thumbnail","hentry","category-conciertos","category-ultimas-noticias"],"_links":{"self":[{"href":"https:\/\/entrenotasyacordes.com\/index.php?rest_route=\/wp\/v2\/posts\/18985","targetHints":{"allow":["GET"]}}],"collection":[{"href":"https:\/\/entrenotasyacordes.com\/index.php?rest_route=\/wp\/v2\/posts"}],"about":[{"href":"https:\/\/entrenotasyacordes.com\/index.php?rest_route=\/wp\/v2\/types\/post"}],"author":[{"embeddable":true,"href":"https:\/\/entrenotasyacordes.com\/index.php?rest_route=\/wp\/v2\/users\/5"}],"replies":[{"embeddable":true,"href":"https:\/\/entrenotasyacordes.com\/index.php?rest_route=%2Fwp%2Fv2%2Fcomments&post=18985"}],"version-history":[{"count":1,"href":"https:\/\/entrenotasyacordes.com\/index.php?rest_route=\/wp\/v2\/posts\/18985\/revisions"}],"predecessor-version":[{"id":18986,"href":"https:\/\/entrenotasyacordes.com\/index.php?rest_route=\/wp\/v2\/posts\/18985\/revisions\/18986"}],"wp:featuredmedia":[{"embeddable":true,"href":"https:\/\/entrenotasyacordes.com\/index.php?rest_route=\/wp\/v2\/media\/18984"}],"wp:attachment":[{"href":"https:\/\/entrenotasyacordes.com\/index.php?rest_route=%2Fwp%2Fv2%2Fmedia&parent=18985"}],"wp:term":[{"taxonomy":"category","embeddable":true,"href":"https:\/\/entrenotasyacordes.com\/index.php?rest_route=%2Fwp%2Fv2%2Fcategories&post=18985"},{"taxonomy":"post_tag","embeddable":true,"href":"https:\/\/entrenotasyacordes.com\/index.php?rest_route=%2Fwp%2Fv2%2Ftags&post=18985"}],"curies":[{"name":"wp","href":"https:\/\/api.w.org\/{rel}","templated":true}]}}