{"id":18988,"date":"2025-11-27T23:19:40","date_gmt":"2025-11-27T23:19:40","guid":{"rendered":"https:\/\/entrenotasyacordes.com\/?p=18988"},"modified":"2025-11-27T23:19:40","modified_gmt":"2025-11-27T23:19:40","slug":"grilla-de-artistas-confirmadas-para-el-cosquin-cuarteto-2026","status":"publish","type":"post","link":"https:\/\/entrenotasyacordes.com\/?p=18988","title":{"rendered":"Grilla de artistas confirmadas para el Cosqu\u00edn Cuarteto 2026"},"content":{"rendered":"\n<p>La quinta edici\u00f3n del Festival de Cuarteto m\u00e1s importante del pa\u00eds se llevar\u00e1 a cabo el pr\u00f3ximo viernes 6 y s\u00e1bado 7 de febrero en la Plaza Pr\u00f3spero Molina, en la localidad de Cosqu\u00edn. Maximiliano Marinaro, director de D\u00eda y Noche Producciones y la Municipalidad de Cosqu\u00edn, a trav\u00e9s de la gesti\u00f3n de Ra\u00fal Cardenali, confirmaron los artistas y bandas cuarteteteras que participar\u00e1n del Cosqu\u00edn Cuarteto 2026.<\/p>\n\n\n<div class=\"wp-block-image\">\n<figure class=\"aligncenter size-large\"><img loading=\"lazy\" decoding=\"async\" width=\"820\" height=\"1024\" src=\"https:\/\/entrenotasyacordes.com\/wp-content\/uploads\/2025\/11\/fccd28c9-54f7-413e-a80a-10d4b4343605-820x1024.jpg\" class=\"wp-image-18987\" srcset=\"https:\/\/entrenotasyacordes.com\/wp-content\/uploads\/2025\/11\/fccd28c9-54f7-413e-a80a-10d4b4343605-820x1024.jpg 820w, https:\/\/entrenotasyacordes.com\/wp-content\/uploads\/2025\/11\/fccd28c9-54f7-413e-a80a-10d4b4343605-240x300.jpg 240w, https:\/\/entrenotasyacordes.com\/wp-content\/uploads\/2025\/11\/fccd28c9-54f7-413e-a80a-10d4b4343605-768x959.jpg 768w, https:\/\/entrenotasyacordes.com\/wp-content\/uploads\/2025\/11\/fccd28c9-54f7-413e-a80a-10d4b4343605-1024x1279.jpg 1024w, https:\/\/entrenotasyacordes.com\/wp-content\/uploads\/2025\/11\/fccd28c9-54f7-413e-a80a-10d4b4343605.jpg 1081w\" sizes=\"auto, (max-width: 820px) 100vw, 820px\" \/><\/figure>\n<\/div>\n\n\n<p>Los protagonistas de la noche del viernes 6 ser\u00e1n El Loco Amato, Q\u2019 Lokura, Ulises Bueno, Track 1, Vacomoloko, Los Herrera, Chipote, The Monkey, Magui Olave, Sim\u00f3n Aguirre quienes har\u00e1n bailar a todos los presentes en la Plaza Pr\u00f3spero Molina.<\/p>\n\n\n\n<p>Por su parte, la noche del s\u00e1bado 7 contar\u00e1 con la presencia de La Banda de Carlitos y Euge Quevedo, Dale Q&#8217; Va, Desakta2, La Pepa Brizuela, Dami\u00e1n C\u00f3rdoba, Cachumba, Monada, Lisandro M\u00e1rquez, Valentina M\u00e1rquez y De Party.<\/p>\n\n\n\n<p>En dicha conferencia adem\u00e1s se confirm\u00f3 la realizaci\u00f3n Pre Cosquin Cuarteto 2026, evento que invita a la convocatoria de nuevos talentos del \u00e1mbito de cuarteto y del cual se elegir\u00e1n dos ganadores entre las 10 bandas preseleccionadas que tendr\u00e1n la posibilidad de tocar en el Festival de Cuarteto m\u00e1s importante del pa\u00eds (un ganador en la noche el viernes y el otro ganador en la noche del s\u00e1bado). La postulaci\u00f3n se har\u00e1 a trav\u00e9s de un formulario web que se encontrar\u00e1 disponible en las redes sociales de Cosqu\u00edn Cuarteto a partir del lunes 1 de diciembre del corriente a\u00f1o. Las bandas preseleccionadas mostrar\u00e1n su talento el d\u00eda domingo 14 de diciembre en la ciudad de Cosqu\u00edn en un evento gratuito y para todo p\u00fablico.<\/p>\n\n\n\n<p>Las entradas se podr\u00e1n conseguir en Ed\u00e9n Entradas, en sus puntos f\u00edsicos y de manera online. Cabe recordar que las entradas adquiridas online no necesitan cambio por entrada f\u00edsica, si se pide llevar ya descargado el c\u00f3digo QR para agilizar el ingreso.<\/p>\n\n\n\n<p>La primera tanda de entradas para Cosqu\u00edn Cuarteto se pueden conseguir a:<\/p>\n\n\n\n<p><br>Menores de 0 a 5 a\u00f1os, gratis; <\/p>\n\n\n\n<p>Menores de 6 a 12 a\u00f1os pagan el derecho de espect\u00e1culo de $ 20.000 (m\u00e1s servicio). <\/p>\n\n\n\n<p>Y desde los 13 a\u00f1os en adelante es de $40.000 (m\u00e1s servicio).<\/p>\n\n\n\n<p>Adem\u00e1s, este a\u00f1o podr\u00e1n disfrutar la \u201cExperiencia Cosqu\u00edn Cuarteto Oro\u201d que contar\u00e1 con ingreso directo, catering de comida libre, barra de bebidas libre, vista central preferencial y ba\u00f1os exclusivos y tendr\u00e1 un valor de $350.000 (m\u00e1s servicio). <\/p>\n\n\n\n<p><\/p>\n\n\n\n<p>Y el \u201cSector Plata\u201d, el cual tendr\u00e1 ingreso directo, recepci\u00f3n con comida y bebida, barra exclusiva, vista lateral preferencial y ba\u00f1os exclusivos, cuyo valor ser\u00e1 de $200.000 (m\u00e1s servicio).<br>Con tarjeta Cordobesa se podr\u00e1n adquirir en 3 (tres) y 6 (seis) cuotas sin inter\u00e9s.<\/p>\n\n\n\n<p>Las personas con discapacidad deber\u00e1n llenar un formulario con sus datos personales y requisitos para adquirir su entrada gratuita, el mismo se contrar\u00e1 disponible en la web de Ed\u00e9n en los pr\u00f3ximos d\u00edas. Estas contar\u00e1n con un cupo limitado de personas. Una vez que el cupo se agote, el formulario dejar\u00e1 de recibir solicitudes.<\/p>\n\n\n\n<p>Cabe destacar que al contar con una grilla con varios artistas y queriendo brindarles su merecido lugar para sus respectivas presentaciones, se ha decidido que para ambas noches la apertura de puertas ser\u00e1 a las 18:00 hs dando inicio a la primera banda a las 18:30 hs.<\/p>\n","protected":false},"excerpt":{"rendered":"<p>La quinta edici\u00f3n del Festival de Cuarteto m\u00e1s importante del pa\u00eds se llevar\u00e1 a cabo<\/p>\n","protected":false},"author":5,"featured_media":18987,"comment_status":"closed","ping_status":"open","sticky":false,"template":"","format":"standard","meta":{"om_disable_all_campaigns":false,"_uf_show_specific_survey":0,"_uf_disable_surveys":false,"footnotes":""},"categories":[36],"tags":[],"class_list":["post-18988","post","type-post","status-publish","format-standard","has-post-thumbnail","hentry","category-conciertos"],"_links":{"self":[{"href":"https:\/\/entrenotasyacordes.com\/index.php?rest_route=\/wp\/v2\/posts\/18988","targetHints":{"allow":["GET"]}}],"collection":[{"href":"https:\/\/entrenotasyacordes.com\/index.php?rest_route=\/wp\/v2\/posts"}],"about":[{"href":"https:\/\/entrenotasyacordes.com\/index.php?rest_route=\/wp\/v2\/types\/post"}],"author":[{"embeddable":true,"href":"https:\/\/entrenotasyacordes.com\/index.php?rest_route=\/wp\/v2\/users\/5"}],"replies":[{"embeddable":true,"href":"https:\/\/entrenotasyacordes.com\/index.php?rest_route=%2Fwp%2Fv2%2Fcomments&post=18988"}],"version-history":[{"count":1,"href":"https:\/\/entrenotasyacordes.com\/index.php?rest_route=\/wp\/v2\/posts\/18988\/revisions"}],"predecessor-version":[{"id":18989,"href":"https:\/\/entrenotasyacordes.com\/index.php?rest_route=\/wp\/v2\/posts\/18988\/revisions\/18989"}],"wp:featuredmedia":[{"embeddable":true,"href":"https:\/\/entrenotasyacordes.com\/index.php?rest_route=\/wp\/v2\/media\/18987"}],"wp:attachment":[{"href":"https:\/\/entrenotasyacordes.com\/index.php?rest_route=%2Fwp%2Fv2%2Fmedia&parent=18988"}],"wp:term":[{"taxonomy":"category","embeddable":true,"href":"https:\/\/entrenotasyacordes.com\/index.php?rest_route=%2Fwp%2Fv2%2Fcategories&post=18988"},{"taxonomy":"post_tag","embeddable":true,"href":"https:\/\/entrenotasyacordes.com\/index.php?rest_route=%2Fwp%2Fv2%2Ftags&post=18988"}],"curies":[{"name":"wp","href":"https:\/\/api.w.org\/{rel}","templated":true}]}}