{"id":19352,"date":"2025-12-15T11:33:49","date_gmt":"2025-12-15T11:33:49","guid":{"rendered":"https:\/\/entrenotasyacordes.com\/?p=19352"},"modified":"2025-12-15T11:33:49","modified_gmt":"2025-12-15T11:33:49","slug":"kudai-regreso-a-argentina-para-volver-a-cantar-con-el-corazon","status":"publish","type":"post","link":"https:\/\/entrenotasyacordes.com\/?p=19352","title":{"rendered":"Kudai regres\u00f3 a Argentina para volver a cantar con el coraz\u00f3n"},"content":{"rendered":"\n<p>La banda chilena volvi\u00f3 a Buenos Aires y convirti\u00f3 el Estadio Obras en una c\u00e1psula emocional. Por primera vez sobre ese escenario y, por primera vez, con sus cinco integrantes juntos, la banda chilena sell\u00f3 un reencuentro que fue mucho m\u00e1s que un regreso, tras siete a\u00f1os: fue una reparaci\u00f3n afectiva con su historia y con un p\u00fablico que nunca dej\u00f3 de esperarlos.<\/p>\n\n\n\n<div style=\"height:100px\" aria-hidden=\"true\" class=\"wp-block-spacer\"><\/div>\n\n\n\n<figure class=\"wp-block-image size-large\"><img loading=\"lazy\" decoding=\"async\" width=\"1024\" height=\"681\" src=\"https:\/\/entrenotasyacordes.com\/wp-content\/uploads\/2025\/12\/9c133880-e4a8-48fd-8f75-94ab74ed1525-1024x681.jpg\" class=\"wp-image-19350\" srcset=\"https:\/\/entrenotasyacordes.com\/wp-content\/uploads\/2025\/12\/9c133880-e4a8-48fd-8f75-94ab74ed1525-1024x681.jpg 1024w, https:\/\/entrenotasyacordes.com\/wp-content\/uploads\/2025\/12\/9c133880-e4a8-48fd-8f75-94ab74ed1525-300x200.jpg 300w, https:\/\/entrenotasyacordes.com\/wp-content\/uploads\/2025\/12\/9c133880-e4a8-48fd-8f75-94ab74ed1525-768x511.jpg 768w, https:\/\/entrenotasyacordes.com\/wp-content\/uploads\/2025\/12\/9c133880-e4a8-48fd-8f75-94ab74ed1525-1536x1021.jpg 1536w, https:\/\/entrenotasyacordes.com\/wp-content\/uploads\/2025\/12\/9c133880-e4a8-48fd-8f75-94ab74ed1525.jpg 1600w\" sizes=\"auto, (max-width: 1024px) 100vw, 1024px\" \/><\/figure>\n\n\n\n<div style=\"height:100px\" aria-hidden=\"true\" class=\"wp-block-spacer\"><\/div>\n\n\n\n<p>Entre canciones que marcaron a toda una generaci\u00f3n, Obras vibr\u00f3 como un coro adolescente que creci\u00f3 sin soltar la emoci\u00f3n. Hubo l\u00e1grimas, sonrisas c\u00f3mplices y una energ\u00eda particular, esa que solo aparece cuando el pasado y el presente se abrazan. La imagen de los cinco compartiendo escenario \u2014miradas, voces y silencios\u2014 fue el gesto m\u00e1s poderoso de la noche.<\/p>\n\n\n\n<div style=\"height:100px\" aria-hidden=\"true\" class=\"wp-block-spacer\"><\/div>\n\n\n\n<figure class=\"wp-block-image size-large\"><img loading=\"lazy\" decoding=\"async\" width=\"1024\" height=\"588\" src=\"https:\/\/entrenotasyacordes.com\/wp-content\/uploads\/2025\/12\/c5e8b1a0-d91d-436e-9f61-afcc06b71be3-1024x588.jpg\" class=\"wp-image-19351\" srcset=\"https:\/\/entrenotasyacordes.com\/wp-content\/uploads\/2025\/12\/c5e8b1a0-d91d-436e-9f61-afcc06b71be3-1024x588.jpg 1024w, https:\/\/entrenotasyacordes.com\/wp-content\/uploads\/2025\/12\/c5e8b1a0-d91d-436e-9f61-afcc06b71be3-300x172.jpg 300w, https:\/\/entrenotasyacordes.com\/wp-content\/uploads\/2025\/12\/c5e8b1a0-d91d-436e-9f61-afcc06b71be3-768x441.jpg 768w, https:\/\/entrenotasyacordes.com\/wp-content\/uploads\/2025\/12\/c5e8b1a0-d91d-436e-9f61-afcc06b71be3.jpg 1080w\" sizes=\"auto, (max-width: 1024px) 100vw, 1024px\" \/><\/figure>\n\n\n\n<div style=\"height:100px\" aria-hidden=\"true\" class=\"wp-block-spacer\"><\/div>\n\n\n\n<p>Kudai no volvi\u00f3 para mirar atr\u00e1s, sino para resignificar su camino. En Buenos Aires, la banda confirm\u00f3 que algunas historias no se apagan: maduran, se reencuentran y vuelven a cantar con m\u00e1s verdad que nunca.<\/p>\n\n\n\n<div style=\"height:100px\" aria-hidden=\"true\" class=\"wp-block-spacer\"><\/div>\n\n\n\n<p class=\"p1\">Redacci\u00f3n: Melody Lucero<\/p>\n\n\n\n<p class=\"p1\">IG: @melodyluceropr1<\/p>\n","protected":false},"excerpt":{"rendered":"<p>La banda chilena volvi\u00f3 a Buenos Aires y convirti\u00f3 el Estadio Obras en una c\u00e1psula<\/p>\n","protected":false},"author":5,"featured_media":19351,"comment_status":"closed","ping_status":"","sticky":false,"template":"","format":"standard","meta":{"om_disable_all_campaigns":false,"_uf_show_specific_survey":0,"_uf_disable_surveys":false,"footnotes":""},"categories":[34],"tags":[],"class_list":["post-19352","post","type-post","status-publish","format-standard","has-post-thumbnail","hentry","category-ultimas-noticias"],"_links":{"self":[{"href":"https:\/\/entrenotasyacordes.com\/index.php?rest_route=\/wp\/v2\/posts\/19352","targetHints":{"allow":["GET"]}}],"collection":[{"href":"https:\/\/entrenotasyacordes.com\/index.php?rest_route=\/wp\/v2\/posts"}],"about":[{"href":"https:\/\/entrenotasyacordes.com\/index.php?rest_route=\/wp\/v2\/types\/post"}],"author":[{"embeddable":true,"href":"https:\/\/entrenotasyacordes.com\/index.php?rest_route=\/wp\/v2\/users\/5"}],"replies":[{"embeddable":true,"href":"https:\/\/entrenotasyacordes.com\/index.php?rest_route=%2Fwp%2Fv2%2Fcomments&post=19352"}],"version-history":[{"count":1,"href":"https:\/\/entrenotasyacordes.com\/index.php?rest_route=\/wp\/v2\/posts\/19352\/revisions"}],"predecessor-version":[{"id":19353,"href":"https:\/\/entrenotasyacordes.com\/index.php?rest_route=\/wp\/v2\/posts\/19352\/revisions\/19353"}],"wp:featuredmedia":[{"embeddable":true,"href":"https:\/\/entrenotasyacordes.com\/index.php?rest_route=\/wp\/v2\/media\/19351"}],"wp:attachment":[{"href":"https:\/\/entrenotasyacordes.com\/index.php?rest_route=%2Fwp%2Fv2%2Fmedia&parent=19352"}],"wp:term":[{"taxonomy":"category","embeddable":true,"href":"https:\/\/entrenotasyacordes.com\/index.php?rest_route=%2Fwp%2Fv2%2Fcategories&post=19352"},{"taxonomy":"post_tag","embeddable":true,"href":"https:\/\/entrenotasyacordes.com\/index.php?rest_route=%2Fwp%2Fv2%2Ftags&post=19352"}],"curies":[{"name":"wp","href":"https:\/\/api.w.org\/{rel}","templated":true}]}}