{"id":19356,"date":"2025-12-15T12:09:16","date_gmt":"2025-12-15T12:09:16","guid":{"rendered":"https:\/\/entrenotasyacordes.com\/?p=19356"},"modified":"2025-12-15T12:09:16","modified_gmt":"2025-12-15T12:09:16","slug":"airbag-estrena-asuntos-pendientes-en-la-previa-a-su-cierre-de-ano-con-dos-shows-en-river","status":"publish","type":"post","link":"https:\/\/entrenotasyacordes.com\/?p=19356","title":{"rendered":"AIRBAG ESTRENA \u201cASUNTOS PENDIENTES\u201d EN&nbsp;LA PREVIA A SU CIERRE DE A\u00d1O CON DOS SHOWS EN RIVER"},"content":{"rendered":"\n<p><strong>TRAS UNA GIRA INTERNACIONAL Y AGOTAR CUATRO MONUMENTALES, LOS HERMANOS SARDELLI PRESENTAR\u00c1N EL PRIMER ADELANTO DE \u201cEL CLUB DE LA PELEA II\u201d&nbsp;<\/strong><\/p>\n\n\n<div class=\"wp-block-image\">\n<figure class=\"aligncenter size-large\"><img loading=\"lazy\" decoding=\"async\" width=\"1024\" height=\"1024\" src=\"https:\/\/entrenotasyacordes.com\/wp-content\/uploads\/2025\/12\/img_5604-1024x1024.png\" class=\"wp-image-19354\" srcset=\"https:\/\/entrenotasyacordes.com\/wp-content\/uploads\/2025\/12\/img_5604-1024x1024.png 1024w, https:\/\/entrenotasyacordes.com\/wp-content\/uploads\/2025\/12\/img_5604-300x300.png 300w, https:\/\/entrenotasyacordes.com\/wp-content\/uploads\/2025\/12\/img_5604-150x150.png 150w, https:\/\/entrenotasyacordes.com\/wp-content\/uploads\/2025\/12\/img_5604-768x768.png 768w, https:\/\/entrenotasyacordes.com\/wp-content\/uploads\/2025\/12\/img_5604-1536x1536.png 1536w, https:\/\/entrenotasyacordes.com\/wp-content\/uploads\/2025\/12\/img_5604-50x50.png 50w, https:\/\/entrenotasyacordes.com\/wp-content\/uploads\/2025\/12\/img_5604.png 2000w\" sizes=\"auto, (max-width: 1024px) 100vw, 1024px\" \/><\/figure>\n<\/div>\n\n\n<p><strong>Airbag&nbsp;<\/strong>estrena&nbsp;<strong>\u201cAsuntos pendientes\u201d<\/strong>, una canci\u00f3n cruda, \u00edntima y emocional que adelanta el sonido de su pr\u00f3ximo \u00e1lbum&nbsp;<strong>\u201cEl Club de la Pelea II\u201d<\/strong>. La canci\u00f3n llega en la antesala a su ritual de fin de a\u00f1o con dos shows en River Plate, donde presentar\u00e1n el tema por primera vez en vivo ante m\u00e1s de 170.000 personas.<\/p>\n\n\n\n<p>Tras agotar cuatro Estadios River Plate en tiempo r\u00e9cord y sumar una quinta fecha en un mismo a\u00f1o, adem\u00e1s de recorrer m\u00e1s de 20 ciudades en Latinoam\u00e9rica y Espa\u00f1a con m\u00e1s de 30 conciertos, la banda cierra el 2025 con un lanzamiento introspectivo que conecta de manera directa con su p\u00fablico.<\/p>\n\n\n\n<p>\u201cAsuntos pendientes\u201d es un rock melanc\u00f3lico construido sobre guitarras profundas y una interpretaci\u00f3n visceral, donde el desahogo, la nostalgia y lo no dicho atraviesan toda la canci\u00f3n. Se trata de un lanzamiento pensado para desnudar sentimientos y mostrar el lado m\u00e1s humano del grupo.<\/p>\n\n\n\n<p class=\"mcePastedContent last-child\">La letra despliega un universo emocional marcado por los arrepentimientos, lo que queda por resolver y ese instante donde el tiempo sigue corriendo sin esperar a nadie. Con versos como \u201c<em>Vuelo solo como un p\u00e1jaro en alas rota<\/em>s\u201d y \u201c<em>Soy prisionero de mis promesas<\/em>\u201d, el tema refleja el costado m\u00e1s vulnerable y reflexivo del tr\u00edo, que abre una nueva etapa sonora tras el \u00e9xito de \u201cEl Club de la Pelea I\u201d.<\/p>\n\n\n<div class=\"wp-block-image\">\n<figure class=\"aligncenter size-large\"><img loading=\"lazy\" decoding=\"async\" width=\"1024\" height=\"771\" src=\"https:\/\/entrenotasyacordes.com\/wp-content\/uploads\/2025\/12\/img_5605-1024x771.jpg\" class=\"wp-image-19355\" srcset=\"https:\/\/entrenotasyacordes.com\/wp-content\/uploads\/2025\/12\/img_5605-1024x771.jpg 1024w, https:\/\/entrenotasyacordes.com\/wp-content\/uploads\/2025\/12\/img_5605-300x226.jpg 300w, https:\/\/entrenotasyacordes.com\/wp-content\/uploads\/2025\/12\/img_5605-768x578.jpg 768w, https:\/\/entrenotasyacordes.com\/wp-content\/uploads\/2025\/12\/img_5605-1536x1156.jpg 1536w, https:\/\/entrenotasyacordes.com\/wp-content\/uploads\/2025\/12\/img_5605.jpg 1600w\" sizes=\"auto, (max-width: 1024px) 100vw, 1024px\" \/><\/figure>\n<\/div>\n\n\n<p>El lanzamiento llega en uno de los momentos m\u00e1s altos de la carrera de Airbag. Como parte de la gira internacional de \u201cEl Club de la Pelea\u201d, la banda super\u00f3 los 100.000 asistentes solo entre C\u00f3rdoba y Rosario, y luego coron\u00f3 la temporada con&nbsp;<strong>cinco Estadios River Plate<\/strong>, cuatro de ellos agotados en tiempo r\u00e9cord, reuniendo m\u00e1s de 225.000 personas en total. Adem\u00e1s de recorrer el interior de la Argentina, el tour los llev\u00f3 por&nbsp;<strong>Uruguay<\/strong>,&nbsp;<strong>Chile<\/strong>,&nbsp;<strong>Per\u00fa<\/strong>,&nbsp;<strong>M\u00e9xico<\/strong>,&nbsp;<strong>Colombia<\/strong>,<strong>&nbsp;Ecuador<\/strong>,&nbsp;<strong>Paraguay<\/strong>&nbsp;y&nbsp;<strong>Espa\u00f1a<\/strong>&nbsp;con fechas sold out.<\/p>\n\n\n\n<p class=\"last-child\">Sumado a esto, en marzo estrenaron&nbsp;<strong><a href=\"https:\/\/google.us17.list-manage.com\/track\/click?u=b69bdfe1667e370d556b0b38d&#038;id=4cb095e867&#038;e=67fe2a20ab\">\u201cEl Club de la Pelea I\u201d<\/a><\/strong>, su octavo \u00e1lbum de estudio, que ya supera las 246 millones de reproducciones en plataformas digitales. El disco obtuvo&nbsp;<strong>tres nominaciones a los Premios Gardel<\/strong>: Canci\u00f3n del A\u00f1o y Mejor Canci\u00f3n Pop Rock por&nbsp;<a href=\"https:\/\/google.us17.list-manage.com\/track\/click?u=b69bdfe1667e370d556b0b38d&#038;id=1fe124f428&#038;e=67fe2a20ab\">\u201cVerte de Cerca\u201d<\/a>&nbsp;y Mejor Canci\u00f3n de Rock por&nbsp;<a href=\"https:\/\/google.us17.list-manage.com\/track\/click?u=b69bdfe1667e370d556b0b38d&#038;id=3b8868dd73&#038;e=67fe2a20ab\">\u201cAnarqu\u00eda en Buenos Aires\u201d<\/a>.<\/p>\n","protected":false},"excerpt":{"rendered":"<p>TRAS UNA GIRA INTERNACIONAL Y AGOTAR CUATRO MONUMENTALES, LOS HERMANOS SARDELLI PRESENTAR\u00c1N EL PRIMER ADELANTO<\/p>\n","protected":false},"author":5,"featured_media":19354,"comment_status":"closed","ping_status":"","sticky":false,"template":"","format":"standard","meta":{"om_disable_all_campaigns":false,"_uf_show_specific_survey":0,"_uf_disable_surveys":false,"footnotes":""},"categories":[4],"tags":[],"class_list":["post-19356","post","type-post","status-publish","format-standard","has-post-thumbnail","hentry","category-musica"],"_links":{"self":[{"href":"https:\/\/entrenotasyacordes.com\/index.php?rest_route=\/wp\/v2\/posts\/19356","targetHints":{"allow":["GET"]}}],"collection":[{"href":"https:\/\/entrenotasyacordes.com\/index.php?rest_route=\/wp\/v2\/posts"}],"about":[{"href":"https:\/\/entrenotasyacordes.com\/index.php?rest_route=\/wp\/v2\/types\/post"}],"author":[{"embeddable":true,"href":"https:\/\/entrenotasyacordes.com\/index.php?rest_route=\/wp\/v2\/users\/5"}],"replies":[{"embeddable":true,"href":"https:\/\/entrenotasyacordes.com\/index.php?rest_route=%2Fwp%2Fv2%2Fcomments&post=19356"}],"version-history":[{"count":1,"href":"https:\/\/entrenotasyacordes.com\/index.php?rest_route=\/wp\/v2\/posts\/19356\/revisions"}],"predecessor-version":[{"id":19357,"href":"https:\/\/entrenotasyacordes.com\/index.php?rest_route=\/wp\/v2\/posts\/19356\/revisions\/19357"}],"wp:featuredmedia":[{"embeddable":true,"href":"https:\/\/entrenotasyacordes.com\/index.php?rest_route=\/wp\/v2\/media\/19354"}],"wp:attachment":[{"href":"https:\/\/entrenotasyacordes.com\/index.php?rest_route=%2Fwp%2Fv2%2Fmedia&parent=19356"}],"wp:term":[{"taxonomy":"category","embeddable":true,"href":"https:\/\/entrenotasyacordes.com\/index.php?rest_route=%2Fwp%2Fv2%2Fcategories&post=19356"},{"taxonomy":"post_tag","embeddable":true,"href":"https:\/\/entrenotasyacordes.com\/index.php?rest_route=%2Fwp%2Fv2%2Ftags&post=19356"}],"curies":[{"name":"wp","href":"https:\/\/api.w.org\/{rel}","templated":true}]}}