{"id":19360,"date":"2025-12-15T12:13:40","date_gmt":"2025-12-15T12:13:40","guid":{"rendered":"https:\/\/entrenotasyacordes.com\/?p=19360"},"modified":"2025-12-15T12:13:40","modified_gmt":"2025-12-15T12:13:40","slug":"maria-becerra-lanza-romantica-junto-a-jay-wheeler","status":"publish","type":"post","link":"https:\/\/entrenotasyacordes.com\/?p=19360","title":{"rendered":"MARIA BECERRA LANZA \u201cROM\u00c1NTICA\u201d JUNTO A JAY WHEELER"},"content":{"rendered":"\n<p>Grabada junto a Jay Wheeler y concebida como el bonus track que expande el universo de QUIMERA, la canci\u00f3n llega en la antesala de los shows hist\u00f3ricos que Maria presenta en River Plate.<\/p>\n\n\n<div class=\"wp-block-image\">\n<figure class=\"aligncenter size-large\"><img loading=\"lazy\" decoding=\"async\" width=\"1024\" height=\"1024\" src=\"https:\/\/entrenotasyacordes.com\/wp-content\/uploads\/2025\/12\/romantica-cover-1024x1024.jpg\" class=\"wp-image-19358\" srcset=\"https:\/\/entrenotasyacordes.com\/wp-content\/uploads\/2025\/12\/romantica-cover-1024x1024.jpg 1024w, https:\/\/entrenotasyacordes.com\/wp-content\/uploads\/2025\/12\/romantica-cover-300x300.jpg 300w, https:\/\/entrenotasyacordes.com\/wp-content\/uploads\/2025\/12\/romantica-cover-150x150.jpg 150w, https:\/\/entrenotasyacordes.com\/wp-content\/uploads\/2025\/12\/romantica-cover-768x768.jpg 768w, https:\/\/entrenotasyacordes.com\/wp-content\/uploads\/2025\/12\/romantica-cover-1536x1536.jpg 1536w, https:\/\/entrenotasyacordes.com\/wp-content\/uploads\/2025\/12\/romantica-cover-50x50.jpg 50w, https:\/\/entrenotasyacordes.com\/wp-content\/uploads\/2025\/12\/romantica-cover.jpg 2000w\" sizes=\"auto, (max-width: 1024px) 100vw, 1024px\" \/><\/figure>\n<\/div>\n\n\n<p>Maria Becerra presenta \u201cRom\u00e1ntica\u201d, su nueva colaboraci\u00f3n con Jay Wheeler, una de las voces m\u00e1s influyentes del sonido puertorrique\u00f1o. La canci\u00f3n llega como el bonus track que faltaba revelar de QUIMERA, su \u00e1lbum m\u00e1s conceptual y ambicioso hasta la fecha.<\/p>\n\n\n\n<p>\u201cRom\u00e1ntica\u201d es una salsa profundamente emocional que combina elegancia moderna con el ADN cl\u00e1sico del g\u00e9nero. La grabaci\u00f3n se realiz\u00f3 en Red Dot Studios, en Miami, junto a m\u00fasicos de trayectoria mundial dentro de la escena salsera, varios de ellos integrantes de las orquestas de Marc Anthony y Tony Succar, lo que le otorga al tema un car\u00e1cter aut\u00e9ntico y global.<\/p>\n\n\n\n<p>La colaboraci\u00f3n entre Maria y Jay se ven\u00eda gestando hace tiempo. Ambos artistas ten\u00edan ganas de coincidir en una canci\u00f3n que los representara y encontraron en esta salsa la pieza perfecta. Para Maria y su productor Xross era fundamental que el tema respirara Puerto Rico desde su ra\u00edz, por lo que buscaron a m\u00fasicos y referentes old school, cercanos a ellos y con un profundo v\u00ednculo con la tradici\u00f3n del g\u00e9nero. La qu\u00edmica entre todos en el estudio hizo que la canci\u00f3n terminara de tomar forma de manera org\u00e1nica.<\/p>\n\n\n\n<p>Gran parte de la letra fue escrita por Maria junto a Xross directamente en el estudio, dej\u00e1ndose llevar por las emociones del momento. Jay Wheeler conect\u00f3 particularmente con el coro y el pre-coro, destacando la sensibilidad que aporta la voz de Maria a la historia que narra la canci\u00f3n.<\/p>\n\n\n\n<p>El lanzamiento llega acompa\u00f1ado de un visualizer dirigido por Valent\u00edn Herrero, que potencia la atm\u00f3sfera rom\u00e1ntica del tema y se integra visualmente al universo narrativo de QUIMERA. Valent\u00edn fue adem\u00e1s el responsable de casi todos los visualizers del \u00e1lbum, por lo que esta pieza mantiene la coherencia est\u00e9tica y emocional que atraviesa todo el proyecto.<\/p>\n\n\n<div class=\"wp-block-image\">\n<figure class=\"aligncenter size-large\"><img loading=\"lazy\" decoding=\"async\" width=\"820\" height=\"1024\" src=\"https:\/\/entrenotasyacordes.com\/wp-content\/uploads\/2025\/12\/mb-jay-wheeler-820x1024.jpg\" class=\"wp-image-19359\" srcset=\"https:\/\/entrenotasyacordes.com\/wp-content\/uploads\/2025\/12\/mb-jay-wheeler-820x1024.jpg 820w, https:\/\/entrenotasyacordes.com\/wp-content\/uploads\/2025\/12\/mb-jay-wheeler-240x300.jpg 240w, https:\/\/entrenotasyacordes.com\/wp-content\/uploads\/2025\/12\/mb-jay-wheeler-768x959.jpg 768w, https:\/\/entrenotasyacordes.com\/wp-content\/uploads\/2025\/12\/mb-jay-wheeler-1024x1279.jpg 1024w, https:\/\/entrenotasyacordes.com\/wp-content\/uploads\/2025\/12\/mb-jay-wheeler.jpg 1080w\" sizes=\"auto, (max-width: 820px) 100vw, 820px\" \/><\/figure>\n<\/div>","protected":false},"excerpt":{"rendered":"<p>Grabada junto a Jay Wheeler y concebida como el bonus track que expande el universo<\/p>\n","protected":false},"author":5,"featured_media":19358,"comment_status":"closed","ping_status":"","sticky":false,"template":"","format":"standard","meta":{"om_disable_all_campaigns":false,"_uf_show_specific_survey":0,"_uf_disable_surveys":false,"footnotes":""},"categories":[4],"tags":[],"class_list":["post-19360","post","type-post","status-publish","format-standard","has-post-thumbnail","hentry","category-musica"],"_links":{"self":[{"href":"https:\/\/entrenotasyacordes.com\/index.php?rest_route=\/wp\/v2\/posts\/19360","targetHints":{"allow":["GET"]}}],"collection":[{"href":"https:\/\/entrenotasyacordes.com\/index.php?rest_route=\/wp\/v2\/posts"}],"about":[{"href":"https:\/\/entrenotasyacordes.com\/index.php?rest_route=\/wp\/v2\/types\/post"}],"author":[{"embeddable":true,"href":"https:\/\/entrenotasyacordes.com\/index.php?rest_route=\/wp\/v2\/users\/5"}],"replies":[{"embeddable":true,"href":"https:\/\/entrenotasyacordes.com\/index.php?rest_route=%2Fwp%2Fv2%2Fcomments&post=19360"}],"version-history":[{"count":1,"href":"https:\/\/entrenotasyacordes.com\/index.php?rest_route=\/wp\/v2\/posts\/19360\/revisions"}],"predecessor-version":[{"id":19361,"href":"https:\/\/entrenotasyacordes.com\/index.php?rest_route=\/wp\/v2\/posts\/19360\/revisions\/19361"}],"wp:featuredmedia":[{"embeddable":true,"href":"https:\/\/entrenotasyacordes.com\/index.php?rest_route=\/wp\/v2\/media\/19358"}],"wp:attachment":[{"href":"https:\/\/entrenotasyacordes.com\/index.php?rest_route=%2Fwp%2Fv2%2Fmedia&parent=19360"}],"wp:term":[{"taxonomy":"category","embeddable":true,"href":"https:\/\/entrenotasyacordes.com\/index.php?rest_route=%2Fwp%2Fv2%2Fcategories&post=19360"},{"taxonomy":"post_tag","embeddable":true,"href":"https:\/\/entrenotasyacordes.com\/index.php?rest_route=%2Fwp%2Fv2%2Ftags&post=19360"}],"curies":[{"name":"wp","href":"https:\/\/api.w.org\/{rel}","templated":true}]}}