{"id":19363,"date":"2025-12-15T12:17:10","date_gmt":"2025-12-15T12:17:10","guid":{"rendered":"https:\/\/entrenotasyacordes.com\/?p=19363"},"modified":"2025-12-15T12:17:10","modified_gmt":"2025-12-15T12:17:10","slug":"clarent-regresa-con-su-nuevo-sencillo-maldad-un-reggaeton-que-profundiza-en-las-heridas-emocionales-y-la-oscuridad-interior","status":"publish","type":"post","link":"https:\/\/entrenotasyacordes.com\/?p=19363","title":{"rendered":"CLARENT REGRESA CON SU NUEVO SENCILLO \u201cMALDAD\u201d, UN REGGAET\u00d3N QUE PROFUNDIZA EN LAS HERIDAS EMOCIONALES Y LA OSCURIDAD INTERIOR"},"content":{"rendered":"<div class=\"wp-block-image\">\n<figure class=\"aligncenter size-large\"><img loading=\"lazy\" decoding=\"async\" width=\"1024\" height=\"1024\" src=\"https:\/\/entrenotasyacordes.com\/wp-content\/uploads\/2025\/12\/img_5608-1024x1024.jpg\" alt=\"\" class=\"wp-image-19362\" srcset=\"https:\/\/entrenotasyacordes.com\/wp-content\/uploads\/2025\/12\/img_5608-1024x1024.jpg 1024w, https:\/\/entrenotasyacordes.com\/wp-content\/uploads\/2025\/12\/img_5608-300x300.jpg 300w, https:\/\/entrenotasyacordes.com\/wp-content\/uploads\/2025\/12\/img_5608-150x150.jpg 150w, https:\/\/entrenotasyacordes.com\/wp-content\/uploads\/2025\/12\/img_5608-768x768.jpg 768w, https:\/\/entrenotasyacordes.com\/wp-content\/uploads\/2025\/12\/img_5608-1536x1536.jpg 1536w, https:\/\/entrenotasyacordes.com\/wp-content\/uploads\/2025\/12\/img_5608-50x50.jpg 50w, https:\/\/entrenotasyacordes.com\/wp-content\/uploads\/2025\/12\/img_5608.jpg 2000w\" sizes=\"auto, (max-width: 1024px) 100vw, 1024px\" \/><\/figure>\n<\/div>\n\n\n<p class=\"has-text-align-center\"><em>TRAS EL \u00c9XITO VIRAL DE \u201cLOVE\u201d Y EL RECONOCIMIENTO DE LAMINE YAMAL EN EL CLIP DE SPOTIFY X FC BARCELONA<\/em><\/p>\n\n\n\n<p>El artista puertorrique\u00f1o Clarent contin\u00faa su ascenso con el lanzamiento de \u201cMALDAD\u201d, un reggaet\u00f3n et\u00e9reo e introspectivo que explora la maldad, dolor y oscuridad que puede desarrollarse dentro de una mujer a ra\u00edz de las acciones de un hombre. <\/p>\n\n\n\n<p>Este lanzamiento marca un nuevo nivel en la evoluci\u00f3n art\u00edstica de Clarent, reafirmando su posici\u00f3n como una de las voces m\u00e1s prometedoras y aut\u00e9nticas de la nueva ola urbana.<\/p>\n\n\n\n<p>Escrita por Clarent y producida por Johnny el Turbo y Bassi, \u201cMALDAD\u201d se despliega sobre una progresi\u00f3n de acordes, acompa\u00f1ada de voces procesadas con reverb que evocan memorias que nunca terminan de desvanecerse. La atm\u00f3sfera del tema es so\u00f1adora, melanc\u00f3lica y envolvente &#8211; refleja el peso emocional del tema: el eco persistente de un pasado que dej\u00f3 cicatrices.<\/p>\n\n\n\n<p>El lanzamiento llega tras un momento decisivo en la carrera de Clarent con su sencillo anterior \u201cLOVE\u201d, que alcanz\u00f3 el #2 en Spotify Espa\u00f1a, entr\u00f3 al Top 200 en Colombia, y gener\u00f3 un fuerte movimiento en redes sociales. La canci\u00f3n recibi\u00f3 un impulso adicional cuando Spotify y el FC Barcelona compartieron un clip de la estrella mundial Lamine Yamal nombrando a Clarent como su \u201cArtista Descubrimiento del A\u00f1o\u201d, un reconocimiento que amplifica enormemente su presencia global.<\/p>\n\n\n\n<p>Adem\u00e1s, Clarent debut\u00f3 recientemente en su primer perfil editorial en Galore Magazine, con una sesi\u00f3n fotogr\u00e1fica realizada en Los \u00c1ngeles por Michelle G. Gonzalez (conocida por su trabajo para V Man y Office Magazine), marcando su primera visita a la costa oeste y su entrada al mundo editorial y de moda.<\/p>\n\n\n\n<p>Con \u201cMALDAD\u201d, Clarent demuestra una vez m\u00e1s su capacidad para navegar entre vulnerabilidad, narrativa emocional y est\u00e9tica sonora moderna. La canci\u00f3n profundiza en un territorio m\u00e1s reflexivo y cinematogr\u00e1fico, consolidando el crecimiento de un artista que contin\u00faa expandiendo los l\u00edmites del reggaet\u00f3n contempor\u00e1neo sin perder su esencia.<\/p>\n","protected":false},"excerpt":{"rendered":"<p>TRAS EL \u00c9XITO VIRAL DE \u201cLOVE\u201d Y EL RECONOCIMIENTO DE LAMINE YAMAL EN EL CLIP<\/p>\n","protected":false},"author":5,"featured_media":19362,"comment_status":"closed","ping_status":"","sticky":false,"template":"","format":"standard","meta":{"om_disable_all_campaigns":false,"_uf_show_specific_survey":0,"_uf_disable_surveys":false,"footnotes":""},"categories":[4],"tags":[],"class_list":["post-19363","post","type-post","status-publish","format-standard","has-post-thumbnail","hentry","category-musica"],"_links":{"self":[{"href":"https:\/\/entrenotasyacordes.com\/index.php?rest_route=\/wp\/v2\/posts\/19363","targetHints":{"allow":["GET"]}}],"collection":[{"href":"https:\/\/entrenotasyacordes.com\/index.php?rest_route=\/wp\/v2\/posts"}],"about":[{"href":"https:\/\/entrenotasyacordes.com\/index.php?rest_route=\/wp\/v2\/types\/post"}],"author":[{"embeddable":true,"href":"https:\/\/entrenotasyacordes.com\/index.php?rest_route=\/wp\/v2\/users\/5"}],"replies":[{"embeddable":true,"href":"https:\/\/entrenotasyacordes.com\/index.php?rest_route=%2Fwp%2Fv2%2Fcomments&post=19363"}],"version-history":[{"count":2,"href":"https:\/\/entrenotasyacordes.com\/index.php?rest_route=\/wp\/v2\/posts\/19363\/revisions"}],"predecessor-version":[{"id":19365,"href":"https:\/\/entrenotasyacordes.com\/index.php?rest_route=\/wp\/v2\/posts\/19363\/revisions\/19365"}],"wp:featuredmedia":[{"embeddable":true,"href":"https:\/\/entrenotasyacordes.com\/index.php?rest_route=\/wp\/v2\/media\/19362"}],"wp:attachment":[{"href":"https:\/\/entrenotasyacordes.com\/index.php?rest_route=%2Fwp%2Fv2%2Fmedia&parent=19363"}],"wp:term":[{"taxonomy":"category","embeddable":true,"href":"https:\/\/entrenotasyacordes.com\/index.php?rest_route=%2Fwp%2Fv2%2Fcategories&post=19363"},{"taxonomy":"post_tag","embeddable":true,"href":"https:\/\/entrenotasyacordes.com\/index.php?rest_route=%2Fwp%2Fv2%2Ftags&post=19363"}],"curies":[{"name":"wp","href":"https:\/\/api.w.org\/{rel}","templated":true}]}}