{"id":19369,"date":"2025-12-15T12:53:30","date_gmt":"2025-12-15T12:53:30","guid":{"rendered":"https:\/\/entrenotasyacordes.com\/?p=19369"},"modified":"2025-12-15T12:53:30","modified_gmt":"2025-12-15T12:53:30","slug":"los-totora-presentan-su-nuevo-proyecto-club-totora","status":"publish","type":"post","link":"https:\/\/entrenotasyacordes.com\/?p=19369","title":{"rendered":"LOS TOTORA PRESENTAN SU NUEVO PROYECTO \u201cCLUB TOTORA\u201d"},"content":{"rendered":"\n<figure class=\"wp-block-image size-large\"><img loading=\"lazy\" decoding=\"async\" width=\"1024\" height=\"1024\" src=\"https:\/\/entrenotasyacordes.com\/wp-content\/uploads\/2025\/12\/img_5609-1024x1024.jpg\" class=\"wp-image-19366\" srcset=\"https:\/\/entrenotasyacordes.com\/wp-content\/uploads\/2025\/12\/img_5609-1024x1024.jpg 1024w, https:\/\/entrenotasyacordes.com\/wp-content\/uploads\/2025\/12\/img_5609-300x300.jpg 300w, https:\/\/entrenotasyacordes.com\/wp-content\/uploads\/2025\/12\/img_5609-150x150.jpg 150w, https:\/\/entrenotasyacordes.com\/wp-content\/uploads\/2025\/12\/img_5609-768x768.jpg 768w, https:\/\/entrenotasyacordes.com\/wp-content\/uploads\/2025\/12\/img_5609-1536x1536.jpg 1536w, https:\/\/entrenotasyacordes.com\/wp-content\/uploads\/2025\/12\/img_5609-50x50.jpg 50w, https:\/\/entrenotasyacordes.com\/wp-content\/uploads\/2025\/12\/img_5609.jpg 2000w\" sizes=\"auto, (max-width: 1024px) 100vw, 1024px\" \/><\/figure>\n\n\n\n<p>Los Totora presentan \u201cClub Totora\u201d, un nuevo proyecto donde abren las puertas de su ic\u00f3nico grupo a diferentes personalidades y artistas de la industria para que sean parte de su nuevo club. Este ciclo comienza el domingo 07 de diciembre y llega de la mano de una alianza estrat\u00e9gica entre su sello discogr\u00e1fico Warner Music Cono Sur e Infobae, el sitio de noticias m\u00e1s le\u00eddo de habla hispana.<\/p>\n\n\n\n<p>Club Totora es un formato novedoso, c\u00e1lido y profundamente argentino, donde Los Totora, la banda de cumbia m\u00e1s representativa de nuestro pa\u00eds, reciben a distintas personalidades y artistas para compartir un asado, conversar sin gui\u00f3n y crear m\u00fasica en vivo. El resultado es un contenido aut\u00e9ntico, espont\u00e1neo y cercano, que captura la esencia del grupo: amistad, humor, f\u00fatbol, m\u00fasica y esa impronta popular que los acompa\u00f1a desde siempre. Este lanzamiento constituye la primera entrega de un proyecto que est\u00e1 compuesto por tres cap\u00edtulos en total.<\/p>\n\n\n\n<p>Este primer cap\u00edtulo cuenta con la participaci\u00f3n de: Pollo Alvarez, Yeyito De Gregorio, Cris Vanadia, Chule y Camil\u00fa. Cada cap\u00edtulo incluye tambi\u00e9n el lanzamiento de nuevas canciones, en este caso el cap\u00edtulo trae una nueva reversi\u00f3n del cl\u00e1sico \u201cMarchate Ahora\u201d y dos colaboraciones in\u00e9ditas: \u201cMe Da Igual\u201d junto a Camil\u00fa y \u201cTe Est\u00e1 Pasando Lo Mismo Que A M\u00ed\u201d junto a Chule.<\/p>\n\n\n\n<p>Club Totora no solo representa un nuevo cap\u00edtulo en la historia del grupo, sino tambi\u00e9n una apuesta estrat\u00e9gica para el futuro de Warner Music Cono Sur, que ampl\u00eda su horizonte hacia la producci\u00f3n de contenido audiovisual y reafirma su compromiso con la innovaci\u00f3n dentro de la industria del entretenimiento. La alianza con Infobae potencia esta iniciativa, integrando m\u00fasica, narrativa y distribuci\u00f3n en un proyecto que acerca a Los Totora a millones de usuarios en la plataforma m\u00e1s le\u00edda de habla hispana y abre la puerta a nuevas formas de conectar con el p\u00fablico.<\/p>\n\n\n\n<div class=\"wp-block-columns is-layout-flex wp-container-core-columns-is-layout-28f84493 wp-block-columns-is-layout-flex\">\n<div class=\"wp-block-column is-layout-flow wp-block-column-is-layout-flow\"><div class=\"wp-block-image\">\n<figure class=\"aligncenter size-large\"><img loading=\"lazy\" decoding=\"async\" width=\"684\" height=\"1024\" src=\"https:\/\/entrenotasyacordes.com\/wp-content\/uploads\/2025\/12\/img_5610-684x1024.jpg\" class=\"wp-image-19367\" srcset=\"https:\/\/entrenotasyacordes.com\/wp-content\/uploads\/2025\/12\/img_5610-684x1024.jpg 684w, https:\/\/entrenotasyacordes.com\/wp-content\/uploads\/2025\/12\/img_5610-200x300.jpg 200w, https:\/\/entrenotasyacordes.com\/wp-content\/uploads\/2025\/12\/img_5610-768x1151.jpg 768w, https:\/\/entrenotasyacordes.com\/wp-content\/uploads\/2025\/12\/img_5610-1025x1536.jpg 1025w, https:\/\/entrenotasyacordes.com\/wp-content\/uploads\/2025\/12\/img_5610-1024x1534.jpg 1024w, https:\/\/entrenotasyacordes.com\/wp-content\/uploads\/2025\/12\/img_5610.jpg 1335w\" sizes=\"auto, (max-width: 684px) 100vw, 684px\" \/><\/figure>\n<\/div><\/div>\n\n\n\n<div class=\"wp-block-column is-layout-flow wp-block-column-is-layout-flow\"><div class=\"wp-block-image\">\n<figure class=\"aligncenter size-large\"><img loading=\"lazy\" decoding=\"async\" width=\"684\" height=\"1024\" src=\"https:\/\/entrenotasyacordes.com\/wp-content\/uploads\/2025\/12\/img_5611-684x1024.jpg\" class=\"wp-image-19368\" srcset=\"https:\/\/entrenotasyacordes.com\/wp-content\/uploads\/2025\/12\/img_5611-684x1024.jpg 684w, https:\/\/entrenotasyacordes.com\/wp-content\/uploads\/2025\/12\/img_5611-200x300.jpg 200w, https:\/\/entrenotasyacordes.com\/wp-content\/uploads\/2025\/12\/img_5611-768x1151.jpg 768w, https:\/\/entrenotasyacordes.com\/wp-content\/uploads\/2025\/12\/img_5611-1025x1536.jpg 1025w, https:\/\/entrenotasyacordes.com\/wp-content\/uploads\/2025\/12\/img_5611-1024x1534.jpg 1024w, https:\/\/entrenotasyacordes.com\/wp-content\/uploads\/2025\/12\/img_5611.jpg 1335w\" sizes=\"auto, (max-width: 684px) 100vw, 684px\" \/><\/figure>\n<\/div><\/div>\n<\/div>\n\n\n\n<p><strong>Acerca de la alianza entre Warner Music Cono Sur e Infobae<\/strong><\/p>\n\n\n\n<p>Esta iniciativa forma parte de un acuerdo estrat\u00e9gico entre Warner Music Cono Sur e Infobae, cuyo objetivo es potenciar la llegada de los artistas a nuevas audiencias mediante la integraci\u00f3n de m\u00fasica, storytelling y distribuci\u00f3n multiplataforma. Infobae, como el medio digital de mayor alcance en el mundo hispanohablante, se convierte en el espacio ideal para amplificar proyectos originales desarrollados por el sello.<\/p>\n\n\n\n<p>A trav\u00e9s de esta alianza, Warner Music afianza su expansi\u00f3n en la producci\u00f3n de contenido audiovisual premium y contin\u00faa apostando por formatos innovadores que conecten a los artistas con millones de usuarios. <\/p>\n\n\n\n<p>Club Totora inaugura una etapa donde los lanzamientos musicales conviven con propuestas editoriales y de entretenimiento, fortaleciendo el posicionamiento tanto de los artistas como del sello dentro del ecosistema cultural y medi\u00e1tico regional.<\/p>\n","protected":false},"excerpt":{"rendered":"<p>Los Totora presentan \u201cClub Totora\u201d, un nuevo proyecto donde abren las puertas de su ic\u00f3nico<\/p>\n","protected":false},"author":5,"featured_media":19366,"comment_status":"closed","ping_status":"","sticky":false,"template":"","format":"standard","meta":{"om_disable_all_campaigns":false,"_uf_show_specific_survey":0,"_uf_disable_surveys":false,"footnotes":""},"categories":[34],"tags":[],"class_list":["post-19369","post","type-post","status-publish","format-standard","has-post-thumbnail","hentry","category-ultimas-noticias"],"_links":{"self":[{"href":"https:\/\/entrenotasyacordes.com\/index.php?rest_route=\/wp\/v2\/posts\/19369","targetHints":{"allow":["GET"]}}],"collection":[{"href":"https:\/\/entrenotasyacordes.com\/index.php?rest_route=\/wp\/v2\/posts"}],"about":[{"href":"https:\/\/entrenotasyacordes.com\/index.php?rest_route=\/wp\/v2\/types\/post"}],"author":[{"embeddable":true,"href":"https:\/\/entrenotasyacordes.com\/index.php?rest_route=\/wp\/v2\/users\/5"}],"replies":[{"embeddable":true,"href":"https:\/\/entrenotasyacordes.com\/index.php?rest_route=%2Fwp%2Fv2%2Fcomments&post=19369"}],"version-history":[{"count":1,"href":"https:\/\/entrenotasyacordes.com\/index.php?rest_route=\/wp\/v2\/posts\/19369\/revisions"}],"predecessor-version":[{"id":19370,"href":"https:\/\/entrenotasyacordes.com\/index.php?rest_route=\/wp\/v2\/posts\/19369\/revisions\/19370"}],"wp:featuredmedia":[{"embeddable":true,"href":"https:\/\/entrenotasyacordes.com\/index.php?rest_route=\/wp\/v2\/media\/19366"}],"wp:attachment":[{"href":"https:\/\/entrenotasyacordes.com\/index.php?rest_route=%2Fwp%2Fv2%2Fmedia&parent=19369"}],"wp:term":[{"taxonomy":"category","embeddable":true,"href":"https:\/\/entrenotasyacordes.com\/index.php?rest_route=%2Fwp%2Fv2%2Fcategories&post=19369"},{"taxonomy":"post_tag","embeddable":true,"href":"https:\/\/entrenotasyacordes.com\/index.php?rest_route=%2Fwp%2Fv2%2Ftags&post=19369"}],"curies":[{"name":"wp","href":"https:\/\/api.w.org\/{rel}","templated":true}]}}