{"id":19374,"date":"2025-12-15T16:55:29","date_gmt":"2025-12-15T16:55:29","guid":{"rendered":"https:\/\/entrenotasyacordes.com\/?p=19374"},"modified":"2025-12-15T16:55:29","modified_gmt":"2025-12-15T16:55:29","slug":"manu-dal-santo-y-taxi-orquesta-rompen-fronteras-con-besos-en-guerra","status":"publish","type":"post","link":"https:\/\/entrenotasyacordes.com\/?p=19374","title":{"rendered":"Manu Dal Santo y Taxi Orquesta ROMPEN FRONTERAS CON \u201cBESOS EN GUERRA\u201d"},"content":{"rendered":"\n<p>Argentina y Colombia unidas por la cumbia en un lanzamiento hist\u00f3rico.<\/p>\n\n\n\n<p>La artista argentina Manu Dal Santo estrena su versi\u00f3n de \u201cBesos en Guerra\u201d junto a la emblem\u00e1tica Taxi Orquesta, convirti\u00e9ndose en la primera artista argentina en realizar una colaboraci\u00f3n con la hist\u00f3rica banda de cumbia colombiana. El resultado de este junte ya est\u00e1 generando repercusi\u00f3n en toda Latinoam\u00e9rica y marcando un antes y un despu\u00e9s en la escena tropical moderna.<\/p>\n\n\n\n<p>La canci\u00f3n reinterpreta el cl\u00e1sico de Morat desde una mirada cumbiera, fresca y poderosa, bajo la producci\u00f3n de CLUB29. El lanzamiento consolida a Manu Dal Santo como una de las voces femeninas m\u00e1s destacadas del nuevo movimiento de cumbia argentina y celebra la uni\u00f3n art\u00edstica con una de las bandas m\u00e1s ic\u00f3nicas de Colombia.<\/p>\n\n\n<div class=\"wp-block-image\">\n<figure class=\"aligncenter size-large\"><img loading=\"lazy\" decoding=\"async\" width=\"819\" height=\"1024\" src=\"https:\/\/entrenotasyacordes.com\/wp-content\/uploads\/2025\/12\/bc666867-1a9b-481f-bbcc-01e46979e853-819x1024.jpg\" class=\"wp-image-19371\" srcset=\"https:\/\/entrenotasyacordes.com\/wp-content\/uploads\/2025\/12\/bc666867-1a9b-481f-bbcc-01e46979e853-819x1024.jpg 819w, https:\/\/entrenotasyacordes.com\/wp-content\/uploads\/2025\/12\/bc666867-1a9b-481f-bbcc-01e46979e853-240x300.jpg 240w, https:\/\/entrenotasyacordes.com\/wp-content\/uploads\/2025\/12\/bc666867-1a9b-481f-bbcc-01e46979e853-768x960.jpg 768w, https:\/\/entrenotasyacordes.com\/wp-content\/uploads\/2025\/12\/bc666867-1a9b-481f-bbcc-01e46979e853-1024x1280.jpg 1024w, https:\/\/entrenotasyacordes.com\/wp-content\/uploads\/2025\/12\/bc666867-1a9b-481f-bbcc-01e46979e853.jpg 1080w\" sizes=\"auto, (max-width: 819px) 100vw, 819px\" \/><\/figure>\n<\/div>\n\n\n<p>Argentina y Colombia unidas por la cumbia en un lanzamiento hist\u00f3rico.<\/p>\n\n\n\n<p>La artista argentina Manu Dal Santo estrena su versi\u00f3n de \u201cBesos en Guerra\u201d junto a la emblem\u00e1tica Taxi Orquesta, convirti\u00e9ndose en la primera artista argentina en realizar una colaboraci\u00f3n con la hist\u00f3rica banda de cumbia colombiana. El resultado de este junte ya est\u00e1 generando repercusi\u00f3n en toda Latinoam\u00e9rica y marcando un antes y un despu\u00e9s en la escena tropical moderna.<\/p>\n\n\n\n<p>La canci\u00f3n reinterpreta el cl\u00e1sico de Morat desde una mirada cumbiera, fresca y poderosa, bajo la producci\u00f3n de CLUB29. El lanzamiento consolida a Manu Dal Santo como una de las voces femeninas m\u00e1s destacadas del nuevo movimiento de cumbia argentina y celebra la uni\u00f3n art\u00edstica con una de las bandas m\u00e1s ic\u00f3nicas de Colombia.<\/p>\n\n\n<div class=\"wp-block-image\">\n<figure class=\"aligncenter size-large\"><img loading=\"lazy\" decoding=\"async\" width=\"819\" height=\"1024\" src=\"https:\/\/entrenotasyacordes.com\/wp-content\/uploads\/2025\/12\/09919325-60aa-457b-b4fe-7d754eddfcc6-819x1024.jpg\" class=\"wp-image-19372\" srcset=\"https:\/\/entrenotasyacordes.com\/wp-content\/uploads\/2025\/12\/09919325-60aa-457b-b4fe-7d754eddfcc6-819x1024.jpg 819w, https:\/\/entrenotasyacordes.com\/wp-content\/uploads\/2025\/12\/09919325-60aa-457b-b4fe-7d754eddfcc6-240x300.jpg 240w, https:\/\/entrenotasyacordes.com\/wp-content\/uploads\/2025\/12\/09919325-60aa-457b-b4fe-7d754eddfcc6-768x960.jpg 768w, https:\/\/entrenotasyacordes.com\/wp-content\/uploads\/2025\/12\/09919325-60aa-457b-b4fe-7d754eddfcc6-1024x1280.jpg 1024w, https:\/\/entrenotasyacordes.com\/wp-content\/uploads\/2025\/12\/09919325-60aa-457b-b4fe-7d754eddfcc6.jpg 1080w\" sizes=\"auto, (max-width: 819px) 100vw, 819px\" \/><\/figure>\n<\/div>\n\n\n<p>La colaboraci\u00f3n entre Manu Dal Santo y Taxi Orquesta abre una nueva etapa para la cumbia internacional: dos pa\u00edses, dos tradiciones y un mismo pulso musical. \u201cBesos en Guerra\u201d no es solo un cover, sino una declaraci\u00f3n art\u00edstica que une generaciones, estilos y culturas bajo una misma bandera sonora.<\/p>\n\n\n\n<figure class=\"wp-block-embed\"><div class=\"wp-block-embed__wrapper\">\n<div class=\"epyt-video-wrapper\"><iframe loading=\"lazy\"  id=\"_ytid_44046\"  width=\"640\" height=\"360\"  data-origwidth=\"640\" data-origheight=\"360\" src=\"https:\/\/www.youtube.com\/embed\/jAijQxYF3bg?enablejsapi=1&#038;autoplay=0&#038;cc_load_policy=0&#038;cc_lang_pref=&#038;iv_load_policy=1&#038;loop=0&#038;rel=1&#038;fs=1&#038;playsinline=0&#038;autohide=2&#038;theme=dark&#038;color=white&#038;controls=1&#038;\" class=\"__youtube_prefs__  epyt-is-override  no-lazyload\" data-vol=\"50\"  title=\"YouTube player\"  allow=\"fullscreen; accelerometer; autoplay; clipboard-write; encrypted-media; gyroscope; picture-in-picture; web-share\" referrerpolicy=\"strict-origin-when-cross-origin\" allowfullscreen data-no-lazy=\"1\" data-skipgform_ajax_framebjll=\"\"><\/iframe><\/div>\n<\/div><\/figure>\n","protected":false},"excerpt":{"rendered":"<p>Argentina y Colombia unidas por la cumbia en un lanzamiento hist\u00f3rico. La artista argentina Manu<\/p>\n","protected":false},"author":5,"featured_media":19373,"comment_status":"closed","ping_status":"","sticky":false,"template":"","format":"standard","meta":{"om_disable_all_campaigns":false,"_uf_show_specific_survey":0,"_uf_disable_surveys":false,"footnotes":""},"categories":[4],"tags":[],"class_list":["post-19374","post","type-post","status-publish","format-standard","has-post-thumbnail","hentry","category-musica"],"_links":{"self":[{"href":"https:\/\/entrenotasyacordes.com\/index.php?rest_route=\/wp\/v2\/posts\/19374","targetHints":{"allow":["GET"]}}],"collection":[{"href":"https:\/\/entrenotasyacordes.com\/index.php?rest_route=\/wp\/v2\/posts"}],"about":[{"href":"https:\/\/entrenotasyacordes.com\/index.php?rest_route=\/wp\/v2\/types\/post"}],"author":[{"embeddable":true,"href":"https:\/\/entrenotasyacordes.com\/index.php?rest_route=\/wp\/v2\/users\/5"}],"replies":[{"embeddable":true,"href":"https:\/\/entrenotasyacordes.com\/index.php?rest_route=%2Fwp%2Fv2%2Fcomments&post=19374"}],"version-history":[{"count":1,"href":"https:\/\/entrenotasyacordes.com\/index.php?rest_route=\/wp\/v2\/posts\/19374\/revisions"}],"predecessor-version":[{"id":19375,"href":"https:\/\/entrenotasyacordes.com\/index.php?rest_route=\/wp\/v2\/posts\/19374\/revisions\/19375"}],"wp:featuredmedia":[{"embeddable":true,"href":"https:\/\/entrenotasyacordes.com\/index.php?rest_route=\/wp\/v2\/media\/19373"}],"wp:attachment":[{"href":"https:\/\/entrenotasyacordes.com\/index.php?rest_route=%2Fwp%2Fv2%2Fmedia&parent=19374"}],"wp:term":[{"taxonomy":"category","embeddable":true,"href":"https:\/\/entrenotasyacordes.com\/index.php?rest_route=%2Fwp%2Fv2%2Fcategories&post=19374"},{"taxonomy":"post_tag","embeddable":true,"href":"https:\/\/entrenotasyacordes.com\/index.php?rest_route=%2Fwp%2Fv2%2Ftags&post=19374"}],"curies":[{"name":"wp","href":"https:\/\/api.w.org\/{rel}","templated":true}]}}