{"id":19378,"date":"2025-12-17T10:51:38","date_gmt":"2025-12-17T10:51:38","guid":{"rendered":"https:\/\/entrenotasyacordes.com\/?p=19378"},"modified":"2025-12-17T10:51:38","modified_gmt":"2025-12-17T10:51:38","slug":"vanesa-martin-llega-a-la-argentina-con-su-nueva-gira-casa-mia","status":"publish","type":"post","link":"https:\/\/entrenotasyacordes.com\/?p=19378","title":{"rendered":"VANESA MART\u00cdN LLEGA A LA ARGENTINA CON SU NUEVA GIRA \u201cCASA M\u00cdA\u201d"},"content":{"rendered":"\n<p>La cantante espa\u00f1ola presenta su \u00faltimo trabajo y reafirma el v\u00ednculo emocional con su p\u00fablico argentino con una gira que la llevar\u00e1 por Buenos Aires, Rosario, C\u00f3rdoba y Mendoza durante el mes de mayo.<\/p>\n\n\n\n<p class=\"has-text-align-center\"><strong>8 DE MAYO &#8211; TEATRO GRAN REX<\/strong><\/p>\n\n\n\n<p>Entradas a la venta por TuEntrada desde el mi\u00e9rcoles 17 de diciembre a las 13hs<\/p>\n\n\n\n<p>(6 cuotas sin inter\u00e9s con BBVA visa durante todo el per\u00edodo de venta)<\/p>\n\n\n<div class=\"wp-block-image\">\n<figure class=\"aligncenter size-large\"><img loading=\"lazy\" decoding=\"async\" width=\"576\" height=\"1024\" src=\"https:\/\/entrenotasyacordes.com\/wp-content\/uploads\/2025\/12\/vm_9x16_paid-576x1024.png\" class=\"wp-image-19376\" srcset=\"https:\/\/entrenotasyacordes.com\/wp-content\/uploads\/2025\/12\/vm_9x16_paid-576x1024.png 576w, https:\/\/entrenotasyacordes.com\/wp-content\/uploads\/2025\/12\/vm_9x16_paid-169x300.png 169w, https:\/\/entrenotasyacordes.com\/wp-content\/uploads\/2025\/12\/vm_9x16_paid-768x1365.png 768w, https:\/\/entrenotasyacordes.com\/wp-content\/uploads\/2025\/12\/vm_9x16_paid-864x1536.png 864w, https:\/\/entrenotasyacordes.com\/wp-content\/uploads\/2025\/12\/vm_9x16_paid-1024x1820.png 1024w, https:\/\/entrenotasyacordes.com\/wp-content\/uploads\/2025\/12\/vm_9x16_paid.png 1080w\" sizes=\"auto, (max-width: 576px) 100vw, 576px\" \/><\/figure>\n<\/div>\n\n\n<p>Vanesa Mart\u00edn, una de las artistas m\u00e1s queridas del pop en espa\u00f1ol, regresa a Buenos Aires con \u00abCASA M\u00cdA\u00bb, su nueva gira, que promete una experiencia \u00fanica e inolvidable para todos sus seguidores. El show, que se llevar\u00e1 a cabo el 8 de mayo de 2026 en el Teatro Gran Rex, ser\u00e1 la ocasi\u00f3n perfecta para disfrutar de su \u00faltimo material, \u00abCasa M\u00eda\u00bb, y de los cl\u00e1sicos que la han convertido en un referente del pop autoral en espa\u00f1ol.<\/p>\n\n\n\n<p>Con una carrera musical que comenz\u00f3 en 2006, Vanesa Mart\u00edn ha consolidado su posici\u00f3n como una de las voces m\u00e1s sensibles y s\u00f3lidas del panorama musical en espa\u00f1ol. Nacida en M\u00e1laga, Espa\u00f1a, Vanesa empez\u00f3 su carrera escribiendo canciones desde joven, y con el tiempo, su estilo mel\u00f3dico y emotivo la llev\u00f3 a ser una de las artistas m\u00e1s influyentes y reconocidas de su generaci\u00f3n. A lo largo de su carrera ha lanzado nueve discos de estudio, varios de los cuales se han convertido en \u00e9xitos internacionales. Su m\u00fasica trasciende fronteras, y su legado es especialmente fuerte en pa\u00edses como M\u00e9xico, Argentina y Chile, as\u00ed como en ciudades de Estados Unidos como Miami, Nueva York y Washington.<\/p>\n\n\n\n<p>En esta nueva gira, \u00abCASA M\u00cdA\u00bb, Vanesa busca consolidar a\u00fan m\u00e1s el v\u00ednculo emocional con su p\u00fablico argentino. Con un repertorio que mezcla canciones nuevas con cl\u00e1sicos que han sido himnos generacionales, los conciertos ser\u00e1n un verdadero encuentro \u00edntimo y cercano con su audiencia. Adem\u00e1s, la gira ser\u00e1 una oportunidad para compartir el disco m\u00e1s libre y honesto de su carrera, un trabajo que refleja su evoluci\u00f3n art\u00edstica y personal.<\/p>\n\n\n\n<p>A lo largo de su carrera, Vanesa Mart\u00edn ha recibido numerosos premios y reconocimientos, incluyendo 15 Discos de Oro, 9 Discos de Platino, 5 Premios Dial y 2 nominaciones a los Latin Grammy. Su m\u00fasica ha tocado el coraz\u00f3n de millones de personas, y su voz ha sido aclamada tanto por su talento vocal como por la autenticidad de sus letras.<\/p>\n\n\n\n<p>El regreso de Vanesa Mart\u00edn con \u00abCASA M\u00cdA\u00bb se posiciona como uno de los regresos m\u00e1s esperados y emocionales del pop en espa\u00f1ol de este a\u00f1o. La artista busca reforzar su relaci\u00f3n con el p\u00fablico argentino, destacando su impacto cultural, su fuerte presencia en las plataformas digitales y la importancia de su nueva etapa art\u00edstica.<\/p>\n\n\n\n<p><strong>Fechas Confirmadas \u2013 Gira Argentina \u00abCASA M\u00cdA\u00bb 2026:<\/strong><\/p>\n\n\n\n<ul class=\"wp-block-list\">\n<li>8 de mayo \u2013 Buenos Aires \u2013 Teatro Gran Rex<br><\/li>\n\n\n\n<li>10 de mayo \u2013 Rosario \u2013 Broadway<br><\/li>\n\n\n\n<li>13 de mayo \u2013 C\u00f3rdoba \u2013 Quality Espacio<br><\/li>\n\n\n\n<li>15 de mayo \u2013 Mendoza \u2013 Arena Maip\u00fa<\/li>\n<\/ul>\n\n\n<div class=\"wp-block-image\">\n<figure class=\"aligncenter size-large\"><img loading=\"lazy\" decoding=\"async\" width=\"1024\" height=\"1024\" src=\"https:\/\/entrenotasyacordes.com\/wp-content\/uploads\/2025\/12\/vm_foto-portada-1024x1024.jpg\" class=\"wp-image-19377\" srcset=\"https:\/\/entrenotasyacordes.com\/wp-content\/uploads\/2025\/12\/vm_foto-portada-1024x1024.jpg 1024w, https:\/\/entrenotasyacordes.com\/wp-content\/uploads\/2025\/12\/vm_foto-portada-300x300.jpg 300w, https:\/\/entrenotasyacordes.com\/wp-content\/uploads\/2025\/12\/vm_foto-portada-150x150.jpg 150w, https:\/\/entrenotasyacordes.com\/wp-content\/uploads\/2025\/12\/vm_foto-portada-768x768.jpg 768w, https:\/\/entrenotasyacordes.com\/wp-content\/uploads\/2025\/12\/vm_foto-portada-1536x1536.jpg 1536w, https:\/\/entrenotasyacordes.com\/wp-content\/uploads\/2025\/12\/vm_foto-portada-50x50.jpg 50w, https:\/\/entrenotasyacordes.com\/wp-content\/uploads\/2025\/12\/vm_foto-portada.jpg 2000w\" sizes=\"auto, (max-width: 1024px) 100vw, 1024px\" \/><\/figure>\n<\/div>","protected":false},"excerpt":{"rendered":"<p>La cantante espa\u00f1ola presenta su \u00faltimo trabajo y reafirma el v\u00ednculo emocional con su p\u00fablico<\/p>\n","protected":false},"author":5,"featured_media":19376,"comment_status":"closed","ping_status":"","sticky":false,"template":"","format":"standard","meta":{"om_disable_all_campaigns":false,"_uf_show_specific_survey":0,"_uf_disable_surveys":false,"footnotes":""},"categories":[36,34],"tags":[],"class_list":["post-19378","post","type-post","status-publish","format-standard","has-post-thumbnail","hentry","category-conciertos","category-ultimas-noticias"],"_links":{"self":[{"href":"https:\/\/entrenotasyacordes.com\/index.php?rest_route=\/wp\/v2\/posts\/19378","targetHints":{"allow":["GET"]}}],"collection":[{"href":"https:\/\/entrenotasyacordes.com\/index.php?rest_route=\/wp\/v2\/posts"}],"about":[{"href":"https:\/\/entrenotasyacordes.com\/index.php?rest_route=\/wp\/v2\/types\/post"}],"author":[{"embeddable":true,"href":"https:\/\/entrenotasyacordes.com\/index.php?rest_route=\/wp\/v2\/users\/5"}],"replies":[{"embeddable":true,"href":"https:\/\/entrenotasyacordes.com\/index.php?rest_route=%2Fwp%2Fv2%2Fcomments&post=19378"}],"version-history":[{"count":1,"href":"https:\/\/entrenotasyacordes.com\/index.php?rest_route=\/wp\/v2\/posts\/19378\/revisions"}],"predecessor-version":[{"id":19379,"href":"https:\/\/entrenotasyacordes.com\/index.php?rest_route=\/wp\/v2\/posts\/19378\/revisions\/19379"}],"wp:featuredmedia":[{"embeddable":true,"href":"https:\/\/entrenotasyacordes.com\/index.php?rest_route=\/wp\/v2\/media\/19376"}],"wp:attachment":[{"href":"https:\/\/entrenotasyacordes.com\/index.php?rest_route=%2Fwp%2Fv2%2Fmedia&parent=19378"}],"wp:term":[{"taxonomy":"category","embeddable":true,"href":"https:\/\/entrenotasyacordes.com\/index.php?rest_route=%2Fwp%2Fv2%2Fcategories&post=19378"},{"taxonomy":"post_tag","embeddable":true,"href":"https:\/\/entrenotasyacordes.com\/index.php?rest_route=%2Fwp%2Fv2%2Ftags&post=19378"}],"curies":[{"name":"wp","href":"https:\/\/api.w.org\/{rel}","templated":true}]}}