{"id":19384,"date":"2025-12-17T10:55:56","date_gmt":"2025-12-17T10:55:56","guid":{"rendered":"https:\/\/entrenotasyacordes.com\/?p=19384"},"modified":"2025-12-17T10:55:56","modified_gmt":"2025-12-17T10:55:56","slug":"parador-konex-anuncia-su-programacion-2026","status":"publish","type":"post","link":"https:\/\/entrenotasyacordes.com\/?p=19384","title":{"rendered":"PARADOR KONEX ANUNCIA SU PROGRAMACI\u00d3N 2026"},"content":{"rendered":"<div class=\"wp-block-image\">\n<figure class=\"aligncenter size-large\"><img loading=\"lazy\" decoding=\"async\" width=\"819\" height=\"1024\" src=\"https:\/\/entrenotasyacordes.com\/wp-content\/uploads\/2025\/12\/img_5646-819x1024.jpg\" class=\"wp-image-19380\" srcset=\"https:\/\/entrenotasyacordes.com\/wp-content\/uploads\/2025\/12\/img_5646-819x1024.jpg 819w, https:\/\/entrenotasyacordes.com\/wp-content\/uploads\/2025\/12\/img_5646-240x300.jpg 240w, https:\/\/entrenotasyacordes.com\/wp-content\/uploads\/2025\/12\/img_5646-768x960.jpg 768w, https:\/\/entrenotasyacordes.com\/wp-content\/uploads\/2025\/12\/img_5646-1229x1536.jpg 1229w, https:\/\/entrenotasyacordes.com\/wp-content\/uploads\/2025\/12\/img_5646-1024x1280.jpg 1024w, https:\/\/entrenotasyacordes.com\/wp-content\/uploads\/2025\/12\/img_5646.jpg 1600w\" sizes=\"auto, (max-width: 819px) 100vw, 819px\" \/><\/figure>\n<\/div>\n\n\n<p>El verano tambi\u00e9n se disfruta en la ciudad y, como cada a\u00f1o, tiene un punto de encuentro claro:&nbsp;<strong>Parador Konex<\/strong>&nbsp;. De enero a marzo de 2026, el patio m\u00e1s lindo de Buenos Aires abre sus puertas con distintos planes para atravesar las tardes y noches porte\u00f1as sin escaparse de la ciudad. M\u00fasica en vivo, encuentros, baile y esa sensaci\u00f3n de estar donde hay que estar.<\/p>\n\n\n<div class=\"wp-block-image\">\n<figure class=\"aligncenter size-large\"><img loading=\"lazy\" decoding=\"async\" width=\"1024\" height=\"682\" src=\"https:\/\/entrenotasyacordes.com\/wp-content\/uploads\/2025\/12\/img_5647-1024x682.jpg\" class=\"wp-image-19381\" srcset=\"https:\/\/entrenotasyacordes.com\/wp-content\/uploads\/2025\/12\/img_5647-1024x682.jpg 1024w, https:\/\/entrenotasyacordes.com\/wp-content\/uploads\/2025\/12\/img_5647-300x200.jpg 300w, https:\/\/entrenotasyacordes.com\/wp-content\/uploads\/2025\/12\/img_5647-768x512.jpg 768w, https:\/\/entrenotasyacordes.com\/wp-content\/uploads\/2025\/12\/img_5647-1536x1024.jpg 1536w, https:\/\/entrenotasyacordes.com\/wp-content\/uploads\/2025\/12\/img_5647.jpg 2000w\" sizes=\"auto, (max-width: 1024px) 100vw, 1024px\" \/><\/figure>\n<\/div>\n\n\n<p><strong>Parador Konex<\/strong>&nbsp;se instala como parte del verano porte\u00f1o, y en 2026 se desarrollar\u00e1 en el marco del festejo de los 20 a\u00f1os del espacio, que celebra dos d\u00e9cadas de actividad ininterrumpida. Aire libre, m\u00fasica sonando mientras baja el sol y planes que se arman casi sin pensarlo. Todo pasa ah\u00ed,&nbsp;<strong>en el \u00fanico festival que dura tres meses<\/strong>, y alcanza con ir una vez para entender por qu\u00e9&#8230;<\/p>\n\n\n\n<p>La programaci\u00f3n 2026 confirma esa idea y vuelve a apostar por el cruce de mundos y generaciones.&nbsp;<strong>Santiago Motorizado<\/strong>,&nbsp;<strong>Juana Molina<\/strong>,&nbsp;<strong>Kevin Johansen + Liniers + The Nada<\/strong>,<strong>&nbsp;La Vela Puerca<\/strong>&nbsp;y&nbsp;<strong>Estelares&nbsp;<\/strong>encabezan una grilla que dialoga con lo nuevo y lo cl\u00e1sico, junto a proyectos como<strong>Mujer Cebra<\/strong>,&nbsp;<strong>Juana Rozas<\/strong>,<strong>&nbsp;Barbi Recanati<\/strong>,<strong>&nbsp;Los Besos<\/strong>,&nbsp;<strong>Alan Sutton y las Criaturitas de la Ansiedad<\/strong>,&nbsp;<strong>Un Muerto M\u00e1s<\/strong>,&nbsp;<strong>Viejas Locas x FyA<\/strong>,<strong>Dancing Mood&nbsp;<\/strong>y&nbsp;<strong>Nonpalidece<\/strong>, entre muchos otros.<\/p>\n\n\n<div class=\"wp-block-image\">\n<figure class=\"aligncenter size-large\"><img loading=\"lazy\" decoding=\"async\" width=\"1024\" height=\"682\" src=\"https:\/\/entrenotasyacordes.com\/wp-content\/uploads\/2025\/12\/img_5648-1024x682.jpg\" class=\"wp-image-19382\" srcset=\"https:\/\/entrenotasyacordes.com\/wp-content\/uploads\/2025\/12\/img_5648-1024x682.jpg 1024w, https:\/\/entrenotasyacordes.com\/wp-content\/uploads\/2025\/12\/img_5648-300x200.jpg 300w, https:\/\/entrenotasyacordes.com\/wp-content\/uploads\/2025\/12\/img_5648-768x512.jpg 768w, https:\/\/entrenotasyacordes.com\/wp-content\/uploads\/2025\/12\/img_5648-1536x1024.jpg 1536w, https:\/\/entrenotasyacordes.com\/wp-content\/uploads\/2025\/12\/img_5648.jpg 2000w\" sizes=\"auto, (max-width: 1024px) 100vw, 1024px\" \/><\/figure>\n<\/div>\n\n\n<p><strong>El lanzamiento de Parador Konex 2026 ser\u00e1 el pr\u00f3ximo jueves 15 de enero con Santiago Motorizado, Mujer Cebra y Juana Rozas.<\/strong><\/p>\n\n\n\n<p>Como siempre,&nbsp;<strong>Parador Konex<\/strong> tambi\u00e9n es fiesta, cruce y sorpresa. Cl\u00e1sicos infaltables como&nbsp;<strong>La Bomba de Tiempo<\/strong>,&nbsp;<strong>Cumbia Konex<\/strong>,&nbsp;<strong>Furia Fest<\/strong>,&nbsp;<strong>Plop<\/strong>,&nbsp;<strong>Sonido Konex, Festival Nuevo D\u00eda&nbsp;<\/strong>y&nbsp;<strong>Flechazo&nbsp;<\/strong>conviven con propuestas especiales y ciclos \u00fanicos. Todo sucede en el mismo patio, todo forma parte del mismo plan.<br><br>\u00bfQui\u00e9n dijo que el verano no se disfruta en Buenos Aires? De enero a marzo, el Konex vuelve a demostrar que el calor tambi\u00e9n se baila, se canta y se comparte.&nbsp;<strong>Parador Konex 2026<\/strong>&nbsp;ya est\u00e1 en marcha y las entradas est\u00e1n disponibles en&nbsp;<a href=\"https:\/\/entradas.cckonex.org\/?utm_source=perfit&#038;utm_medium=email\" target=\"_blank\" rel=\"noreferrer noopener\">entradas.cckonex.org<\/a><\/p>\n\n\n\n<p class=\"has-text-align-center\"><strong>CIUDAD CULTURAL KONEX<\/strong><br><strong>SARMIENTO 3131, CABA<\/strong><\/p>\n\n\n<div class=\"wp-block-image\">\n<figure class=\"aligncenter size-large\"><img loading=\"lazy\" decoding=\"async\" width=\"1024\" height=\"683\" src=\"https:\/\/entrenotasyacordes.com\/wp-content\/uploads\/2025\/12\/img_5649-1024x683.jpg\" class=\"wp-image-19383\" srcset=\"https:\/\/entrenotasyacordes.com\/wp-content\/uploads\/2025\/12\/img_5649-1024x683.jpg 1024w, https:\/\/entrenotasyacordes.com\/wp-content\/uploads\/2025\/12\/img_5649-300x200.jpg 300w, https:\/\/entrenotasyacordes.com\/wp-content\/uploads\/2025\/12\/img_5649-768x512.jpg 768w, https:\/\/entrenotasyacordes.com\/wp-content\/uploads\/2025\/12\/img_5649-1536x1024.jpg 1536w, https:\/\/entrenotasyacordes.com\/wp-content\/uploads\/2025\/12\/img_5649.jpg 1800w\" sizes=\"auto, (max-width: 1024px) 100vw, 1024px\" \/><\/figure>\n<\/div>","protected":false},"excerpt":{"rendered":"<p>El verano tambi\u00e9n se disfruta en la ciudad y, como cada a\u00f1o, tiene un punto<\/p>\n","protected":false},"author":5,"featured_media":19380,"comment_status":"closed","ping_status":"","sticky":false,"template":"","format":"standard","meta":{"om_disable_all_campaigns":false,"_uf_show_specific_survey":0,"_uf_disable_surveys":false,"footnotes":""},"categories":[36],"tags":[],"class_list":["post-19384","post","type-post","status-publish","format-standard","has-post-thumbnail","hentry","category-conciertos"],"_links":{"self":[{"href":"https:\/\/entrenotasyacordes.com\/index.php?rest_route=\/wp\/v2\/posts\/19384","targetHints":{"allow":["GET"]}}],"collection":[{"href":"https:\/\/entrenotasyacordes.com\/index.php?rest_route=\/wp\/v2\/posts"}],"about":[{"href":"https:\/\/entrenotasyacordes.com\/index.php?rest_route=\/wp\/v2\/types\/post"}],"author":[{"embeddable":true,"href":"https:\/\/entrenotasyacordes.com\/index.php?rest_route=\/wp\/v2\/users\/5"}],"replies":[{"embeddable":true,"href":"https:\/\/entrenotasyacordes.com\/index.php?rest_route=%2Fwp%2Fv2%2Fcomments&post=19384"}],"version-history":[{"count":1,"href":"https:\/\/entrenotasyacordes.com\/index.php?rest_route=\/wp\/v2\/posts\/19384\/revisions"}],"predecessor-version":[{"id":19385,"href":"https:\/\/entrenotasyacordes.com\/index.php?rest_route=\/wp\/v2\/posts\/19384\/revisions\/19385"}],"wp:featuredmedia":[{"embeddable":true,"href":"https:\/\/entrenotasyacordes.com\/index.php?rest_route=\/wp\/v2\/media\/19380"}],"wp:attachment":[{"href":"https:\/\/entrenotasyacordes.com\/index.php?rest_route=%2Fwp%2Fv2%2Fmedia&parent=19384"}],"wp:term":[{"taxonomy":"category","embeddable":true,"href":"https:\/\/entrenotasyacordes.com\/index.php?rest_route=%2Fwp%2Fv2%2Fcategories&post=19384"},{"taxonomy":"post_tag","embeddable":true,"href":"https:\/\/entrenotasyacordes.com\/index.php?rest_route=%2Fwp%2Fv2%2Ftags&post=19384"}],"curies":[{"name":"wp","href":"https:\/\/api.w.org\/{rel}","templated":true}]}}