{"id":19492,"date":"2026-01-15T22:52:15","date_gmt":"2026-01-15T22:52:15","guid":{"rendered":"https:\/\/entrenotasyacordes.com\/?p=19492"},"modified":"2026-01-15T22:52:15","modified_gmt":"2026-01-15T22:52:15","slug":"regresa-el-festival-mas-lindo-de-la-ciudad-llego-el-verano-llego-el-buena-vibra","status":"publish","type":"post","link":"https:\/\/entrenotasyacordes.com\/?p=19492","title":{"rendered":"REGRESA EL FESTIVAL M\u00c1S LINDO DE LA CIUDAD &#8211; LLEG\u00d3 EL VERANO, LLEG\u00d3 EL BUENA VIBRA"},"content":{"rendered":"\n<p class=\"has-text-align-center\"><strong>El 21 de febrero, la nueva edici\u00f3n del Buena Vibra se llevar\u00e1 adelante en Ciudad Universitaria con un line-up conformado por lo mejor de la m\u00fasica local.&nbsp;<\/strong><\/p>\n\n\n<div class=\"wp-block-image\">\n<figure class=\"aligncenter size-large\"><img loading=\"lazy\" decoding=\"async\" width=\"819\" height=\"1024\" src=\"https:\/\/entrenotasyacordes.com\/wp-content\/uploads\/2026\/01\/img_6010-819x1024.jpg\" class=\"wp-image-19489\" srcset=\"https:\/\/entrenotasyacordes.com\/wp-content\/uploads\/2026\/01\/img_6010-819x1024.jpg 819w, https:\/\/entrenotasyacordes.com\/wp-content\/uploads\/2026\/01\/img_6010-240x300.jpg 240w, https:\/\/entrenotasyacordes.com\/wp-content\/uploads\/2026\/01\/img_6010-768x960.jpg 768w, https:\/\/entrenotasyacordes.com\/wp-content\/uploads\/2026\/01\/img_6010-1229x1536.jpg 1229w, https:\/\/entrenotasyacordes.com\/wp-content\/uploads\/2026\/01\/img_6010-1024x1280.jpg 1024w, https:\/\/entrenotasyacordes.com\/wp-content\/uploads\/2026\/01\/img_6010.jpg 1600w\" sizes=\"auto, (max-width: 819px) 100vw, 819px\" \/><\/figure>\n<\/div>\n\n\n<p><strong>Preventa 1 Agotada.&nbsp;<\/strong><\/p>\n\n\n\n<p><strong>Quedan pocas entradas de la Preventa 2 .&nbsp;<\/strong><\/p>\n\n\n\n<p><strong><br>Entradas a la venta en&nbsp;<a href=\"https:\/\/www.venti.com.ar\/\" target=\"_blank\" rel=\"noreferrer noopener\">www.venti.com.ar<\/a>&nbsp;&nbsp;<\/strong><\/p>\n\n\n\n<p><strong>Con Tarjeta Naranja X 15% de descuento \u00f3 6 cuotas sin inter\u00e9s.<\/strong><\/p>\n\n\n<div class=\"wp-block-image\">\n<figure class=\"aligncenter size-large\"><img loading=\"lazy\" decoding=\"async\" width=\"819\" height=\"1024\" src=\"https:\/\/entrenotasyacordes.com\/wp-content\/uploads\/2026\/01\/img_6011-819x1024.jpg\" class=\"wp-image-19490\" srcset=\"https:\/\/entrenotasyacordes.com\/wp-content\/uploads\/2026\/01\/img_6011-819x1024.jpg 819w, https:\/\/entrenotasyacordes.com\/wp-content\/uploads\/2026\/01\/img_6011-240x300.jpg 240w, https:\/\/entrenotasyacordes.com\/wp-content\/uploads\/2026\/01\/img_6011-768x960.jpg 768w, https:\/\/entrenotasyacordes.com\/wp-content\/uploads\/2026\/01\/img_6011-1024x1280.jpg 1024w, https:\/\/entrenotasyacordes.com\/wp-content\/uploads\/2026\/01\/img_6011.jpg 1080w\" sizes=\"auto, (max-width: 819px) 100vw, 819px\" \/><\/figure>\n<\/div>\n\n\n<p>Buena Vibra ya es un cl\u00e1sico del verano en Buenos Aires: el festival regresa el 21 de febrero con una nueva edici\u00f3n en la que reunir\u00e1 lo mejor de la m\u00fasica en Ciudad Universitaria.&nbsp;<\/p>\n\n\n\n<p>En una \u00fanica jornada se presentar\u00e1n&nbsp;<strong>El Kuelgue, Wos, Conociendo Rusia, Marilina Bertoldi, Usted Se\u00f1alemelo, Emmanuel Horvilleur<\/strong>,<strong>&nbsp;Gauchito Club<\/strong>,<strong>Silvestre y La Naranja<\/strong>,&nbsp;<strong>Camionero<\/strong>,&nbsp;<strong>Militantes del Climax<\/strong>,<strong>&nbsp;An Espil 442<\/strong>,<strong>&nbsp;Bestia Beb\u00e9<\/strong>,&nbsp;<strong>Vinocio<\/strong>,&nbsp;<strong>La Valenti.&nbsp;<\/strong><\/p>\n\n\n\n<p>Las entradas ya se pueden conseguir a trav\u00e9s de Venti: con Tarjeta Naranja X se puede acceder a un 15% de descuento \u00f3 6 cuotas sin inter\u00e9s.&nbsp;<\/p>\n\n\n\n<p>En Buena Vibra lo emergente y lo consagrado se cruzan sin prejuicios en un evento que trasciende la m\u00fasica. Su line-up 2026 confirma su compromiso con la escena local alternativa, potenciando a artistas en ascenso y reafirmando a los grandes.<\/p>\n\n\n<div class=\"wp-block-image\">\n<figure class=\"aligncenter size-large\"><img loading=\"lazy\" decoding=\"async\" width=\"1024\" height=\"763\" src=\"https:\/\/entrenotasyacordes.com\/wp-content\/uploads\/2026\/01\/img_6012-1024x763.png\" class=\"wp-image-19491\" srcset=\"https:\/\/entrenotasyacordes.com\/wp-content\/uploads\/2026\/01\/img_6012-1024x763.png 1024w, https:\/\/entrenotasyacordes.com\/wp-content\/uploads\/2026\/01\/img_6012-300x224.png 300w, https:\/\/entrenotasyacordes.com\/wp-content\/uploads\/2026\/01\/img_6012-768x572.png 768w, https:\/\/entrenotasyacordes.com\/wp-content\/uploads\/2026\/01\/img_6012-1536x1144.png 1536w, https:\/\/entrenotasyacordes.com\/wp-content\/uploads\/2026\/01\/img_6012.png 2000w\" sizes=\"auto, (max-width: 1024px) 100vw, 1024px\" \/><\/figure>\n<\/div>","protected":false},"excerpt":{"rendered":"<p>El 21 de febrero, la nueva edici\u00f3n del Buena Vibra se llevar\u00e1 adelante en Ciudad<\/p>\n","protected":false},"author":5,"featured_media":19490,"comment_status":"closed","ping_status":"","sticky":false,"template":"","format":"standard","meta":{"om_disable_all_campaigns":false,"_uf_show_specific_survey":0,"_uf_disable_surveys":false,"footnotes":""},"categories":[36,34],"tags":[],"class_list":["post-19492","post","type-post","status-publish","format-standard","has-post-thumbnail","hentry","category-conciertos","category-ultimas-noticias"],"_links":{"self":[{"href":"https:\/\/entrenotasyacordes.com\/index.php?rest_route=\/wp\/v2\/posts\/19492","targetHints":{"allow":["GET"]}}],"collection":[{"href":"https:\/\/entrenotasyacordes.com\/index.php?rest_route=\/wp\/v2\/posts"}],"about":[{"href":"https:\/\/entrenotasyacordes.com\/index.php?rest_route=\/wp\/v2\/types\/post"}],"author":[{"embeddable":true,"href":"https:\/\/entrenotasyacordes.com\/index.php?rest_route=\/wp\/v2\/users\/5"}],"replies":[{"embeddable":true,"href":"https:\/\/entrenotasyacordes.com\/index.php?rest_route=%2Fwp%2Fv2%2Fcomments&post=19492"}],"version-history":[{"count":1,"href":"https:\/\/entrenotasyacordes.com\/index.php?rest_route=\/wp\/v2\/posts\/19492\/revisions"}],"predecessor-version":[{"id":19493,"href":"https:\/\/entrenotasyacordes.com\/index.php?rest_route=\/wp\/v2\/posts\/19492\/revisions\/19493"}],"wp:featuredmedia":[{"embeddable":true,"href":"https:\/\/entrenotasyacordes.com\/index.php?rest_route=\/wp\/v2\/media\/19490"}],"wp:attachment":[{"href":"https:\/\/entrenotasyacordes.com\/index.php?rest_route=%2Fwp%2Fv2%2Fmedia&parent=19492"}],"wp:term":[{"taxonomy":"category","embeddable":true,"href":"https:\/\/entrenotasyacordes.com\/index.php?rest_route=%2Fwp%2Fv2%2Fcategories&post=19492"},{"taxonomy":"post_tag","embeddable":true,"href":"https:\/\/entrenotasyacordes.com\/index.php?rest_route=%2Fwp%2Fv2%2Ftags&post=19492"}],"curies":[{"name":"wp","href":"https:\/\/api.w.org\/{rel}","templated":true}]}}