{"id":19500,"date":"2026-01-16T16:26:50","date_gmt":"2026-01-16T16:26:50","guid":{"rendered":"https:\/\/entrenotasyacordes.com\/?p=19500"},"modified":"2026-01-16T16:26:50","modified_gmt":"2026-01-16T16:26:50","slug":"la-fiesta-nacional-de-la-confluencia-anuncia-su-grilla-dia-por-dia","status":"publish","type":"post","link":"https:\/\/entrenotasyacordes.com\/?p=19500","title":{"rendered":"LA FIESTA NACIONAL DE LA CONFLUENCIA&nbsp;ANUNCIA SU GRILLA D\u00cdA POR D\u00cdA"},"content":{"rendered":"\n<p class=\"has-text-align-center\"><strong>Del 5 al 8 de febrero de 2026&nbsp;Isla 132 &#8211; Neuqu\u00e9n&nbsp;<\/strong><\/p>\n\n\n\n<p class=\"has-text-align-center MsoNormal\">&nbsp;<strong>Tickets individuales para cada d\u00eda&nbsp;YA DISPONIBLES EN&nbsp;<a href=\"https:\/\/entradauno.com\/landing\/14412-abono---fiesta-nacional-de-la-confluencia?idEspectaculoCartel=14412&#038;cHashValidacion=dea9a7ba97137ef81315ac28caf86e4c9464833c\">ENTRADAUNO.COM<\/a><\/strong><\/p>\n\n\n\n<p class=\"has-text-align-center MsoNormal\">&nbsp;<strong>6 cuotas sin inter\u00e9s con tarjeta de Cr\u00e9dito Confiable y 3 cuotas sin interes con Visa y Mastercard de BPN<\/strong><\/p>\n\n\n\n<p class=\"MsoNormal\">&nbsp;<\/p>\n\n\n<div class=\"wp-block-image\">\n<figure class=\"aligncenter size-large\"><img loading=\"lazy\" decoding=\"async\" width=\"300\" height=\"169\" src=\"https:\/\/entrenotasyacordes.com\/wp-content\/uploads\/2026\/01\/img_6019-300x169.jpg\" class=\"wp-image-19498\" srcset=\"https:\/\/entrenotasyacordes.com\/wp-content\/uploads\/2026\/01\/img_6019-300x169.jpg 300w, https:\/\/entrenotasyacordes.com\/wp-content\/uploads\/2026\/01\/img_6019.jpg 720w\" sizes=\"auto, (max-width: 300px) 100vw, 300px\" \/><\/figure>\n<\/div>\n\n\n<p>La&nbsp;<strong>Fiesta Nacional de la Confluencia<\/strong>&nbsp;anuncia el line up oficial d\u00eda por d\u00eda de su 13\u00aa edici\u00f3n, el evento cultural m\u00e1s convocante del pa\u00eds, que se realizar\u00e1&nbsp;<strong>del 5 al 8 de febrero de 2026&nbsp;<\/strong>en el tradicional predio a orillas del r\u00edo Limay.<\/p>\n\n\n\n<p>La programaci\u00f3n se desarrollar\u00e1 a lo largo de cuatro jornadas con propuestas musicales diversas y transversales. El&nbsp;<strong>jueves 5 de febrero<\/strong>&nbsp;contar\u00e1 con una grilla que combina referentes de la m\u00fasica popular y tropical, como&nbsp;<strong>Karina y Luciano Pereyra<\/strong>; y los referentes de la identidad Neuquina&nbsp;<strong>Los Berbel<\/strong>, el&nbsp;<strong>viernes 6 de febrero&nbsp;<\/strong>estar\u00e1 marcado por el pop y los grandes fen\u00f3menos urbanos como<strong>&nbsp;Luck Ra, Angela Torres y FMK<\/strong>;&nbsp;<strong>el s\u00e1bado 7 de febrero&nbsp;<\/strong>reunir\u00e1 a grandes nombres del rock nacional e internacional, como&nbsp;<strong>No Te Va Gustar, La Beriso, Bersuit , Kapanga<\/strong>&nbsp;y el grupo originario de Neuqu\u00e9n&nbsp;<strong>Comodines<\/strong>,&nbsp;mientras que el&nbsp;<strong>domingo 8 de febrero<\/strong>&nbsp;el festival culminar\u00e1 con una propuesta de marcada impronta urbana y contempor\u00e1nea, encabezada por&nbsp;<strong>Trueno<\/strong>, uno de los referentes m\u00e1s influyentes de la m\u00fasica argentina actual. Su presencia representa no s\u00f3lo la consolidaci\u00f3n de una trayectoria en ascenso, sino tambi\u00e9n la fuerza de una generaci\u00f3n que transform\u00f3 el lenguaje urbano en un fen\u00f3meno cultural de alcance internacional. Acompa\u00f1ar\u00e1 esta jornada&nbsp;<strong>Dillom<\/strong>, aportando su est\u00e9tica singular y su mirada innovadora sobre la escena.&nbsp;<\/p>\n\n\n\n<p>En cada jornada se sumar\u00e1n adem\u00e1s los proyectos seleccionados a trav\u00e9s de Pre Confluencia, fortaleciendo la participaci\u00f3n de artistas emergentes locales.<\/p>\n\n\n\n<p>Las entradas est\u00e1n disponibles a trav\u00e9s de&nbsp;<strong>Entrada Uno<\/strong>&nbsp;y, entre las opciones, el festival habilita a partir de este anuncio la&nbsp;<strong>venta de entradas por d\u00eda<\/strong>, ofreciendo al p\u00fablico la&nbsp;<strong>posibilidad de elegir una o m\u00e1s fechas espec\u00edficas&nbsp;<\/strong>para disfrutar de la Confluencia, adem\u00e1s de las opciones que ya estan a la venta que son el Pase Confluencia para acceder a la experiencia completa&nbsp;<strong>durante los cuatro d\u00edas<\/strong>&nbsp;y el pack Familiar\/Amigos.<\/p>\n\n\n\n<p>Con la compra de los tickets se da acceso a la alternativa m\u00e1s completa para disfrutar del festival. Ofreciendo una&nbsp;<strong>experiencia integral c<\/strong>on acceso&nbsp;<strong>al campo delantero, sorteos por accesos a Meet &amp; Geet, ingreso diferenciado, prioritario<\/strong>&nbsp;y sector de&nbsp;<strong>ba\u00f1os exclusivos<\/strong>.&nbsp;<\/p>\n\n\n\n<p>A ello se suman beneficios especiales como un espacio exclusivo de&nbsp;<strong>food trucks<\/strong>&nbsp;y un&nbsp;<strong>photo opportunity<\/strong>&nbsp;dise\u00f1ado especialmente para quienes compren los tickets, entre otras ventajas que lo convierten en una manera \u00fanica de vivir la Confluencia.<\/p>\n\n\n\n<p><strong>Pod\u00e9s comprar los tickets en 6 cuotas sin inter\u00e9s con tarjeta de Cr\u00e9dito Confiable y 3 cuotas sin interes con Visa y Mastercard de BPN<\/strong><\/p>\n\n\n\n<p>En esta edici\u00f3n, la Fiesta Nacional de la Confluencia vuelve a ofrecer una propuesta art\u00edstica diversa y transversal, pensada para p\u00fablicos de todas las edades y gustos musicales. A ello se suma una amplia oferta gastron\u00f3mica y la presencia de stands de emprendimientos locales, que invitan a vivir una experiencia integral en un entorno natural \u00fanico, combinando m\u00fasica, cultura y paisaje.<\/p>\n\n\n\n<p>Con esta nueva edici\u00f3n, la&nbsp;<strong>Fiesta Nacional de la Confluencia<\/strong>&nbsp;reafirma su crecimiento, su car\u00e1cter federal y su lugar como uno de los festivales m\u00e1s importantes del pa\u00eds. La ciudad&nbsp;de Neuqu\u00e9n vuelve a posicionarse como un epicentro cultural del verano, ofreciendo una propuesta art\u00edstica de primer nivel que cada a\u00f1o convoca a miles de personas.<\/p>\n\n\n\n<p class=\"has-text-align-center\"><strong><em>M\u00c1S QUE UN TICKET, UNA EXPERIENCIA<\/em><\/strong><\/p>\n\n\n\n<p><strong><em>PASE DIARIO<\/em><\/strong><\/p>\n\n\n\n<p>\u2713&nbsp;Entrada individual por dia.<\/p>\n\n\n\n<p>\u2713&nbsp;Campo delantero<\/p>\n\n\n\n<p>\u2713&nbsp;Ingreso diferenciado y prioritario<\/p>\n\n\n\n<p>\u2713&nbsp;Sector de ba\u00f1os exclusivos<\/p>\n\n\n\n<p>\u2713&nbsp;Sector de food trucks especial<\/p>\n\n\n\n<p>\u2713&nbsp;Photo opportunity exclusivo<\/p>\n\n\n\n<p>\u00a1Y mucho m\u00e1s!<\/p>\n\n\n\n<p class=\"MsoNormal\"><strong><em>PASE CONFLUENCIA<\/em><\/strong><strong><em><\/em><\/strong><\/p>\n\n\n\n<p>\u2713&nbsp;Entrada individual para los 4 d\u00edas de la Fiesta de la Confluencia 2026.<\/p>\n\n\n\n<p>\u2713&nbsp;Campo delantero<\/p>\n\n\n\n<p>\u2713&nbsp;Ingreso diferenciado y prioritario<\/p>\n\n\n\n<p>\u2713&nbsp;Sorteos por accesos a Meet &amp; Geet<\/p>\n\n\n\n<p>\u2713&nbsp;Sector de ba\u00f1os exclusivos<\/p>\n\n\n\n<p>\u2713&nbsp;Sector de food trucks especial<\/p>\n\n\n\n<p>\u2713&nbsp;Photo opportunity exclusivo<\/p>\n\n\n\n<p>\u00a1Y mucho m\u00e1s!<\/p>\n\n\n\n<p class=\"MsoNormal\"><strong><em>PACK FAMILIAR \/ AMIGOS<\/em><\/strong><\/p>\n\n\n\n<p>\u2713&nbsp;Incluye 4 Pases Confluencia al precio de 3.<\/p>\n\n\n\n<p>\u2713&nbsp;Cada pase es v\u00e1lido para los 4 d\u00edas de la Fiesta de la Confluencia 2026.<\/p>\n\n\n\n<p class=\"MsoNormal\">&nbsp;<\/p>\n\n\n<div class=\"wp-block-image\">\n<figure class=\"aligncenter size-large\"><img loading=\"lazy\" decoding=\"async\" width=\"768\" height=\"1024\" src=\"https:\/\/entrenotasyacordes.com\/wp-content\/uploads\/2026\/01\/img_6020-768x1024.jpg\" class=\"wp-image-19499\" srcset=\"https:\/\/entrenotasyacordes.com\/wp-content\/uploads\/2026\/01\/img_6020-768x1024.jpg 768w, https:\/\/entrenotasyacordes.com\/wp-content\/uploads\/2026\/01\/img_6020-225x300.jpg 225w, https:\/\/entrenotasyacordes.com\/wp-content\/uploads\/2026\/01\/img_6020-1024x1365.jpg 1024w, https:\/\/entrenotasyacordes.com\/wp-content\/uploads\/2026\/01\/img_6020.jpg 1080w\" sizes=\"auto, (max-width: 768px) 100vw, 768px\" \/><\/figure>\n<\/div>\n\n\n<p>Con producci\u00f3n de Fenix Entertainment, la \u00faltima edici\u00f3n del festival reuni\u00f3 a m\u00e1s de 1.400.000 personas, que se hicieron presentes para disfrutar de este encuentro \u00fanico, en febrero de 2025.<\/p>\n\n\n\n<p class=\"MsoNormal\">&nbsp;Esta nueva edici\u00f3n celebrar\u00e1 los 13 a\u00f1os de la Fiesta Nacional de la Confluencia, consolid\u00e1ndose como el evento m\u00e1s esperado de la regi\u00f3n y reafirmando su posici\u00f3n como un cl\u00e1sico imperdible del calendario nacional.<\/p>\n\n\n\n<p class=\"MsoNormal\">El festival m\u00e1s convocante del pa\u00eds comenz\u00f3 t\u00edmidamente en el a\u00f1o 2013 con la participaci\u00f3n de 200 mil personas en tres d\u00edas, pero con el correr de los a\u00f1os se fue consolidando en una gran fiesta nacional y un cl\u00e1sico de la temporada.<\/p>\n\n\n\n<p class=\"MsoNormal\">&nbsp;Desde las primeras ediciones hasta hoy, los cambios fueron muchos&nbsp; y a la fecha el&nbsp; evento no solo cuenta con un gran escenario donde artistas nacionales e internacionales se lucen ante millones de personas, sino que las propuestas musicales y culturales se multiplicaron, abriendo m\u00e1s escenarios con m\u00fasica alternativa y regional.<\/p>\n\n\n\n<p class=\"MsoNormal\">&nbsp;Adem\u00e1s se podr\u00e1 disfrutar de espacios de comercializaci\u00f3n con m\u00e1s de 200 emprendedores, un gran patio de comidas, juegos recreativos para los m\u00e1s chicos, e infinidad de propuestas gratuitas para toda la familia.&nbsp;<\/p>\n\n\n\n<p class=\"MsoNormal\">&nbsp;El entorno m\u00e1gico de la Patagonia ser\u00e1 nuevamente el escenario ideal para vivir cuatro d\u00edas de m\u00fasica, arte y tradici\u00f3n, con actividades para toda la familia. Adem\u00e1s, contar\u00e1 con una variada propuesta gastron\u00f3mica y stands de emprendimientos locales, donde los asistentes podr\u00e1n disfrutar y conectarse con la cultura regional mientras exploran los paisajes \u00fanicos del sur argentino.<\/p>\n","protected":false},"excerpt":{"rendered":"<p>Del 5 al 8 de febrero de 2026&nbsp;Isla 132 &#8211; Neuqu\u00e9n&nbsp; &nbsp;Tickets individuales para cada<\/p>\n","protected":false},"author":5,"featured_media":19499,"comment_status":"closed","ping_status":"","sticky":false,"template":"","format":"standard","meta":{"om_disable_all_campaigns":false,"_uf_show_specific_survey":0,"_uf_disable_surveys":false,"footnotes":""},"categories":[36],"tags":[],"class_list":["post-19500","post","type-post","status-publish","format-standard","has-post-thumbnail","hentry","category-conciertos"],"_links":{"self":[{"href":"https:\/\/entrenotasyacordes.com\/index.php?rest_route=\/wp\/v2\/posts\/19500","targetHints":{"allow":["GET"]}}],"collection":[{"href":"https:\/\/entrenotasyacordes.com\/index.php?rest_route=\/wp\/v2\/posts"}],"about":[{"href":"https:\/\/entrenotasyacordes.com\/index.php?rest_route=\/wp\/v2\/types\/post"}],"author":[{"embeddable":true,"href":"https:\/\/entrenotasyacordes.com\/index.php?rest_route=\/wp\/v2\/users\/5"}],"replies":[{"embeddable":true,"href":"https:\/\/entrenotasyacordes.com\/index.php?rest_route=%2Fwp%2Fv2%2Fcomments&post=19500"}],"version-history":[{"count":1,"href":"https:\/\/entrenotasyacordes.com\/index.php?rest_route=\/wp\/v2\/posts\/19500\/revisions"}],"predecessor-version":[{"id":19501,"href":"https:\/\/entrenotasyacordes.com\/index.php?rest_route=\/wp\/v2\/posts\/19500\/revisions\/19501"}],"wp:featuredmedia":[{"embeddable":true,"href":"https:\/\/entrenotasyacordes.com\/index.php?rest_route=\/wp\/v2\/media\/19499"}],"wp:attachment":[{"href":"https:\/\/entrenotasyacordes.com\/index.php?rest_route=%2Fwp%2Fv2%2Fmedia&parent=19500"}],"wp:term":[{"taxonomy":"category","embeddable":true,"href":"https:\/\/entrenotasyacordes.com\/index.php?rest_route=%2Fwp%2Fv2%2Fcategories&post=19500"},{"taxonomy":"post_tag","embeddable":true,"href":"https:\/\/entrenotasyacordes.com\/index.php?rest_route=%2Fwp%2Fv2%2Ftags&post=19500"}],"curies":[{"name":"wp","href":"https:\/\/api.w.org\/{rel}","templated":true}]}}