{"id":19505,"date":"2026-01-16T16:31:31","date_gmt":"2026-01-16T16:31:31","guid":{"rendered":"https:\/\/entrenotasyacordes.com\/?p=19505"},"modified":"2026-01-16T16:31:31","modified_gmt":"2026-01-16T16:31:31","slug":"don-osvaldo-en-el-hipodromo-de-la-plata","status":"publish","type":"post","link":"https:\/\/entrenotasyacordes.com\/?p=19505","title":{"rendered":"DON OSVALDO&nbsp;EN EL HIP\u00d3DROMO DE LA PLATA!!!!&nbsp;"},"content":{"rendered":"\n<p class=\"has-text-align-center\">S\u00c1BADO 28 DE FEBRERO &#8211; 21HS<\/p>\n\n\n<div class=\"wp-block-image\">\n<figure class=\"aligncenter size-large\"><img loading=\"lazy\" decoding=\"async\" width=\"819\" height=\"1024\" src=\"https:\/\/entrenotasyacordes.com\/wp-content\/uploads\/2026\/01\/img_6021-819x1024.jpg\" class=\"wp-image-19502\" srcset=\"https:\/\/entrenotasyacordes.com\/wp-content\/uploads\/2026\/01\/img_6021-819x1024.jpg 819w, https:\/\/entrenotasyacordes.com\/wp-content\/uploads\/2026\/01\/img_6021-240x300.jpg 240w, https:\/\/entrenotasyacordes.com\/wp-content\/uploads\/2026\/01\/img_6021-768x960.jpg 768w, https:\/\/entrenotasyacordes.com\/wp-content\/uploads\/2026\/01\/img_6021-1024x1280.jpg 1024w, https:\/\/entrenotasyacordes.com\/wp-content\/uploads\/2026\/01\/img_6021.jpg 1080w\" sizes=\"auto, (max-width: 819px) 100vw, 819px\" \/><\/figure>\n<\/div>\n\n\n<p>Luego de un 2025 cargado de shows, Don Osvaldo, da inicio al 2026 el s\u00e1bado 31 de Enero en Mar del Plata y el d\u00eda de hoy anuncian un nuevo show&nbsp; previsto para el<strong>&nbsp;S\u00c1BADO 28 DE FEBRERO<\/strong>&nbsp;en el&nbsp;<strong>HIP\u00d3DROMO DE LA&nbsp;<\/strong><strong>PLATA.<\/strong><\/p>\n\n\n\n<p><strong>Entradas a la venta por sistema&nbsp;<a href=\"https:\/\/www.edenentradas.ar\/?utm_source=perfit&#038;utm_medium=email\" target=\"_blank\" rel=\"noreferrer noopener\">EdenEntradas<\/a>&nbsp;a partir del martes 13 de enero<\/strong><\/p>\n\n\n<div class=\"wp-block-image\">\n<figure class=\"aligncenter size-large\"><img loading=\"lazy\" decoding=\"async\" width=\"1024\" height=\"682\" src=\"https:\/\/entrenotasyacordes.com\/wp-content\/uploads\/2026\/01\/img_6022-1024x682.jpg\" class=\"wp-image-19503\" srcset=\"https:\/\/entrenotasyacordes.com\/wp-content\/uploads\/2026\/01\/img_6022-1024x682.jpg 1024w, https:\/\/entrenotasyacordes.com\/wp-content\/uploads\/2026\/01\/img_6022-300x200.jpg 300w, https:\/\/entrenotasyacordes.com\/wp-content\/uploads\/2026\/01\/img_6022-768x512.jpg 768w, https:\/\/entrenotasyacordes.com\/wp-content\/uploads\/2026\/01\/img_6022-1536x1024.jpg 1536w, https:\/\/entrenotasyacordes.com\/wp-content\/uploads\/2026\/01\/img_6022.jpg 2000w\" sizes=\"auto, (max-width: 1024px) 100vw, 1024px\" \/><\/figure>\n<\/div>\n\n\n<p>Don Osvaldo se encuentra realizando una gran gira que tiene como objetivo la presentaci\u00f3n de su m\u00e1s reciente material en formato DVD, titulado Zona Liberada, donde se muestran grandes momentos de la&nbsp;carrera de la banda&nbsp;en diferentes escenarios de nuestro pa\u00eds.&nbsp;<\/p>\n\n\n\n<p>Entre sus presentaciones en este a\u00f1o se destacan los 4 estadios en el Club Atl\u00e9tico All Boys de la Ciudad de Buenos Aires; 2 en el mes de marzo y otras 2 en septiembre, &nbsp;ante un total de 80.000 espectadores, adem\u00e1s de presentarse por primera vez &nbsp;en las ciudades de Catamarca, Formosa y Ushuaia; mientras que en el exterior realizaron su visita anual a Uruguay, su tercer paso por Espa\u00f1a y su regreso a Paraguay.<\/p>\n\n\n<div class=\"wp-block-image\">\n<figure class=\"aligncenter size-large\"><img loading=\"lazy\" decoding=\"async\" width=\"1024\" height=\"682\" src=\"https:\/\/entrenotasyacordes.com\/wp-content\/uploads\/2026\/01\/img_6023-1024x682.jpg\" class=\"wp-image-19504\" srcset=\"https:\/\/entrenotasyacordes.com\/wp-content\/uploads\/2026\/01\/img_6023-1024x682.jpg 1024w, https:\/\/entrenotasyacordes.com\/wp-content\/uploads\/2026\/01\/img_6023-300x200.jpg 300w, https:\/\/entrenotasyacordes.com\/wp-content\/uploads\/2026\/01\/img_6023-768x512.jpg 768w, https:\/\/entrenotasyacordes.com\/wp-content\/uploads\/2026\/01\/img_6023-1536x1024.jpg 1536w, https:\/\/entrenotasyacordes.com\/wp-content\/uploads\/2026\/01\/img_6023.jpg 2000w\" sizes=\"auto, (max-width: 1024px) 100vw, 1024px\" \/><\/figure>\n<\/div>\n\n\n<p>Don Osvaldo es la continuaci\u00f3n de la historia art\u00edstica de Patricio Santos Fontanet, l\u00edder de Callejeros hasta 2010, momento en el cual el proyecto reencarn\u00f3 en Casi Justicia Social, para terminar de consolidarse como Don Osvaldo, desde septiembre de 2014.<\/p>\n\n\n\n<p>Cuenta con tres discos de estudio: 2015 &#8211; Casi Justicia Social \/ 2019 &#8211; Casi Justicia Social II \/ 2022 &#8211; Flor de Ceibo, tambi\u00e9n editado en formato Vinilo.<\/p>\n\n\n\n<p><strong>Don Osvaldo son:<\/strong><br>\u00c1lvaro Puentes: Guitarras y coros<br>Christian Torrej\u00f3n: Bajo<br>Gabriel Ger\u00e9z: Piano y teclados<br>Juan Falcone: Percusi\u00f3n<br>Leopoldo Janin: Saxos<br>Luis Lamas: Bater\u00eda y percusi\u00f3n&nbsp;<br>Patricio Santos Fontanet: Voz y coros&nbsp;<\/p>\n","protected":false},"excerpt":{"rendered":"<p>S\u00c1BADO 28 DE FEBRERO &#8211; 21HS Luego de un 2025 cargado de shows, Don Osvaldo,<\/p>\n","protected":false},"author":5,"featured_media":19502,"comment_status":"closed","ping_status":"","sticky":false,"template":"","format":"standard","meta":{"om_disable_all_campaigns":false,"_uf_show_specific_survey":0,"_uf_disable_surveys":false,"footnotes":""},"categories":[36],"tags":[],"class_list":["post-19505","post","type-post","status-publish","format-standard","has-post-thumbnail","hentry","category-conciertos"],"_links":{"self":[{"href":"https:\/\/entrenotasyacordes.com\/index.php?rest_route=\/wp\/v2\/posts\/19505","targetHints":{"allow":["GET"]}}],"collection":[{"href":"https:\/\/entrenotasyacordes.com\/index.php?rest_route=\/wp\/v2\/posts"}],"about":[{"href":"https:\/\/entrenotasyacordes.com\/index.php?rest_route=\/wp\/v2\/types\/post"}],"author":[{"embeddable":true,"href":"https:\/\/entrenotasyacordes.com\/index.php?rest_route=\/wp\/v2\/users\/5"}],"replies":[{"embeddable":true,"href":"https:\/\/entrenotasyacordes.com\/index.php?rest_route=%2Fwp%2Fv2%2Fcomments&post=19505"}],"version-history":[{"count":1,"href":"https:\/\/entrenotasyacordes.com\/index.php?rest_route=\/wp\/v2\/posts\/19505\/revisions"}],"predecessor-version":[{"id":19506,"href":"https:\/\/entrenotasyacordes.com\/index.php?rest_route=\/wp\/v2\/posts\/19505\/revisions\/19506"}],"wp:featuredmedia":[{"embeddable":true,"href":"https:\/\/entrenotasyacordes.com\/index.php?rest_route=\/wp\/v2\/media\/19502"}],"wp:attachment":[{"href":"https:\/\/entrenotasyacordes.com\/index.php?rest_route=%2Fwp%2Fv2%2Fmedia&parent=19505"}],"wp:term":[{"taxonomy":"category","embeddable":true,"href":"https:\/\/entrenotasyacordes.com\/index.php?rest_route=%2Fwp%2Fv2%2Fcategories&post=19505"},{"taxonomy":"post_tag","embeddable":true,"href":"https:\/\/entrenotasyacordes.com\/index.php?rest_route=%2Fwp%2Fv2%2Ftags&post=19505"}],"curies":[{"name":"wp","href":"https:\/\/api.w.org\/{rel}","templated":true}]}}