{"id":19512,"date":"2026-01-16T16:42:06","date_gmt":"2026-01-16T16:42:06","guid":{"rendered":"https:\/\/entrenotasyacordes.com\/?p=19512"},"modified":"2026-01-16T16:42:06","modified_gmt":"2026-01-16T16:42:06","slug":"marcela-morelo-junto-a-luciano-pereyra-unen-sus-voces-en-una-version-epica-de-una-y-otra-vez","status":"publish","type":"post","link":"https:\/\/entrenotasyacordes.com\/?p=19512","title":{"rendered":"MARCELA MORELO JUNTO A LUCIANO PEREYRA UNEN SUS VOCES EN UNA VERSI\u00d3N \u00c9PICA DE \u201cUNA Y OTRA VEZ\u201d"},"content":{"rendered":"\n<p><\/p>\n\n\n<div class=\"wp-block-image\">\n<figure class=\"aligncenter size-large\"><img loading=\"lazy\" decoding=\"async\" width=\"1024\" height=\"1024\" src=\"https:\/\/entrenotasyacordes.com\/wp-content\/uploads\/2026\/01\/img_6027-1024x1024.jpg\" class=\"wp-image-19510\" srcset=\"https:\/\/entrenotasyacordes.com\/wp-content\/uploads\/2026\/01\/img_6027-1024x1024.jpg 1024w, https:\/\/entrenotasyacordes.com\/wp-content\/uploads\/2026\/01\/img_6027-300x300.jpg 300w, https:\/\/entrenotasyacordes.com\/wp-content\/uploads\/2026\/01\/img_6027-150x150.jpg 150w, https:\/\/entrenotasyacordes.com\/wp-content\/uploads\/2026\/01\/img_6027-768x768.jpg 768w, https:\/\/entrenotasyacordes.com\/wp-content\/uploads\/2026\/01\/img_6027-50x50.jpg 50w, https:\/\/entrenotasyacordes.com\/wp-content\/uploads\/2026\/01\/img_6027.jpg 1200w\" sizes=\"auto, (max-width: 1024px) 100vw, 1024px\" \/><\/figure>\n<\/div>\n\n\n<p>Hay nombres que ya son parte de la identidad musical de un pa\u00eds. Tras el arrollador \u00e9xito de \u00abNo Me Lastimes\u00bb (junto a Soledad y La Delio Valdez) \u2014que actualmente domina el Top 50 de radios y las principales playlists de verano\u2014, LA MORELO contin\u00faa celebrando su legado. Esta vez, lo hace junto a otra figura indiscutible de la m\u00fasica popular: Luciano Pereyra, para dar nueva vida al supercl\u00e1sico \u00abUna y otra vez\u00bb.<\/p>\n\n\n\n<p>Originalmente lanzada en 2001, \u00abUna y otra vez\u00bb se convirti\u00f3 r\u00e1pidamente en un himno. Hoy, 25 a\u00f1os despu\u00e9s, esta reversi\u00f3n no es solo un ejercicio de nostalgia, sino una demostraci\u00f3n de vigencia. La qu\u00edmica entre Marcela y Luciano eleva la composici\u00f3n a una nueva dimensi\u00f3n, fusionando la frescura del pop actual con la calidez caracter\u00edstica de dos de las mejores voces de Argentina.<\/p>\n\n\n\n<p>El lanzamiento viene acompa\u00f1ado de un videoclip que es un gui\u00f1o directo a la cultura pop de los 90. Ambientado en un estudio de televisi\u00f3n vintage, cuenta con la participaci\u00f3n especial del conductor m\u00e1s ic\u00f3nico de la m\u00fasica en la pantalla chica: Juan Alberto Mateyko evocando a la era dorada de la TV.<\/p>\n\n\n\n<p>En este escenario, el carisma de Luciano Pereyra y la estampa de \u00edcono de LA MORELO se entrelazan en una est\u00e9tica que celebra el esp\u00edritu de una \u00e9poca donde las canciones se volv\u00edan eternas.<\/p>\n\n\n\n<p class=\"has-text-align-right\"><em>\u00abMarcela Morelo no es solo una cantante, es &#8216;La Voz&#8217;. Decir &#8216;LA MORELO&#8217; es el homenaje que solo se le otorga a los \u00edconos populares. Es un t\u00edtulo de respeto y cari\u00f1o que llevan quienes ya son parte de nuestra historia y que no necesitan introducci\u00f3n.\u00bb<\/em><\/p>\n\n\n\n<p class=\"has-text-align-right\"><em>Por su parte, Luciano Pereyra expres\u00f3 su admiraci\u00f3n hacia la artista, destacando la calidez de este encuentro: \u00abEs un orgullo participar en este proyecto tan especial. Marcela tiene, sin duda, una de las voces m\u00e1s dulces de nuestro pa\u00eds y trabajar con ella siempre es un placer de amigos\u00bb.<\/em><\/p>\n\n\n\n<p>Con m\u00e1s de 27 a\u00f1os de trayectoria, Marcela Morelo reafirma con este proyecto por qu\u00e9 trasciende modas y atraviesa generaciones. Este nuevo single se suma a su vasto cancionero acompa\u00f1ada por los artistas m\u00e1s grandes de la regi\u00f3n.<\/p>\n\n\n\n<p>Cuando dos grandes voces se encuentran una y otra vez\u2026 sin duda sale la mejor versi\u00f3n de un hit.<\/p>\n","protected":false},"excerpt":{"rendered":"<p>Hay nombres que ya son parte de la identidad musical de un pa\u00eds. Tras el<\/p>\n","protected":false},"author":5,"featured_media":19511,"comment_status":"closed","ping_status":"","sticky":false,"template":"","format":"standard","meta":{"om_disable_all_campaigns":false,"_uf_show_specific_survey":0,"_uf_disable_surveys":false,"footnotes":""},"categories":[4],"tags":[],"class_list":["post-19512","post","type-post","status-publish","format-standard","has-post-thumbnail","hentry","category-musica"],"_links":{"self":[{"href":"https:\/\/entrenotasyacordes.com\/index.php?rest_route=\/wp\/v2\/posts\/19512","targetHints":{"allow":["GET"]}}],"collection":[{"href":"https:\/\/entrenotasyacordes.com\/index.php?rest_route=\/wp\/v2\/posts"}],"about":[{"href":"https:\/\/entrenotasyacordes.com\/index.php?rest_route=\/wp\/v2\/types\/post"}],"author":[{"embeddable":true,"href":"https:\/\/entrenotasyacordes.com\/index.php?rest_route=\/wp\/v2\/users\/5"}],"replies":[{"embeddable":true,"href":"https:\/\/entrenotasyacordes.com\/index.php?rest_route=%2Fwp%2Fv2%2Fcomments&post=19512"}],"version-history":[{"count":1,"href":"https:\/\/entrenotasyacordes.com\/index.php?rest_route=\/wp\/v2\/posts\/19512\/revisions"}],"predecessor-version":[{"id":19513,"href":"https:\/\/entrenotasyacordes.com\/index.php?rest_route=\/wp\/v2\/posts\/19512\/revisions\/19513"}],"wp:featuredmedia":[{"embeddable":true,"href":"https:\/\/entrenotasyacordes.com\/index.php?rest_route=\/wp\/v2\/media\/19511"}],"wp:attachment":[{"href":"https:\/\/entrenotasyacordes.com\/index.php?rest_route=%2Fwp%2Fv2%2Fmedia&parent=19512"}],"wp:term":[{"taxonomy":"category","embeddable":true,"href":"https:\/\/entrenotasyacordes.com\/index.php?rest_route=%2Fwp%2Fv2%2Fcategories&post=19512"},{"taxonomy":"post_tag","embeddable":true,"href":"https:\/\/entrenotasyacordes.com\/index.php?rest_route=%2Fwp%2Fv2%2Ftags&post=19512"}],"curies":[{"name":"wp","href":"https:\/\/api.w.org\/{rel}","templated":true}]}}