{"id":19516,"date":"2026-01-16T16:46:35","date_gmt":"2026-01-16T16:46:35","guid":{"rendered":"https:\/\/entrenotasyacordes.com\/?p=19516"},"modified":"2026-01-16T16:46:35","modified_gmt":"2026-01-16T16:46:35","slug":"aap-rocky-lanza-su-nuevo-single-y-videoclip-helicopter","status":"publish","type":"post","link":"https:\/\/entrenotasyacordes.com\/?p=19516","title":{"rendered":"A$AP ROCKY&nbsp;lanza su nuevo single y videoclip \u201cHELICOPTER\u201d"},"content":{"rendered":"<div class=\"wp-block-image\">\n<figure class=\"aligncenter size-large\"><img loading=\"lazy\" decoding=\"async\" width=\"1024\" height=\"1024\" src=\"https:\/\/entrenotasyacordes.com\/wp-content\/uploads\/2026\/01\/helicopter-1024x1024.jpg\" class=\"wp-image-19514\" srcset=\"https:\/\/entrenotasyacordes.com\/wp-content\/uploads\/2026\/01\/helicopter-1024x1024.jpg 1024w, https:\/\/entrenotasyacordes.com\/wp-content\/uploads\/2026\/01\/helicopter-300x300.jpg 300w, https:\/\/entrenotasyacordes.com\/wp-content\/uploads\/2026\/01\/helicopter-150x150.jpg 150w, https:\/\/entrenotasyacordes.com\/wp-content\/uploads\/2026\/01\/helicopter-768x768.jpg 768w, https:\/\/entrenotasyacordes.com\/wp-content\/uploads\/2026\/01\/helicopter-1536x1536.jpg 1536w, https:\/\/entrenotasyacordes.com\/wp-content\/uploads\/2026\/01\/helicopter-50x50.jpg 50w, https:\/\/entrenotasyacordes.com\/wp-content\/uploads\/2026\/01\/helicopter.jpg 2000w\" sizes=\"auto, (max-width: 1024px) 100vw, 1024px\" \/><\/figure>\n<\/div>\n\n\n<p>Hoy, el artista multifac\u00e9tico, emprendedor, actor e icono de la moda A$AP Rocky lanza su \u00faltimo single, \u00abHELICOPTER$\u00bb \u2014 <a href=\"https:\/\/eur01.safelinks.protection.outlook.com\/?url=https%3A%2F%2Fasaprocky.lnk.to%2Fhelicopter&amp;data=05%7C02%7Cnatalie.rosiak%40sonymusic.com%7C775002e9408548f25ab208de51fc6f35%7Cf0aff3b791a54aaeaf71c63e1dda2049%7C0%7C0%7C639038341884614626%7CUnknown%7CTWFpbGZsb3d8eyJFbXB0eU1hcGkiOnRydWUsIlYiOiIwLjAuMDAwMCIsIlAiOiJXaW4zMiIsIkFOIjoiTWFpbCIsIldUIjoyfQ%3D%3D%7C0%7C%7C%7C&amp;sdata=8WQ5uS6%2FOhxDdUdOzSykPQQkiz5wgtyy530xV6AoeVg%3D&amp;reserved=0\">escucha AQU\u00cd<\/a>. Escrita por Rakim Mayers (A$AP Rocky) y Kelvin J. N. Magnusen (Kelvin Krash), la canci\u00f3n fue producida por A$AP Rocky, Kelvin Rash y Soufien Rhouat p\/k\/a Soufien 3000.&nbsp;<\/p>\n\n\n\n<p>\u00abHELICOPTER$\u00bb llega justo despu\u00e9s del reciente lanzamiento de Rocky, \u00abPunk Rocky\u00bb, que se estren\u00f3 la semana pasada \u2014 <a href=\"https:\/\/eur01.safelinks.protection.outlook.com\/?url=https%3A%2F%2Fasaprocky.lnk.to%2Fpunkrocky&amp;data=05%7C02%7Cnatalie.rosiak%40sonymusic.com%7C775002e9408548f25ab208de51fc6f35%7Cf0aff3b791a54aaeaf71c63e1dda2049%7C0%7C0%7C639038341884634131%7CUnknown%7CTWFpbGZsb3d8eyJFbXB0eU1hcGkiOnRydWUsIlYiOiIwLjAuMDAwMCIsIlAiOiJXaW4zMiIsIkFOIjoiTWFpbCIsIldUIjoyfQ%3D%3D%7C0%7C%7C%7C&amp;sdata=BB5%2B7WkFBcEk3liTBo1JX%2FNgGzUYFy33lYjDRGv2vg0%3D&amp;reserved=0\">escucha AQU\u00cd<\/a>. Ambas canciones aparecer\u00e1n en el esperado cuarto \u00e1lbum de estudio de Rocky, DON&#8217;T BE DUMB, que saldr\u00e1 el 16 de enero a trav\u00e9s de A$AP Worldwide\/RCA Records &#8211; pre-guardado\/reserva <a href=\"https:\/\/eur01.safelinks.protection.outlook.com\/?url=https%3A%2F%2Fasaprocky.lnk.to%2Fdontbedumb&amp;data=05%7C02%7Cnatalie.rosiak%40sonymusic.com%7C775002e9408548f25ab208de51fc6f35%7Cf0aff3b791a54aaeaf71c63e1dda2049%7C0%7C0%7C639038341884655358%7CUnknown%7CTWFpbGZsb3d8eyJFbXB0eU1hcGkiOnRydWUsIlYiOiIwLjAuMDAwMCIsIlAiOiJXaW4zMiIsIkFOIjoiTWFpbCIsIldUIjoyfQ%3D%3D%7C0%7C%7C%7C&amp;sdata=wCuQCorrfQVKh8qeaR3Cr3lQQFbfRlkqpb1osWjutdg%3D&amp;reserved=0\">AQU\u00cd<\/a>.&nbsp;<\/p>\n\n\n\n<p>En colaboraci\u00f3n con Moncler y en apoyo a la <a href=\"https:\/\/eur01.safelinks.protection.outlook.com\/?url=https%3A%2F%2Fwww.moncler.com%2Fen-us%2Fgenius%2Fcollections%2Fmoncler-x-asap-rocky&amp;data=05%7C02%7Cnatalie.rosiak%40sonymusic.com%7C775002e9408548f25ab208de51fc6f35%7Cf0aff3b791a54aaeaf71c63e1dda2049%7C0%7C0%7C639038341884677276%7CUnknown%7CTWFpbGZsb3d8eyJFbXB0eU1hcGkiOnRydWUsIlYiOiIwLjAuMDAwMCIsIlAiOiJXaW4zMiIsIkFOIjoiTWFpbCIsIldUIjoyfQ%3D%3D%7C0%7C%7C%7C&amp;sdata=qn2f6yJZbPOVYXo3HFEOyRNhjsEzBui8G%2FSs2R6c0mU%3D&amp;reserved=0\">colecci\u00f3n GENIUS de <\/a>Rocky, el v\u00eddeo que acompa\u00f1a a \u00abHELICOPTER$\u00bb, dirigido por Rocky y Dan Streit, incluye el ic\u00f3nico helic\u00f3ptero D.B.D. de Rocky que us\u00f3 durante su set de Lollapalooza 2025 y muestra a \u00e9l y a su equipo tomando el control de la ciudad \u2013 mira <a href=\"https:\/\/eur01.safelinks.protection.outlook.com\/?url=http%3A%2F%2Fyoutube.com%2Fwatch%3Fsrc%3DLinkfire%26lId%3D58d83637-231b-4351-b289-474bdbe16aa8%26cId%3Dd3d58fd7-4c47-11e6-9fd0-066c3e7a8751%26v%3Dg1-46Nu3HxQ%26feature%3Dyoutu.be&amp;data=05%7C02%7Cnatalie.rosiak%40sonymusic.com%7C775002e9408548f25ab208de51fc6f35%7Cf0aff3b791a54aaeaf71c63e1dda2049%7C0%7C0%7C639038341884697240%7CUnknown%7CTWFpbGZsb3d8eyJFbXB0eU1hcGkiOnRydWUsIlYiOiIwLjAuMDAwMCIsIlAiOiJXaW4zMiIsIkFOIjoiTWFpbCIsIldUIjoyfQ%3D%3D%7C0%7C%7C%7C&amp;sdata=clBfDafTcv%2BDH6S0DH5SbBuJnFN92jq8yqUejMeygfU%3D&amp;reserved=0\">AQU\u00cd<\/a>. Se desata el caos mientras Rocky lleva su helic\u00f3ptero de escena en escena, cobrando vida gracias a la \u00fanica representaci\u00f3n 3D del v\u00eddeo. El v\u00eddeo presenta hologramas 3D realistas, permitiendo que Rocky y su elenco de personajes sean capturados en un espacio 3D y luego transformados en objetos digitales.<\/p>\n\n\n\n<p>DON&#8217;T BE DUMB es el primer \u00e1lbum completo de Rocky en ocho a\u00f1os, y ya ha generado una demanda global sin precedentes, con m\u00e1s de 130.000 vinilos f\u00edsicos vendidos en colaboraci\u00f3n con <a href=\"https:\/\/eur01.safelinks.protection.outlook.com\/?url=https%3A%2F%2Fwww.biltrewards.com%2Frewards%2Fcollection%2Fbrand%2FHvIXLkrYRkeSBnucjKD26Q&amp;data=05%7C02%7Cnatalie.rosiak%40sonymusic.com%7C775002e9408548f25ab208de51fc6f35%7Cf0aff3b791a54aaeaf71c63e1dda2049%7C0%7C0%7C639038341884818872%7CUnknown%7CTWFpbGZsb3d8eyJFbXB0eU1hcGkiOnRydWUsIlYiOiIwLjAuMDAwMCIsIlAiOiJXaW4zMiIsIkFOIjoiTWFpbCIsIldUIjoyfQ%3D%3D%7C0%7C%7C%7C&amp;sdata=czgbRO3E1b%2F4bnbnWiBcHsqw0WuFN1yTZLBUX9Z58y4%3D&amp;reserved=0\">Bilt<\/a>, Quince y un socio adicional que se anunciar\u00e1n pr\u00f3ximamente.&nbsp;<\/p>\n\n\n\n<p>En colaboraci\u00f3n con el galardonado cineasta Tim Burton, la portada de DON&#8217;T BE DUMB muestra seis de las personalidades emblem\u00e1ticas de Rocky, dadas vida en el inconfundible estilo del visionario cineasta. Cada personaje del conjunto de seis miembros ofrece una ventana a momentos inolvidables a lo largo de la ilustre carrera de Rocky. La lista de alter egos incluye a GR1M, MR. MAYERS, RUGAHAND, BABUSHKA BOI, DUMMY y SHIRTHEAD, preparando el terreno para el universo narrativo en constante evoluci\u00f3n de \u00abDON&#8217;T BE DUMB.\u00bb<\/p>\n\n\n\n<p>Este \u00e1lbum llega tras un a\u00f1o enorme para Rocky, en el que fue copresidente del Met Gala 2025, fue anunciado como director creativo de Ray-Ban y fue nombrado nuevo embajador de la casa Chanel. Rocky tambi\u00e9n ofreci\u00f3 un set innovador tanto en Lollapalooza como en Camp Flog Gnaw de este a\u00f1o, adelantando lo que est\u00e1 por venir en DON&#8217;T BE DUMB.&nbsp;<\/p>\n\n\n<div class=\"wp-block-image\">\n<figure class=\"aligncenter size-large\"><img loading=\"lazy\" decoding=\"async\" width=\"300\" height=\"300\" src=\"https:\/\/entrenotasyacordes.com\/wp-content\/uploads\/2026\/01\/img_6029-300x300.jpg\" class=\"wp-image-19515\" srcset=\"https:\/\/entrenotasyacordes.com\/wp-content\/uploads\/2026\/01\/img_6029-300x300.jpg 300w, https:\/\/entrenotasyacordes.com\/wp-content\/uploads\/2026\/01\/img_6029-150x150.jpg 150w, https:\/\/entrenotasyacordes.com\/wp-content\/uploads\/2026\/01\/img_6029-768x768.jpg 768w, https:\/\/entrenotasyacordes.com\/wp-content\/uploads\/2026\/01\/img_6029-50x50.jpg 50w, https:\/\/entrenotasyacordes.com\/wp-content\/uploads\/2026\/01\/img_6029.jpg 1000w\" sizes=\"auto, (max-width: 300px) 100vw, 300px\" \/><\/figure>\n<\/div>","protected":false},"excerpt":{"rendered":"<p>Hoy, el artista multifac\u00e9tico, emprendedor, actor e icono de la moda A$AP Rocky lanza su<\/p>\n","protected":false},"author":5,"featured_media":19514,"comment_status":"closed","ping_status":"","sticky":false,"template":"","format":"standard","meta":{"om_disable_all_campaigns":false,"_uf_show_specific_survey":0,"_uf_disable_surveys":false,"footnotes":""},"categories":[4],"tags":[],"class_list":["post-19516","post","type-post","status-publish","format-standard","has-post-thumbnail","hentry","category-musica"],"_links":{"self":[{"href":"https:\/\/entrenotasyacordes.com\/index.php?rest_route=\/wp\/v2\/posts\/19516","targetHints":{"allow":["GET"]}}],"collection":[{"href":"https:\/\/entrenotasyacordes.com\/index.php?rest_route=\/wp\/v2\/posts"}],"about":[{"href":"https:\/\/entrenotasyacordes.com\/index.php?rest_route=\/wp\/v2\/types\/post"}],"author":[{"embeddable":true,"href":"https:\/\/entrenotasyacordes.com\/index.php?rest_route=\/wp\/v2\/users\/5"}],"replies":[{"embeddable":true,"href":"https:\/\/entrenotasyacordes.com\/index.php?rest_route=%2Fwp%2Fv2%2Fcomments&post=19516"}],"version-history":[{"count":1,"href":"https:\/\/entrenotasyacordes.com\/index.php?rest_route=\/wp\/v2\/posts\/19516\/revisions"}],"predecessor-version":[{"id":19517,"href":"https:\/\/entrenotasyacordes.com\/index.php?rest_route=\/wp\/v2\/posts\/19516\/revisions\/19517"}],"wp:featuredmedia":[{"embeddable":true,"href":"https:\/\/entrenotasyacordes.com\/index.php?rest_route=\/wp\/v2\/media\/19514"}],"wp:attachment":[{"href":"https:\/\/entrenotasyacordes.com\/index.php?rest_route=%2Fwp%2Fv2%2Fmedia&parent=19516"}],"wp:term":[{"taxonomy":"category","embeddable":true,"href":"https:\/\/entrenotasyacordes.com\/index.php?rest_route=%2Fwp%2Fv2%2Fcategories&post=19516"},{"taxonomy":"post_tag","embeddable":true,"href":"https:\/\/entrenotasyacordes.com\/index.php?rest_route=%2Fwp%2Fv2%2Ftags&post=19516"}],"curies":[{"name":"wp","href":"https:\/\/api.w.org\/{rel}","templated":true}]}}