{"id":19520,"date":"2026-01-16T16:49:41","date_gmt":"2026-01-16T16:49:41","guid":{"rendered":"https:\/\/entrenotasyacordes.com\/?p=19520"},"modified":"2026-01-18T23:49:18","modified_gmt":"2026-01-18T23:49:18","slug":"martin-garrixanuncio-su-gira-americana-mas-grande-hasta-la-fecha","status":"publish","type":"post","link":"https:\/\/entrenotasyacordes.com\/?p=19520","title":{"rendered":"MARTIN GARRIX ANUNCI\u00d3 SU GIRA AMERICANA M\u00c1S GRANDE HASTA LA FECHA"},"content":{"rendered":"\n<p><strong>Y LLEGA AL MOVISTAR ARENA EL 16 DE MAYO<\/strong><\/p>\n\n\n<div class=\"wp-block-image\">\n<figure class=\"aligncenter size-large\"><img loading=\"lazy\" decoding=\"async\" width=\"770\" height=\"1024\" src=\"https:\/\/entrenotasyacordes.com\/wp-content\/uploads\/2026\/01\/img_6030-770x1024.jpg\" alt=\"\" class=\"wp-image-19518\" srcset=\"https:\/\/entrenotasyacordes.com\/wp-content\/uploads\/2026\/01\/img_6030-770x1024.jpg 770w, https:\/\/entrenotasyacordes.com\/wp-content\/uploads\/2026\/01\/img_6030-226x300.jpg 226w, https:\/\/entrenotasyacordes.com\/wp-content\/uploads\/2026\/01\/img_6030-768x1021.jpg 768w, https:\/\/entrenotasyacordes.com\/wp-content\/uploads\/2026\/01\/img_6030.jpg 913w\" sizes=\"auto, (max-width: 770px) 100vw, 770px\" \/><\/figure>\n<\/div>\n\n\n<p>El DJ y productor holand\u00e9s Martin Garrix, multiplatino y l\u00edder en global hits de electr\u00f3nica, anunci\u00f3 su gira&nbsp;<strong>\u201cMartin Garrix Americas Tour\u201d<\/strong>, la m\u00e1s grande y ambiciosa hasta la fecha, por todo el continente americano.<br \/>&nbsp;<br \/>La gira, que recorrer\u00e1 16 ciudades, comenzar\u00e1 el 1\u00b0 de mayo de 2026 en Dallas, Texas, y llevar\u00e1 la en\u00e9rgica y mundialmente reconocida producci\u00f3n de Martin Garrix Live in concert a los principales mercados del continente.<br \/>&nbsp;<br \/>El DJ proveniente de Pa\u00edses Bajos llegar\u00e1 a Buenos Aires para realizar su \u00fanico y exclusivo show en Argentina en el Movistar Arena, el d\u00eda 16 de mayo. Los tickets se encuentran a la venta en&nbsp;<a href=\"https:\/\/nam10.safelinks.protection.outlook.com\/?url=https%3A%2F%2Fwww.movistararena.com.ar%2Fshow%2Fe3fd9108-83fe-46b2-8779-f6cbb651eeee&amp;data=05%7C02%7Cvvalussi%40fenix.com.ar%7C7243d4b4d1684147a59a08de52b5a345%7C4ea5dcf2f7dc43d58f1c692171d1868b%7C0%7C0%7C639039137264360495%7CUnknown%7CTWFpbGZsb3d8eyJFbXB0eU1hcGkiOnRydWUsIlYiOiIwLjAuMDAwMCIsIlAiOiJXaW4zMiIsIkFOIjoiTWFpbCIsIldUIjoyfQ%3D%3D%7C0%7C%7C%7C&amp;sdata=ejsQlmlYo2ii9p6TQcbFyhwBecGzSD20kYE03w1vuiM%3D&amp;reserved=0&amp;utm_source=perfit&amp;utm_medium=email\" rel=\"noreferrer noopener\" target=\"_blank\">Movistar Arena\/Martin Garrix<\/a>. Los clientes Santander Visa, cuentan con el beneficio de 6 cuotas sin inter\u00e9s.<\/p>\n\n\n\n<p>En el anuncio de la gira, Garrix comparti\u00f3:&nbsp;<strong><em>\u00abEsta es sin duda la gira m\u00e1s grande que he anunciado: 16 ciudades de Norteam\u00e9rica y Sudam\u00e9rica con la experiencia completa de Garrix in concert.<\/em><\/strong><br \/><strong><em>&nbsp;\u00a1Estoy deseando volver y verlos a todos en 2026!\u00bb<\/em><\/strong>.&nbsp;<br \/>&nbsp;<br \/>Con una producci\u00f3n vanguardista y la energ\u00eda inigualable que lo ha convertido en uno de los DJs m\u00e1s importantes del mundo,&nbsp;<strong>Martin Garrix Americas Tour<\/strong>&nbsp;promete ser una de las giras de electr\u00f3nica en vivo m\u00e1s exitosas del a\u00f1o.<br \/>&nbsp;<br \/>Este anuncio se produjo tras el reciente lanzamiento de su aclamado EP \u201cORIGO\u201d, un poderoso regreso a sus ra\u00edces musicales y el cap\u00edtulo final de su etapa centrada en los clubes.&nbsp;<br \/>El proyecto cuenta con una lista estelar de colaboradores, entre ellos Citadelle, AFROJACK, David Guetta y Amel, R3HAB ySkytech, Arcando, Armin van Buuren, Alesso, Matisse y Sadko, entre otros.&nbsp;<br \/>&nbsp;<br \/>Recientemente, Garrix actu\u00f3 en el Gran Premio de F\u00f3rmula 1 de Las Vegas y en una electrizante actuaci\u00f3n de tres noches en el ic\u00f3nico Anfiteatro Red Rocks, invit\u00f3 a Afrojack, Alesso, Kapuchon, Marshmello y Mesto como teloneros, convirti\u00e9ndolo en uno de los momentos m\u00e1s destacados de la m\u00fasica electr\u00f3nica del \u00faltimo a\u00f1o. Martin interpret\u00f3 sus propios solo sets y tambi\u00e9n sesiones B2B con Alesso y con Marshmello.<\/p>\n\n\n\n<p><strong>\u201cMARTIN GARRIX AMERICAS TOUR\u201d DATES:<\/strong><br \/>Fri, May 1, 26 &#8211; Dallas, TX, USA, The Pavilion at Toyota Music Factory&nbsp;<br \/>Sat, May 9, 26 &#8211; George, WA, USA, The Gorge Amphitheatre<br \/>Fri, May 15, 26 &#8211; Santiago, Chile, Movistar Arena<br \/>Sat, May 16, 26 &#8211; Buenos Aires, Argentina, Movistar Arena<\/p>\n\n\n\n<p>Fri, May 22, 26 &#8211; Minneapolis, MN, USA, The Armory&nbsp;<br \/>Sat, May 23, 26 &#8211; Minneapolis, MN, USA, The Armory<br \/>Fri, May 29, 26 &#8211; Toronto, ON, Canada, RBC Amphitheatre&nbsp;<br \/>Fri, Jun 5, 26 &#8211; Washington, DC, USA, The Anthem<br \/>Fri, Jun 12, 26 &#8211; New York, NY, USA, Barclays Center&nbsp;<br \/>Thu, Jun 18, 26 &#8211; Boston, MA, USA, Agganis Arena<br \/>Thu, Jun 25, 26 &#8211; Chicago, IL, USA, Huntington Bank Pavilion at Northerly Island Fri, Oct 16, 26 &#8211; Mexico City, Mexico, Palacio de los Deportes<br \/>Fri, Nov 13, 26 &#8211; Guatemala City, Guatemala, Explanada 5&nbsp;<br \/>Fri, Nov 27, 26 &#8211; San Jose, Costa Rica, Parque Viva<br \/>Sat, Nov 28, 26 &#8211; Cuenca, Ecuador, Estadio Alejandro Serrano Aguilar&nbsp;<br \/>Fri, Dec 4, 26 &#8211; Bogota, Colombia, Movistar Arena<br \/>Sat, Dec 5, 26 &#8211; Medellin, Colombia, TBD VENUE<\/p>\n\n\n<div class=\"wp-block-image\">\n<figure class=\"aligncenter size-large\"><img loading=\"lazy\" decoding=\"async\" width=\"1024\" height=\"682\" src=\"https:\/\/entrenotasyacordes.com\/wp-content\/uploads\/2026\/01\/img_6031-1024x682.jpg\" alt=\"\" class=\"wp-image-19519\" srcset=\"https:\/\/entrenotasyacordes.com\/wp-content\/uploads\/2026\/01\/img_6031-1024x682.jpg 1024w, https:\/\/entrenotasyacordes.com\/wp-content\/uploads\/2026\/01\/img_6031-300x200.jpg 300w, https:\/\/entrenotasyacordes.com\/wp-content\/uploads\/2026\/01\/img_6031-768x512.jpg 768w, https:\/\/entrenotasyacordes.com\/wp-content\/uploads\/2026\/01\/img_6031.jpg 1175w\" sizes=\"auto, (max-width: 1024px) 100vw, 1024px\" \/><\/figure>\n<\/div>","protected":false},"excerpt":{"rendered":"<p>Y LLEGA AL MOVISTAR ARENA EL 16 DE MAYO El DJ y productor holand\u00e9s Martin<\/p>\n","protected":false},"author":5,"featured_media":19518,"comment_status":"closed","ping_status":"","sticky":false,"template":"","format":"standard","meta":{"om_disable_all_campaigns":false,"_uf_show_specific_survey":0,"_uf_disable_surveys":false,"footnotes":""},"categories":[36],"tags":[],"class_list":["post-19520","post","type-post","status-publish","format-standard","has-post-thumbnail","hentry","category-conciertos"],"_links":{"self":[{"href":"https:\/\/entrenotasyacordes.com\/index.php?rest_route=\/wp\/v2\/posts\/19520","targetHints":{"allow":["GET"]}}],"collection":[{"href":"https:\/\/entrenotasyacordes.com\/index.php?rest_route=\/wp\/v2\/posts"}],"about":[{"href":"https:\/\/entrenotasyacordes.com\/index.php?rest_route=\/wp\/v2\/types\/post"}],"author":[{"embeddable":true,"href":"https:\/\/entrenotasyacordes.com\/index.php?rest_route=\/wp\/v2\/users\/5"}],"replies":[{"embeddable":true,"href":"https:\/\/entrenotasyacordes.com\/index.php?rest_route=%2Fwp%2Fv2%2Fcomments&post=19520"}],"version-history":[{"count":2,"href":"https:\/\/entrenotasyacordes.com\/index.php?rest_route=\/wp\/v2\/posts\/19520\/revisions"}],"predecessor-version":[{"id":19529,"href":"https:\/\/entrenotasyacordes.com\/index.php?rest_route=\/wp\/v2\/posts\/19520\/revisions\/19529"}],"wp:featuredmedia":[{"embeddable":true,"href":"https:\/\/entrenotasyacordes.com\/index.php?rest_route=\/wp\/v2\/media\/19518"}],"wp:attachment":[{"href":"https:\/\/entrenotasyacordes.com\/index.php?rest_route=%2Fwp%2Fv2%2Fmedia&parent=19520"}],"wp:term":[{"taxonomy":"category","embeddable":true,"href":"https:\/\/entrenotasyacordes.com\/index.php?rest_route=%2Fwp%2Fv2%2Fcategories&post=19520"},{"taxonomy":"post_tag","embeddable":true,"href":"https:\/\/entrenotasyacordes.com\/index.php?rest_route=%2Fwp%2Fv2%2Ftags&post=19520"}],"curies":[{"name":"wp","href":"https:\/\/api.w.org\/{rel}","templated":true}]}}