{"id":19524,"date":"2026-01-16T16:53:51","date_gmt":"2026-01-16T16:53:51","guid":{"rendered":"https:\/\/entrenotasyacordes.com\/?p=19524"},"modified":"2026-01-16T16:53:51","modified_gmt":"2026-01-16T16:53:51","slug":"bandana-25-anos-en-el-gran-rex","status":"publish","type":"post","link":"https:\/\/entrenotasyacordes.com\/?p=19524","title":{"rendered":"\ufffcBANDANA 25 A\u00d1OS EN EL GRAN REX"},"content":{"rendered":"\n<p class=\"has-text-align-center\">Viernes 6 de marzo \u2013 \u00a1Agotado!&nbsp;<\/p>\n\n\n\n<p class=\"has-text-align-center\">S\u00e1bado 7 de marzo \u2013 Nueva funci\u00f3n<\/p>\n\n\n\n<p class=\"has-text-align-center\"><strong>Teatro GRAN REX<\/strong><\/p>\n\n\n<div class=\"wp-block-image\">\n<figure class=\"aligncenter size-large\"><img loading=\"lazy\" decoding=\"async\" width=\"240\" height=\"300\" src=\"https:\/\/entrenotasyacordes.com\/wp-content\/uploads\/2026\/01\/img_6032-240x300.jpg\" class=\"wp-image-19522\" srcset=\"https:\/\/entrenotasyacordes.com\/wp-content\/uploads\/2026\/01\/img_6032-240x300.jpg 240w, https:\/\/entrenotasyacordes.com\/wp-content\/uploads\/2026\/01\/img_6032-768x960.jpg 768w, https:\/\/entrenotasyacordes.com\/wp-content\/uploads\/2026\/01\/img_6032.jpg 800w\" sizes=\"auto, (max-width: 240px) 100vw, 240px\" \/><\/figure>\n<\/div>\n\n\n<p><strong>BANDANA<\/strong>, la banda pop conformada por&nbsp;<strong>Lourdes<\/strong>,&nbsp;<strong>Lissa<\/strong>,&nbsp;<strong>Valeria&nbsp;<\/strong>y<strong>&nbsp;Virginia<\/strong>, recorrer\u00e1 los m\u00e1s grandes \u00e9xitos de sus 25 a\u00f1os de trayectoria en dos conciertos que ser\u00e1n inolvidables para todos sus fans. La cita es el&nbsp;<strong>viernes 6&nbsp;<\/strong>y<strong>&nbsp;s\u00e1bado 7&nbsp;<\/strong>de<strong>&nbsp;marzo<\/strong>&nbsp;en el&nbsp;<strong>Teatro Gran Rex<\/strong>. Entradas en venta a trav\u00e9s de&nbsp;TuEntrada.com<\/p>\n\n\n\n<p><em>Este a\u00f1o cumplimos 25 a\u00f1os desde que nuestras vidas cambiaron para siempre. Desde aquel casting en Popstars, pasando por los discos, los estadios llenos, el Gran Rex, la pel\u00edcula, las giras y todos los sue\u00f1os que vivimos juntas.<\/em>&nbsp;<em>&nbsp;<\/em><\/p>\n\n\n\n<p><em>Y sentimos que era el momento de volver a encontrarnos.<\/em>&nbsp;<em>&nbsp;<\/em><\/p>\n\n\n\n<p><em>Por eso preparamos un show \u00fanico, creado desde cero para este aniversario. Una propuesta totalmente nueva, esta no es solo una presentaci\u00f3n: es una ceremonia, un abrazo gigante entre nosotras y toda una generaci\u00f3n que creci\u00f3 con nuestra m\u00fasica.<\/em>&nbsp;<em>&nbsp;<\/em><\/p>\n\n\n\n<p><em>Y tambi\u00e9n con sus hijos e hijas, que hoy escuchan nuestras canciones porque ustedes se las pasaron.<\/em>&nbsp;<em>&nbsp;<\/em><\/p>\n\n\n\n<p><em>Compartir este escenario con dos generaciones es un regalo que no imagin\u00e1bamos.<\/em>&nbsp;<em>&nbsp;<\/em><\/p>\n\n\n\n<p><em>Habr\u00e1 artistas invitados, momentos especiales y sorpresas que estamos guardando con mucho amor. Queremos que esas noches sean irrepetibles, emotivas, poderosas y llenas de nostalgia y futuro al mismo tiempo.<\/em>&nbsp;<em>&nbsp;<\/em><\/p>\n\n\n\n<p><em>Este reencuentro es \u00fanico, m\u00e1gico y s\u00faper especial.<\/em>&nbsp;<em>&nbsp;<\/em><\/p>\n\n\n\n<p><em>Queremos celebrarlo junto a ustedes, como la familia que construimos a lo&nbsp;largo de estos 25&nbsp;a\u00f1os.<\/em>&nbsp;<em>&nbsp;<\/em><\/p>\n\n\n\n<p><em>Gracias por acompa\u00f1arnos siempre.<\/em>&nbsp;<em>&nbsp;<\/em><\/p>\n\n\n\n<p><em>Nos vemos en el escenario.<\/em>&nbsp;&nbsp;&nbsp;<\/p>\n\n\n\n<p><strong>BANDANA<\/strong><\/p>\n\n\n\n<p><strong>BANDANA 25 A\u00f1os<\/strong>&nbsp;no es solo un concierto, es un viaje en el tiempo. Habr\u00e1 nuevas versiones de sus grandes cl\u00e1sicos como \u00abGuapas\u00bb, \u00abMaldita Noche\u00bb y \u00abLlega la Noche\u00bb reinventados con un sonido actual pero fiel a su esencia.&nbsp; Visuales de \u00faltima generaci\u00f3n, coreograf\u00edas ic\u00f3nicas y una banda en vivo de primer nivel, con invitados sorpresa muy especiales.<\/p>\n\n\n<div class=\"wp-block-image\">\n<figure class=\"aligncenter size-large\"><img loading=\"lazy\" decoding=\"async\" width=\"269\" height=\"300\" src=\"https:\/\/entrenotasyacordes.com\/wp-content\/uploads\/2026\/01\/img_6033-269x300.jpg\" class=\"wp-image-19523\" srcset=\"https:\/\/entrenotasyacordes.com\/wp-content\/uploads\/2026\/01\/img_6033-269x300.jpg 269w, https:\/\/entrenotasyacordes.com\/wp-content\/uploads\/2026\/01\/img_6033-768x857.jpg 768w, https:\/\/entrenotasyacordes.com\/wp-content\/uploads\/2026\/01\/img_6033.jpg 800w\" sizes=\"auto, (max-width: 269px) 100vw, 269px\" \/><figcaption class=\"wp-element-caption\">Cr\u00e9dito: Charly Fern\u00e1ndez &nbsp;&nbsp;<\/figcaption><\/figure>\n<\/div>","protected":false},"excerpt":{"rendered":"<p>Viernes 6 de marzo \u2013 \u00a1Agotado!&nbsp; S\u00e1bado 7 de marzo \u2013 Nueva funci\u00f3n Teatro GRAN<\/p>\n","protected":false},"author":5,"featured_media":19522,"comment_status":"closed","ping_status":"","sticky":false,"template":"","format":"standard","meta":{"om_disable_all_campaigns":false,"_uf_show_specific_survey":0,"_uf_disable_surveys":false,"footnotes":""},"categories":[36],"tags":[],"class_list":["post-19524","post","type-post","status-publish","format-standard","has-post-thumbnail","hentry","category-conciertos"],"_links":{"self":[{"href":"https:\/\/entrenotasyacordes.com\/index.php?rest_route=\/wp\/v2\/posts\/19524","targetHints":{"allow":["GET"]}}],"collection":[{"href":"https:\/\/entrenotasyacordes.com\/index.php?rest_route=\/wp\/v2\/posts"}],"about":[{"href":"https:\/\/entrenotasyacordes.com\/index.php?rest_route=\/wp\/v2\/types\/post"}],"author":[{"embeddable":true,"href":"https:\/\/entrenotasyacordes.com\/index.php?rest_route=\/wp\/v2\/users\/5"}],"replies":[{"embeddable":true,"href":"https:\/\/entrenotasyacordes.com\/index.php?rest_route=%2Fwp%2Fv2%2Fcomments&post=19524"}],"version-history":[{"count":1,"href":"https:\/\/entrenotasyacordes.com\/index.php?rest_route=\/wp\/v2\/posts\/19524\/revisions"}],"predecessor-version":[{"id":19525,"href":"https:\/\/entrenotasyacordes.com\/index.php?rest_route=\/wp\/v2\/posts\/19524\/revisions\/19525"}],"wp:featuredmedia":[{"embeddable":true,"href":"https:\/\/entrenotasyacordes.com\/index.php?rest_route=\/wp\/v2\/media\/19522"}],"wp:attachment":[{"href":"https:\/\/entrenotasyacordes.com\/index.php?rest_route=%2Fwp%2Fv2%2Fmedia&parent=19524"}],"wp:term":[{"taxonomy":"category","embeddable":true,"href":"https:\/\/entrenotasyacordes.com\/index.php?rest_route=%2Fwp%2Fv2%2Fcategories&post=19524"},{"taxonomy":"post_tag","embeddable":true,"href":"https:\/\/entrenotasyacordes.com\/index.php?rest_route=%2Fwp%2Fv2%2Ftags&post=19524"}],"curies":[{"name":"wp","href":"https:\/\/api.w.org\/{rel}","templated":true}]}}