{"id":19527,"date":"2026-01-18T23:48:08","date_gmt":"2026-01-18T23:48:08","guid":{"rendered":"https:\/\/entrenotasyacordes.com\/?p=19527"},"modified":"2026-01-18T23:48:08","modified_gmt":"2026-01-18T23:48:08","slug":"dancing-mood-sabado-7-de-febrero-20-hs-en-cc-konex","status":"publish","type":"post","link":"https:\/\/entrenotasyacordes.com\/?p=19527","title":{"rendered":"Dancing Mood S\u00e1bado 7 de febrero &#8211; 20 hs en CC Konex"},"content":{"rendered":"\n<p><strong>La banda emblema de ska y reggae contin\u00faa presentando su \u00faltimo material&nbsp;<\/strong><a href=\"https:\/\/facebook.us19.list-manage.com\/track\/click?u=22c32414668db5236cced0caf&amp;id=a9770cf97a&amp;e=7a082f37dc\" target=\"_blank\" rel=\"noreferrer noopener\"><strong>Forever<\/strong><\/a><strong>, y regresa a CC Konex para seguir presentando su \u00faltimo material discogr\u00e1fico.&nbsp;<\/strong><\/p>\n\n\n\n<p class=\"last-child\"><strong>La cita ser\u00e1 el s\u00e1bado 7 de febrero y las entradas se consiguen a trav\u00e9s de la web de&nbsp;<a href=\"https:\/\/facebook.us19.list-manage.com\/track\/click?u=22c32414668db5236cced0caf&#038;id=78b4d3fc8a&#038;e=7a082f37dc\" target=\"_blank\" rel=\"noreferrer noopener\">Konex<\/a>.<\/strong><\/p>\n\n\n<div class=\"wp-block-image\">\n<figure class=\"aligncenter size-large\"><img loading=\"lazy\" decoding=\"async\" width=\"819\" height=\"1024\" src=\"https:\/\/entrenotasyacordes.com\/wp-content\/uploads\/2026\/01\/img_6044-819x1024.jpg\" class=\"wp-image-19526\" srcset=\"https:\/\/entrenotasyacordes.com\/wp-content\/uploads\/2026\/01\/img_6044-819x1024.jpg 819w, https:\/\/entrenotasyacordes.com\/wp-content\/uploads\/2026\/01\/img_6044-240x300.jpg 240w, https:\/\/entrenotasyacordes.com\/wp-content\/uploads\/2026\/01\/img_6044-768x960.jpg 768w, https:\/\/entrenotasyacordes.com\/wp-content\/uploads\/2026\/01\/img_6044-1024x1280.jpg 1024w, https:\/\/entrenotasyacordes.com\/wp-content\/uploads\/2026\/01\/img_6044.jpg 1080w\" sizes=\"auto, (max-width: 819px) 100vw, 819px\" \/><\/figure>\n<\/div>\n\n\n<p>Sobre el nuevo disco, Forever:<br><br>Este disco es uno de los m\u00e1s importantes de Dancing\u00a0Mood, ya que es el primero 100% independiente.<br><br>La banda siempre se caracteriz\u00f3 por su independencia pero en esta oportunidad eleva la vara: todo el material fue grabado en el estudio de Hugo Lobo y tuvo al l\u00edder como operador de sonido e ingeniero grabaci\u00f3n y mezcla (tareas anteriormente delegadas fuera de la formaci\u00f3n) lo que da como resultado un disco muy particular.<br><br><em>Forever<\/em>\u00a0re\u00fane todo el camino recorrido por Dancing Mood en una pieza de 11 tracks\u00a0donde se refleja la madurez musical, con el estilo de la primera \u00e9poca de la orquesta.<br><br>En este lanzamiento Hugo Lobo se da el lujo de contar con la participaci\u00f3n de Le\u00f3n Gieco, a quien conoce desde la infancia ya que toc\u00f3 durante m\u00e1s de una d\u00e9cada con su padre, Rub\u00e9n Lobo. Siempre tuvieron intenciones de colaborar y en esta oportunidad reversionaron la canci\u00f3n\u00a0<a href=\"https:\/\/facebook.us19.list-manage.com\/track\/click?u=22c32414668db5236cced0caf&amp;id=b066149dcb&amp;e=7a082f37dc\" target=\"_blank\" rel=\"noreferrer noopener\">Hombres de Hierro<\/a>, emblem\u00e1tica\u00a0en la carrera de Gieco.<br><br>A\u00a0<em>Forever\u00a0<\/em>tambi\u00e9n se sum\u00f3 Dante Spinetta en el track\u00a0<a href=\"https:\/\/facebook.us19.list-manage.com\/track\/click?u=22c32414668db5236cced0caf&amp;id=82eda75150&amp;e=7a082f37dc\" target=\"_blank\" rel=\"noreferrer noopener\">Im gonna come back to Brixton<\/a>. Dante ya hab\u00eda participado de un\u00a0show en vivo de Dancing Mood pero se deb\u00edan grabar juntos, y en este trabajo se cumpli\u00f3 el deseo de ambos de colaborar.\u00a0<\/p>\n","protected":false},"excerpt":{"rendered":"<p>La banda emblema de ska y reggae contin\u00faa presentando su \u00faltimo material&nbsp;Forever, y regresa a<\/p>\n","protected":false},"author":5,"featured_media":19526,"comment_status":"closed","ping_status":"","sticky":false,"template":"","format":"standard","meta":{"om_disable_all_campaigns":false,"_uf_show_specific_survey":0,"_uf_disable_surveys":false,"footnotes":""},"categories":[36],"tags":[],"class_list":["post-19527","post","type-post","status-publish","format-standard","has-post-thumbnail","hentry","category-conciertos"],"_links":{"self":[{"href":"https:\/\/entrenotasyacordes.com\/index.php?rest_route=\/wp\/v2\/posts\/19527","targetHints":{"allow":["GET"]}}],"collection":[{"href":"https:\/\/entrenotasyacordes.com\/index.php?rest_route=\/wp\/v2\/posts"}],"about":[{"href":"https:\/\/entrenotasyacordes.com\/index.php?rest_route=\/wp\/v2\/types\/post"}],"author":[{"embeddable":true,"href":"https:\/\/entrenotasyacordes.com\/index.php?rest_route=\/wp\/v2\/users\/5"}],"replies":[{"embeddable":true,"href":"https:\/\/entrenotasyacordes.com\/index.php?rest_route=%2Fwp%2Fv2%2Fcomments&post=19527"}],"version-history":[{"count":1,"href":"https:\/\/entrenotasyacordes.com\/index.php?rest_route=\/wp\/v2\/posts\/19527\/revisions"}],"predecessor-version":[{"id":19528,"href":"https:\/\/entrenotasyacordes.com\/index.php?rest_route=\/wp\/v2\/posts\/19527\/revisions\/19528"}],"wp:featuredmedia":[{"embeddable":true,"href":"https:\/\/entrenotasyacordes.com\/index.php?rest_route=\/wp\/v2\/media\/19526"}],"wp:attachment":[{"href":"https:\/\/entrenotasyacordes.com\/index.php?rest_route=%2Fwp%2Fv2%2Fmedia&parent=19527"}],"wp:term":[{"taxonomy":"category","embeddable":true,"href":"https:\/\/entrenotasyacordes.com\/index.php?rest_route=%2Fwp%2Fv2%2Fcategories&post=19527"},{"taxonomy":"post_tag","embeddable":true,"href":"https:\/\/entrenotasyacordes.com\/index.php?rest_route=%2Fwp%2Fv2%2Ftags&post=19527"}],"curies":[{"name":"wp","href":"https:\/\/api.w.org\/{rel}","templated":true}]}}