{"id":19531,"date":"2026-01-18T23:50:43","date_gmt":"2026-01-18T23:50:43","guid":{"rendered":"https:\/\/entrenotasyacordes.com\/?p=19531"},"modified":"2026-01-18T23:50:43","modified_gmt":"2026-01-18T23:50:43","slug":"aukan-arranca-el-2026-con-una-gira-patagonica","status":"publish","type":"post","link":"https:\/\/entrenotasyacordes.com\/?p=19531","title":{"rendered":"Aukan arranca el 2026 con una gira patag\u00f3nica"},"content":{"rendered":"\n<p>Luego de un 2025 de gran crecimiento, el referente del hip hop alternativo argentino no se toma respiro y comienza el a\u00f1o tocando el 18 de enero en Jun\u00edn de los Andes, el 21 en Villa La Angostura y el 22 en Bariloche. Lo recaudado en los shows ser\u00e1 donado para colaborar con el control de los incendios en Chubut.<\/p>\n\n\n<div class=\"wp-block-image\">\n<figure class=\"aligncenter size-large\"><img loading=\"lazy\" decoding=\"async\" width=\"300\" height=\"273\" src=\"https:\/\/entrenotasyacordes.com\/wp-content\/uploads\/2026\/01\/img_6045-300x273.jpg\" class=\"wp-image-19530\" srcset=\"https:\/\/entrenotasyacordes.com\/wp-content\/uploads\/2026\/01\/img_6045-300x273.jpg 300w, https:\/\/entrenotasyacordes.com\/wp-content\/uploads\/2026\/01\/img_6045.jpg 700w\" sizes=\"auto, (max-width: 300px) 100vw, 300px\" \/><\/figure>\n<\/div>\n\n\n<p><strong>Aukan&nbsp;<\/strong>comienza 2026 con una&nbsp;<strong>gira&nbsp;<\/strong>que lo llevar\u00e1 durante enero por distintos escenarios de la&nbsp;<strong>Patagonia argentina<\/strong>. El artista se presentar\u00e1 el domingo&nbsp;<strong>18&nbsp;<\/strong>en La Neco Espacio Cultural de&nbsp;<strong>Jun\u00edn de los Andes<\/strong>, el mi\u00e9rcoles&nbsp;<strong>21&nbsp;<\/strong>en Viejo Fred de&nbsp;<strong>Villa La Angostura<\/strong>, y el jueves&nbsp;<strong>22&nbsp;<\/strong>en Macacha de&nbsp;<strong>Bariloche<\/strong>. El referente del hip hop emergente argentino repasar\u00e1 las canciones m\u00e1s destacadas de su trayectoria, y presentar\u00e1 material in\u00e9dito de su pr\u00f3ximo \u00e1lbum, actualmente en proceso de mezcla. Cada noche, junto a su banda, presentar\u00e1 un show que promete condensar toda la energ\u00eda y la evoluci\u00f3n de su proyecto;<strong>&nbsp;lo recaudado en las tres fechas ser\u00e1 donado a la Asociaci\u00f3n Argentina de Gu\u00edas de Monta\u00f1a<\/strong>&nbsp;(A.A.G.M.) para colaborar con el control de los incendios forestales que contin\u00faan afectando amplias zonas de Chubut.&nbsp; &nbsp;<br \/><br \/>El&nbsp;<strong>2025&nbsp;<\/strong>fue un a\u00f1o de expansi\u00f3n total para Aukan: un per\u00edodo de crecimiento art\u00edstico y personal en el que trabaj\u00f3 m\u00e1s que nunca. En noviembre fue el artista elegido para abrir el show de Fernando Costa, referente mundial del hip hop; en octubre, durante su primera gira internacional por Espa\u00f1a -con presentaciones en Madrid, Barcelona, Ibiza, Mallorca y M\u00e1laga-, Aukan llev\u00f3 su propuesta a nuevos p\u00fablicos, consolidando su identidad entre el rap, el rock y la experimentaci\u00f3n sonora. En cada show, comparti\u00f3 escenario con los artistas ib\u00e9ricos Y9 y Javi Castro, e inici\u00f3 la filmaci\u00f3n de un documental que retrata su recorrido y su proceso creativo, adem\u00e1s de grabar videoclips en diferentes locaciones del pa\u00eds.<\/p>\n\n\n\n<p>Lanz\u00f3 los singles \u201c<a href=\"https:\/\/delivery.hipermailer.com.ar\/do\/trkln.php?index=1024083402AZD&amp;id=ristywusrqierstwt&amp;url=aHR0cHM6Ly95b3V0dS5iZS9DWGJDcXB5ODVTRT9zaT1Fa1N3MEJ1SzFzaHdSNjlP\">Lucidez<\/a>\u201d y \u201c<a href=\"https:\/\/delivery.hipermailer.com.ar\/do\/trkln.php?index=1024084673AZD&amp;id=ristywusrqierstwt&amp;url=aHR0cHM6Ly95b3V0dS5iZS84djNnbW1uQzlsYz9zaT1OaUNCQnNHaTI5RU5TVktl\">Prendido Fuego<\/a>\u201d. Gir\u00f3 por distintas ciudades del pa\u00eds, recorri\u00f3 escenarios, sets y espacios creativos que reflejan la intensidad y el pulso de su momento actual, abri\u00f3 Estudio 3000 (su estudio de m\u00fasica, salas de ensayo, grabaci\u00f3n, mixing y mastering) en el barrio de Colegiales, y comenz\u00f3 a vincularse con una nueva generaci\u00f3n de artistas, productores y realizadores.<\/p>\n\n\n\n<p>Un a\u00f1o de consolidaci\u00f3n y b\u00fasqueda, donde la energ\u00eda del vivo, la conexi\u00f3n con otros y la construcci\u00f3n de una identidad cada vez m\u00e1s s\u00f3lida marcaron el ritmo de su evoluci\u00f3n.<\/p>\n\n\n\n<p>Actualmente, Aukan se encuentra en proceso de mezcla de su pr\u00f3ximo trabajo discogr\u00e1fico<\/p>\n\n\n\n<p><strong>SOBRE AUKAN<\/strong>&nbsp;<br>Aukan es un rapero y compositor argentino, del barrio porte\u00f1o de Colegiales. Desde muy temprano tuvo contacto con la m\u00fasica y el rap lleg\u00f3 a sus o\u00eddos cuando ten\u00eda s\u00f3lo 5 a\u00f1os. Sus referentes en la m\u00fasica son Tupac Shakur, Andre Benjamin, Snoop Dogg y Eminem entre otros.<\/p>\n\n\n\n<p>Hizo su debut musical con el single \u00ab25 inviernos\u00bb en el 2020, al poco tiempo pudo lanzar su primer featuring junto a Nucleo aka Tinta Sucia, referente y pionero del Rap Argentino. En junio de 2022 lanz\u00f3 su primer disco, RCP: un \u00e1lbum de Rap y Trap conceptual, una propuesta que incluye sonidos de otros g\u00e9neros musicales y busca lograr una fusi\u00f3n para generar una personalidad original y propia.<\/p>\n\n\n\n<p>En 2023, adem\u00e1s de editar dos singles, \u201cVol\u00e1 libre\u201d y \u201cMente astuta\u201d, Aukan realiz\u00f3 una sesi\u00f3n en vivo con cuatro canciones que expresan su poderosa identidad musical, donde transita diferentes ritmos y propuestas. La sesi\u00f3n completa se puede ver en su canal de YouTube.&nbsp;<\/p>\n\n\n\n<p>Durante 2024 el artista anticip\u00f3 su nuevo disco en plataformas con el single \u201cAmigos Imaginarios\u201d.<\/p>\n\n\n\n<p>En 2025 present\u00f3 los singles \u201cPrendido Fuego\u201d y&nbsp; \u201cLucidez\u201d. Adem\u00e1s, realiz\u00f3 por primera vez una gira por Espa\u00f1a, con shows en Madrid, M\u00e1laga, Mallorca, Barcelona e Ibiza.&nbsp;<\/p>\n\n\n\n<p>Con su fusi\u00f3n entre rap, rock y funk, letras honestas y presentaciones en\u00e9rgicas, Aukan se consolida como una de las nuevas voces m\u00e1s aut\u00e9nticas y prometedoras del hip hop argentino.<\/p>\n","protected":false},"excerpt":{"rendered":"<p>Luego de un 2025 de gran crecimiento, el referente del hip hop alternativo argentino no<\/p>\n","protected":false},"author":5,"featured_media":19530,"comment_status":"closed","ping_status":"","sticky":false,"template":"","format":"standard","meta":{"om_disable_all_campaigns":false,"_uf_show_specific_survey":0,"_uf_disable_surveys":false,"footnotes":""},"categories":[36,34],"tags":[],"class_list":["post-19531","post","type-post","status-publish","format-standard","has-post-thumbnail","hentry","category-conciertos","category-ultimas-noticias"],"_links":{"self":[{"href":"https:\/\/entrenotasyacordes.com\/index.php?rest_route=\/wp\/v2\/posts\/19531","targetHints":{"allow":["GET"]}}],"collection":[{"href":"https:\/\/entrenotasyacordes.com\/index.php?rest_route=\/wp\/v2\/posts"}],"about":[{"href":"https:\/\/entrenotasyacordes.com\/index.php?rest_route=\/wp\/v2\/types\/post"}],"author":[{"embeddable":true,"href":"https:\/\/entrenotasyacordes.com\/index.php?rest_route=\/wp\/v2\/users\/5"}],"replies":[{"embeddable":true,"href":"https:\/\/entrenotasyacordes.com\/index.php?rest_route=%2Fwp%2Fv2%2Fcomments&post=19531"}],"version-history":[{"count":1,"href":"https:\/\/entrenotasyacordes.com\/index.php?rest_route=\/wp\/v2\/posts\/19531\/revisions"}],"predecessor-version":[{"id":19532,"href":"https:\/\/entrenotasyacordes.com\/index.php?rest_route=\/wp\/v2\/posts\/19531\/revisions\/19532"}],"wp:featuredmedia":[{"embeddable":true,"href":"https:\/\/entrenotasyacordes.com\/index.php?rest_route=\/wp\/v2\/media\/19530"}],"wp:attachment":[{"href":"https:\/\/entrenotasyacordes.com\/index.php?rest_route=%2Fwp%2Fv2%2Fmedia&parent=19531"}],"wp:term":[{"taxonomy":"category","embeddable":true,"href":"https:\/\/entrenotasyacordes.com\/index.php?rest_route=%2Fwp%2Fv2%2Fcategories&post=19531"},{"taxonomy":"post_tag","embeddable":true,"href":"https:\/\/entrenotasyacordes.com\/index.php?rest_route=%2Fwp%2Fv2%2Ftags&post=19531"}],"curies":[{"name":"wp","href":"https:\/\/api.w.org\/{rel}","templated":true}]}}