{"id":19544,"date":"2026-01-19T00:05:00","date_gmt":"2026-01-19T00:05:00","guid":{"rendered":"https:\/\/entrenotasyacordes.com\/?p=19544"},"modified":"2026-01-19T00:05:00","modified_gmt":"2026-01-19T00:05:00","slug":"koino-yokan-presenta-todo-esta-pasado-ahora","status":"publish","type":"post","link":"https:\/\/entrenotasyacordes.com\/?p=19544","title":{"rendered":"KOINO YOKAN&nbsp;PRESENTA &nbsp;\u201cTODO EST\u00c1 PASADO AHORA\u201d"},"content":{"rendered":"<div class=\"wp-block-image\">\n<figure class=\"aligncenter size-large\"><img loading=\"lazy\" decoding=\"async\" width=\"1024\" height=\"1024\" src=\"https:\/\/entrenotasyacordes.com\/wp-content\/uploads\/2026\/01\/img_6049-1024x1024.jpg\" class=\"wp-image-19542\" srcset=\"https:\/\/entrenotasyacordes.com\/wp-content\/uploads\/2026\/01\/img_6049-1024x1024.jpg 1024w, https:\/\/entrenotasyacordes.com\/wp-content\/uploads\/2026\/01\/img_6049-300x300.jpg 300w, https:\/\/entrenotasyacordes.com\/wp-content\/uploads\/2026\/01\/img_6049-150x150.jpg 150w, https:\/\/entrenotasyacordes.com\/wp-content\/uploads\/2026\/01\/img_6049-768x768.jpg 768w, https:\/\/entrenotasyacordes.com\/wp-content\/uploads\/2026\/01\/img_6049-1536x1536.jpg 1536w, https:\/\/entrenotasyacordes.com\/wp-content\/uploads\/2026\/01\/img_6049-50x50.jpg 50w, https:\/\/entrenotasyacordes.com\/wp-content\/uploads\/2026\/01\/img_6049.jpg 1600w\" sizes=\"auto, (max-width: 1024px) 100vw, 1024px\" \/><\/figure>\n<\/div>\n\n\n<p>Con \u201cTodo est\u00e1 pasando ahora\u201d, Koino Yokan pone el foco en el presente y propone una pausa necesaria: una canci\u00f3n que invita a quedarse, sentir y habitar el momento sin culpa, recordando que vivir no siempre significa producir.<\/p>\n\n\n\n<p>Lejos de la urgencia y la b\u00fasqueda constante de lo nuevo, el grupo construye una canci\u00f3n que encuentra su fuerza en la calma. \u201cTodo est\u00e1 pasando ahora\u201d es un recordatorio \u00edntimo de que no siempre moverse es avanzar, y que estar tambi\u00e9n es una forma de hacer.<\/p>\n\n\n\n<p>Koino Yokan lanza \u201cTodo est\u00e1 pasando ahora\u201d, el segundo adelanto de su pr\u00f3ximo disco, que ver\u00e1 la luz este a\u00f1o. La canci\u00f3n llega para seguir ampliando el universo sensible de la banda y reafirma una etapa art\u00edstica marcada por la introspecci\u00f3n, la honestidad emocional y una conexi\u00f3n cada vez m\u00e1s fuerte con su p\u00fablico.<\/p>\n\n\n\n<p>Con este nuevo single, Koino Yokan profundiza el camino que abri\u00f3 con \u201cSolo Nosotros\u201d y da un nuevo paso dentro de su construcci\u00f3n musical. Si aquel primer adelanto hablaba de tomar postura y accionar, esta canci\u00f3n propone algo igual de poderoso pero menos evidente: quedarse, sentir y vivir el momento tal como es.<\/p>\n\n\n\n<p>La banda pone el foco en una idea simple y, a la vez, urgente: no siempre moverse es avanzar. \u201cNo estamos perdiendo el tiempo si un d\u00eda no nos movemos\u201d, dicen. En un mundo que empuja a producir, pensar y lograr cosas a futuro, Koino Yokan ofrece un recordatorio \u00edntimo: lo \u00fanico real est\u00e1 sucediendo ahora.<\/p>\n\n\n\n<p>El tema encuentra su fuerza en la calma. La canci\u00f3n se despliega sin urgencias, con un pulso contenido que acompa\u00f1a la letra como una idea que se acomoda con el tiempo. La m\u00fasica acompa\u00f1a esa mirada despojada y refuerza la sensaci\u00f3n de estar ac\u00e1 y ahora, sin necesidad de apurar climas ni correr hacia lo pr\u00f3ximo.<\/p>\n\n\n\n<p>Este lanzamiento encuentra a Koino Yokan en un gran momento profesional. Durante el \u00faltimo a\u00f1o, la banda recorri\u00f3 Europa, distintos pa\u00edses de Latinoam\u00e9rica y gran parte del territorio argentino con una gira federal que reafirm\u00f3 su crecimiento y su v\u00ednculo con p\u00fablicos diversos. Ese recorrido, sostenido y constante, se refleja hoy en canciones que suenan m\u00e1s seguras, m\u00e1s conscientes y m\u00e1s conectadas con su identidad.<\/p>\n\n\n<div class=\"wp-block-image\">\n<figure class=\"aligncenter size-large\"><img loading=\"lazy\" decoding=\"async\" width=\"682\" height=\"1024\" src=\"https:\/\/entrenotasyacordes.com\/wp-content\/uploads\/2026\/01\/img_6050-682x1024.jpg\" class=\"wp-image-19543\" srcset=\"https:\/\/entrenotasyacordes.com\/wp-content\/uploads\/2026\/01\/img_6050-682x1024.jpg 682w, https:\/\/entrenotasyacordes.com\/wp-content\/uploads\/2026\/01\/img_6050-200x300.jpg 200w, https:\/\/entrenotasyacordes.com\/wp-content\/uploads\/2026\/01\/img_6050-768x1153.jpg 768w, https:\/\/entrenotasyacordes.com\/wp-content\/uploads\/2026\/01\/img_6050-1023x1536.jpg 1023w, https:\/\/entrenotasyacordes.com\/wp-content\/uploads\/2026\/01\/img_6050-1024x1537.jpg 1024w, https:\/\/entrenotasyacordes.com\/wp-content\/uploads\/2026\/01\/img_6050.jpg 1066w\" sizes=\"auto, (max-width: 682px) 100vw, 682px\" \/><\/figure>\n<\/div>\n\n\n<p>\u201cTodo est\u00e1 pasando ahora\u201d sintetiza la b\u00fasqueda de Koino Yokan en este momento: canciones que acompa\u00f1an sin apurar, donde la emoci\u00f3n se expresa sin artificios y la profundidad aparece en lo simple. Con este segundo adelanto, la banda reafirma una identidad que invita a bajar un cambio, habitar el presente y recordar que vivir \u2014simplemente vivir\u2014 es hacer lo m\u00e1s importante.<\/p>\n","protected":false},"excerpt":{"rendered":"<p>Con \u201cTodo est\u00e1 pasando ahora\u201d, Koino Yokan pone el foco en el presente y propone<\/p>\n","protected":false},"author":5,"featured_media":19542,"comment_status":"closed","ping_status":"","sticky":false,"template":"","format":"standard","meta":{"om_disable_all_campaigns":false,"_uf_show_specific_survey":0,"_uf_disable_surveys":false,"footnotes":""},"categories":[4],"tags":[],"class_list":["post-19544","post","type-post","status-publish","format-standard","has-post-thumbnail","hentry","category-musica"],"_links":{"self":[{"href":"https:\/\/entrenotasyacordes.com\/index.php?rest_route=\/wp\/v2\/posts\/19544","targetHints":{"allow":["GET"]}}],"collection":[{"href":"https:\/\/entrenotasyacordes.com\/index.php?rest_route=\/wp\/v2\/posts"}],"about":[{"href":"https:\/\/entrenotasyacordes.com\/index.php?rest_route=\/wp\/v2\/types\/post"}],"author":[{"embeddable":true,"href":"https:\/\/entrenotasyacordes.com\/index.php?rest_route=\/wp\/v2\/users\/5"}],"replies":[{"embeddable":true,"href":"https:\/\/entrenotasyacordes.com\/index.php?rest_route=%2Fwp%2Fv2%2Fcomments&post=19544"}],"version-history":[{"count":1,"href":"https:\/\/entrenotasyacordes.com\/index.php?rest_route=\/wp\/v2\/posts\/19544\/revisions"}],"predecessor-version":[{"id":19545,"href":"https:\/\/entrenotasyacordes.com\/index.php?rest_route=\/wp\/v2\/posts\/19544\/revisions\/19545"}],"wp:featuredmedia":[{"embeddable":true,"href":"https:\/\/entrenotasyacordes.com\/index.php?rest_route=\/wp\/v2\/media\/19542"}],"wp:attachment":[{"href":"https:\/\/entrenotasyacordes.com\/index.php?rest_route=%2Fwp%2Fv2%2Fmedia&parent=19544"}],"wp:term":[{"taxonomy":"category","embeddable":true,"href":"https:\/\/entrenotasyacordes.com\/index.php?rest_route=%2Fwp%2Fv2%2Fcategories&post=19544"},{"taxonomy":"post_tag","embeddable":true,"href":"https:\/\/entrenotasyacordes.com\/index.php?rest_route=%2Fwp%2Fv2%2Ftags&post=19544"}],"curies":[{"name":"wp","href":"https:\/\/api.w.org\/{rel}","templated":true}]}}