{"id":19547,"date":"2026-01-19T00:08:38","date_gmt":"2026-01-19T00:08:38","guid":{"rendered":"https:\/\/entrenotasyacordes.com\/?p=19547"},"modified":"2026-01-19T00:08:38","modified_gmt":"2026-01-19T00:08:38","slug":"kenia-os-inicia-su-nueva-era-k-de-karma-con-el-estreno-de-su-primer-sencillo-belladona","status":"publish","type":"post","link":"https:\/\/entrenotasyacordes.com\/?p=19547","title":{"rendered":"KENIA OS inicia su nueva era K DE KARMA con el estreno de su primer sencillo: \u201cBELLADONA\u201d"},"content":{"rendered":"\n<p class=\"c17\"><\/p>\n\n\n<div class=\"wp-block-image\">\n<figure class=\"aligncenter size-large\"><img loading=\"lazy\" decoding=\"async\" width=\"235\" height=\"300\" src=\"https:\/\/entrenotasyacordes.com\/wp-content\/uploads\/2026\/01\/img_6051-235x300.png\" class=\"wp-image-19546\" srcset=\"https:\/\/entrenotasyacordes.com\/wp-content\/uploads\/2026\/01\/img_6051-235x300.png 235w, https:\/\/entrenotasyacordes.com\/wp-content\/uploads\/2026\/01\/img_6051.png 481w\" sizes=\"auto, (max-width: 235px) 100vw, 235px\" \/><\/figure>\n<\/div>\n\n\n<p class=\"c10\">Con el lanzamiento de \u201cBELLADONA\u201d, se activ\u00f3 el pre-save del \u00e1lbum&nbsp;K de Karma&nbsp;[<a class=\"c15\" href=\"https:\/\/mkprensa.mailrelay-iv.es\/c\/yd70jl\/sqxckcfr\/oarimjdnqtk\">toca aqu\u00ed para ir a la p\u00e1gina<\/a>].<\/p>\n\n\n\n<p class=\"c10 c27\">&nbsp;La cuenta regresiva para el nuevo \u00e1lbum cuenta con una novedosa din\u00e1mica donde los fan\u00e1ticos son el centro de la historia. Conoce m\u00e1s a continuaci\u00f3n.<\/p>\n\n\n\n<p class=\"c10 c27\">&nbsp;Tras el gran recibimiento del anuncio de&nbsp;K de Karma&nbsp;en&nbsp;Reels&nbsp;de Instagram \u2014que actualmente suma 20M de visualizaciones\u2014, KENIA OS continuar\u00e1 revelando una serie de sorpresas exclusivas para su audiencia.<\/p>\n\n\n\n<p class=\"c29\" id=\"h.yomc7oqq0r6f\">LA popstar mexicana KENIA OS&nbsp;inicia oficialmente su tan esperada nueva era con el lanzamiento de&nbsp;<a class=\"c15\" href=\"https:\/\/mkprensa.mailrelay-iv.es\/c\/yd70jl\/sqxckcfr\/aavy9uekcem\">\u201cBELLADONA\u201d<\/a>, el primer sencillo de su pr\u00f3ximo \u00e1lbum&nbsp;K de Karma.<\/p>\n\n\n\n<p class=\"c29 c27\">&nbsp;<\/p>\n\n\n\n<p class=\"c30\">Tras un a\u00f1o y medio de expectativa,&nbsp;K de Karma&nbsp;presenta a KENIA OS en su etapa m\u00e1s madura, audaz y sofisticada hasta la fecha.&nbsp;<\/p>\n\n\n\n<p class=\"c29 c27\">&nbsp;<\/p>\n\n\n\n<p class=\"c29 c27\">&nbsp;<\/p>\n\n\n\n<p class=\"c12\">\u201cBELLADONA\u201d&nbsp;representa una&nbsp;declaraci\u00f3n art\u00edstica contundente, combinando m\u00fasica y visuales en un mundo inspirado en el&nbsp;teatro y el cine. La canci\u00f3n narra la historia de una&nbsp;femme fatale&nbsp;que toma el control del amor y afronta sus consecuencias. El tema fue compuesto por&nbsp;KENIA OS&nbsp;en colaboraci\u00f3n con&nbsp;Matthew Rey, Ismael Cano Jr., Mechi Pieretti&nbsp;y&nbsp;Michael Rinc\u00f3n.<\/p>\n\n\n\n<p class=\"c7\">&nbsp;<\/p>\n\n\n\n<p class=\"c12\">El lanzamiento de&nbsp;\u201cBELLADONA\u201d&nbsp;coincide con la apertura del&nbsp;pre-save de&nbsp;K de Karma. La cuenta regresiva de esta activaci\u00f3n cuenta con una novedosa din\u00e1mica donde los seguidores son el centro de la historia. Y es que, desde el primer momento, el tracklist ser\u00e1 revelado exclusivamente para aquellos seguidores que tengan el \u00e1lbum pre-guardado. [<a class=\"c15\" href=\"https:\/\/mkprensa.mailrelay-iv.es\/c\/yd70jl\/sqxckcfr\/ky0s-_zi33a\">Da clic aqu\u00ed para ir a la perfil de KENIA OS en Spotify<\/a>].<\/p>\n\n\n\n<p class=\"c7\">&nbsp;El anuncio del \u00e1lbum ya ha generado un&nbsp;gran impacto en redes sociales, con el&nbsp;Reel de Instagram superando los 20 millones de visualizaciones. En las semanas previas al lanzamiento del \u00e1lbum,&nbsp;KENIA OS&nbsp;continuar\u00e1 revelando una serie de&nbsp;sorpresas exclusivas&nbsp;para su audiencia.<\/p>\n\n\n\n<p class=\"c33 c27\">La producci\u00f3n del video requiri\u00f3 m\u00e1s de 12 horas continuas de grabaci\u00f3n, recreando todas las eras anteriores de Kenia Os con los looks originales de&nbsp;Cambios de Luna,&nbsp;K23&nbsp;y&nbsp;Pink Aura.<\/p>\n\n\n\n<p class=\"c7\">&nbsp;El anuncio del \u00e1lbum tambi\u00e9n fue destacado en un revelado en redes sociales junto a la creadora de contenido&nbsp;Doris Jocelyn, amplificando a\u00fan m\u00e1s la emoci\u00f3n de la audiencia.<\/p>\n\n\n\n<p class=\"c7\">&nbsp;K de Karma&nbsp;estar\u00e1 disponible pr\u00f3ximamente. Los \u00e1lbumes de Kenia Os no solo representan un avance en su carrera musical, sino que tambi\u00e9n&nbsp;marcan tendencias, inspiran a su audiencia e influyen en la moda.<\/p>\n\n\n\n<p class=\"c7\">&nbsp;Durante el lanzamiento de&nbsp;Pink Aura, la artista present\u00f3 el \u00e1lbum en vivo a trav\u00e9s del docu-concierto&nbsp;KENIA OS: LA OG, que debut\u00f3 como&nbsp;n\u00famero uno en taquilla el d\u00eda del estreno, se coloc\u00f3&nbsp;segundo durante el primer fin de semana, y sigue siendo el&nbsp;docu-concierto mexicano m\u00e1s visto en la historia.<\/p>\n\n\n\n<p class=\"c7\">&nbsp;A medida que&nbsp;KENIA OS&nbsp;entra en esta nueva era, se esperan&nbsp;nuevos anuncios y contenidos&nbsp;que continuar\u00e1n sorprendiendo e involucrando a sus fans en todo el mundo.<\/p>\n","protected":false},"excerpt":{"rendered":"<p>Con el lanzamiento de \u201cBELLADONA\u201d, se activ\u00f3 el pre-save del \u00e1lbum&nbsp;K de Karma&nbsp;[toca aqu\u00ed para<\/p>\n","protected":false},"author":5,"featured_media":19546,"comment_status":"closed","ping_status":"","sticky":false,"template":"","format":"standard","meta":{"om_disable_all_campaigns":false,"_uf_show_specific_survey":0,"_uf_disable_surveys":false,"footnotes":""},"categories":[4],"tags":[],"class_list":["post-19547","post","type-post","status-publish","format-standard","has-post-thumbnail","hentry","category-musica"],"_links":{"self":[{"href":"https:\/\/entrenotasyacordes.com\/index.php?rest_route=\/wp\/v2\/posts\/19547","targetHints":{"allow":["GET"]}}],"collection":[{"href":"https:\/\/entrenotasyacordes.com\/index.php?rest_route=\/wp\/v2\/posts"}],"about":[{"href":"https:\/\/entrenotasyacordes.com\/index.php?rest_route=\/wp\/v2\/types\/post"}],"author":[{"embeddable":true,"href":"https:\/\/entrenotasyacordes.com\/index.php?rest_route=\/wp\/v2\/users\/5"}],"replies":[{"embeddable":true,"href":"https:\/\/entrenotasyacordes.com\/index.php?rest_route=%2Fwp%2Fv2%2Fcomments&post=19547"}],"version-history":[{"count":1,"href":"https:\/\/entrenotasyacordes.com\/index.php?rest_route=\/wp\/v2\/posts\/19547\/revisions"}],"predecessor-version":[{"id":19548,"href":"https:\/\/entrenotasyacordes.com\/index.php?rest_route=\/wp\/v2\/posts\/19547\/revisions\/19548"}],"wp:featuredmedia":[{"embeddable":true,"href":"https:\/\/entrenotasyacordes.com\/index.php?rest_route=\/wp\/v2\/media\/19546"}],"wp:attachment":[{"href":"https:\/\/entrenotasyacordes.com\/index.php?rest_route=%2Fwp%2Fv2%2Fmedia&parent=19547"}],"wp:term":[{"taxonomy":"category","embeddable":true,"href":"https:\/\/entrenotasyacordes.com\/index.php?rest_route=%2Fwp%2Fv2%2Fcategories&post=19547"},{"taxonomy":"post_tag","embeddable":true,"href":"https:\/\/entrenotasyacordes.com\/index.php?rest_route=%2Fwp%2Fv2%2Ftags&post=19547"}],"curies":[{"name":"wp","href":"https:\/\/api.w.org\/{rel}","templated":true}]}}