{"id":19550,"date":"2026-01-25T13:33:00","date_gmt":"2026-01-25T13:33:00","guid":{"rendered":"https:\/\/entrenotasyacordes.com\/?p=19550"},"modified":"2026-01-25T13:33:00","modified_gmt":"2026-01-25T13:33:00","slug":"harry-styles-regresa-con-una-residencia-en-siete-ciudades","status":"publish","type":"post","link":"https:\/\/entrenotasyacordes.com\/?p=19550","title":{"rendered":"HARRY STYLES&nbsp;REGRESA CON UNA RESIDENCIA EN SIETE CIUDADES"},"content":{"rendered":"\n<p class=\"c6\"><strong>RESIDENCIA GLOBAL \u2013 TOGETHER, TOGETHER<\/strong><\/p>\n\n\n\n<p>50 PERFORMANCES EN AMSTERDAM, LONDRES, SAN PABLO, CIUDAD DE MEXICO, NEW YORK, MELBOURNE, Y SYDNEY<\/p>\n\n\n\n<p>VISITE&nbsp;<a class=\"c3\" href=\"https:\/\/mkprensa.mailrelay-iv.es\/c\/ol9emd\/32hgvsqm\/tg9rbsiwak4\">HSTYLES.CO.UK\/TOUR<\/a>&nbsp;PARA M\u00c1S INFORMACI\u00d3N<\/p>\n\n\n<div class=\"wp-block-image\">\n<figure class=\"aligncenter size-large\"><img loading=\"lazy\" decoding=\"async\" width=\"819\" height=\"1024\" src=\"https:\/\/entrenotasyacordes.com\/wp-content\/uploads\/2026\/01\/img_6093-819x1024.jpg\" class=\"wp-image-19549\" srcset=\"https:\/\/entrenotasyacordes.com\/wp-content\/uploads\/2026\/01\/img_6093-819x1024.jpg 819w, https:\/\/entrenotasyacordes.com\/wp-content\/uploads\/2026\/01\/img_6093-240x300.jpg 240w, https:\/\/entrenotasyacordes.com\/wp-content\/uploads\/2026\/01\/img_6093-768x960.jpg 768w, https:\/\/entrenotasyacordes.com\/wp-content\/uploads\/2026\/01\/img_6093-1229x1536.jpg 1229w, https:\/\/entrenotasyacordes.com\/wp-content\/uploads\/2026\/01\/img_6093-1024x1280.jpg 1024w, https:\/\/entrenotasyacordes.com\/wp-content\/uploads\/2026\/01\/img_6093.jpg 1599w\" sizes=\"auto, (max-width: 819px) 100vw, 819px\" \/><\/figure>\n<\/div>\n\n\n<p class=\"has-text-align-center c6\"><strong>NUEVO \u00c1LBUM KISS ALL THE TIME. DISCO, OCCASIONALLY.&nbsp; DISPONIBLE EL 6 DE MARZO, 2026<\/strong><\/p>\n\n\n\n<p class=\"c5\">La superestrella internacional&nbsp;Harry Styles&nbsp;har\u00e1 su tan esperado regreso al escenario global con una residencia en siete ciudades. Promocionado por Live Nation,&nbsp;Together, Together&nbsp;incluir\u00e1 50 paradas en \u00c1msterdam, Londres,&nbsp;S\u00e3o Paulo, Ciudad de M\u00e9xico, Nueva York, Melbourne y S\u00eddney de mayo a diciembre.&nbsp;<\/p>\n\n\n\n<p class=\"c4\">&nbsp;Entre los momentos destacados de esta gira se encuentran 30 conciertos en el Madison Square Garden de Nueva York, sus \u00fanicos conciertos en Estados Unidos, y una temporada de seis noches en el estadio de Wembley. Styles solo actuar\u00e1 en estas siete ciudades en 2026.<\/p>\n\n\n\n<p class=\"c4\">&nbsp;Los invitados especiales incluyen a Robyn, Shania Twain, Fcukers, Jorja Smith, Jamie xx, Foushe\u00e9 y&nbsp;Skye Newman en fechas seleccionadas.<\/p>\n\n\n\n<p class=\"c4\">&nbsp;Antes de la gira, la superestrella mundial ganadora de un GRAMMY\u00ae est\u00e1 a punto de lanzar su cuarto \u00e1lbum&nbsp;KISS ALL THE TIME. DISCO, OCCASIONALLY.&nbsp;el 6 de marzo de 2026. El esperado single \u00abAperture\u00bb se estrenar\u00e1 mundialmente esta noche, 22 de enero, a las 21 hs. El \u00e1lbum de 12 temas, producido ejecutivamente por Kid Harpoon, est\u00e1 disponible para pre-venta&nbsp;en vinilo de edici\u00f3n limitada + CD, merchandising exclusivo, box set y m\u00e1s:&nbsp;<a class=\"c3\" href=\"https:\/\/mkprensa.mailrelay-iv.es\/c\/ol9emd\/32hgvsqm\/lytoaicq-cw\">https:\/\/www.hstyles.co.uk<\/a>. &nbsp;<\/p>\n\n\n\n<p class=\"c5\"><strong>SOCIOS BEN\u00c9FICOS DE HARRY STYLES:&nbsp;<\/strong><\/p>\n\n\n\n<ol start=\"1\" class=\"wp-block-list c25 lst-kix_list_4-0 start\">\n<li>\u00a0GLOBAL:\u00a0Together, Together apoyar\u00e1 a\u00a0<a class=\"c3\" href=\"https:\/\/mkprensa.mailrelay-iv.es\/c\/ol9emd\/32hgvsqm\/sbgbs5s3vao\">Choose Love<\/a>, con quien Harry ha estado asociado durante una d\u00e9cada. Choose Love es una organizaci\u00f3n humanitaria receptiva que ofrece ayuda cr\u00edtica a quienes m\u00e1s la necesitan trabajando directamente con las comunidades. El apoyo de Harry ha proporcionado servicios esenciales como comida, alojamiento y educaci\u00f3n para personas de todo el mundo. Este a\u00f1o, Choose Love y Together, Together continuar\u00e1 con ese trabajo.<\/li>\n\n\n\n<li>\u00a0LONDRES:\u00a0Harry Styles donar\u00e1 \u00a31 de cada entrada vendida en la gira a\u00a0<a class=\"c3\" href=\"https:\/\/mkprensa.mailrelay-iv.es\/c\/ol9emd\/32hgvsqm\/cf1hlmr5tu0\">LIVE Trust<\/a>,\u00a0protegiendo, expandiendo y apoyando la m\u00fasica de base en el Reino Unido. \u00a0<\/li>\n\n\n\n<li>\u00a0NUEVA YORK:\u00a0Styles continuar\u00e1 su colaboraci\u00f3n con\u00a0<a class=\"c3\" href=\"https:\/\/mkprensa.mailrelay-iv.es\/c\/ol9emd\/32hgvsqm\/nvlu-qwnlts\">HeadCount<\/a>\u00a0a lo largo de Together, Together. En Nueva York, los aficionados elegibles que asistan a cualquier fecha de residencia pueden registrarse para votar en el lugar en la activaci\u00f3n emergente de HeadCount.<\/li>\n<\/ol>\n\n\n\n<p class=\"c5\">Harry Styles se une a&nbsp;Green Nation&nbsp;de Live Nation para dialogar con locales y socios de gira en oportunidades que reduzcan el impacto ambiental de la gira.<\/p>\n\n\n\n<p class=\"c5\">&nbsp;<strong>ENTRADAS:&nbsp;<\/strong>Consulta el horario de venta por mercado y las preventas a continuaci\u00f3n. Por favor, visita&nbsp;<a class=\"c3\" href=\"https:\/\/mkprensa.mailrelay-iv.es\/c\/ol9emd\/32hgvsqm\/sur51qties8\">hstyles.co.uk\/tour<\/a>&nbsp;para m\u00e1s informaci\u00f3n.<\/p>\n\n\n\n<ol start=\"1\" class=\"wp-block-list c25 lst-kix_list_5-0 start\">\n<li>\u00a0\u00c1MSTERDAM:\u00a0La venta general comienza el viernes 30 de enero a las 11:00 CET.<\/li>\n\n\n\n<li>\u00a0LONDRES:\u00a0La venta general comienza el viernes 30 de enero a las 11:00 GMT.<\/li>\n\n\n\n<li>\u00a0NUEVA YORK:\u00a0La venta de General comienza el viernes 30 de enero desde el 26 de agosto hasta el 9 de octubre. General a la venta comienza el mi\u00e9rcoles 4 de febrero desde el 10 hasta el 31 de octubre.<\/li>\n\n\n\n<li>\u00a0S\u00c3O PAULO:\u00a0\u00a0General a la venta comienza el mi\u00e9rcoles 28 de enero a las 11:00 BRT.<\/li>\n\n\n\n<li>\u00a0CIUDAD DE M\u00c9XICO:\u00a0General a la venta comienza el jueves 29 de enero a las 11:00 CST.<\/li>\n\n\n\n<li>\u00a0MELBOURNE:\u00a0La venta general comienza el viernes 30 de enero a las 11:00 AEDT.<\/li>\n\n\n\n<li>\u00a0SYDNEY:\u00a0La venta general comienza el viernes 30 de enero a las 14:00 AEDT.<\/li>\n<\/ol>\n\n\n\n<p class=\"c4\">&nbsp;<strong>ASOCIACI\u00d3N CON AMERICAN EXPRESS Y VENTA ANTICIPADA DE ENTRADAS:&nbsp;<\/strong>American Express se asocia con Harry Styles para ofrecer acceso a entradas, beneficios y (en ciudades seleccionadas) experiencias para los miembros vinculados a&nbsp;KISS ALL THE TIME. DISCO,&nbsp;OCASSIONALLY. y su residencia global&nbsp;Together, Together. La colaboraci\u00f3n se basa en una colaboraci\u00f3n de larga duraci\u00f3n que ya ha brindado momentos inolvidables para los fans a lo largo de los a\u00f1os \u2014 desde la preventa de entradas de&nbsp;Love On Tour&nbsp;y&nbsp;los pop-ups&nbsp;de&nbsp;Harry&#8217;s House,&nbsp;hasta &nbsp;actuaciones&nbsp;One Night Only&nbsp;y pop-ups&nbsp;navide\u00f1os de Plaing.<\/p>\n\n\n\n<p class=\"c4\">&nbsp;Para iniciar la colaboraci\u00f3n, los miembros de la tarjeta American Express tendr\u00e1n acceso a entradas de preventa Amex para paradas seleccionadas de la gira, disponibles para su compra a partir del lunes 26 de enero, antes de que las entradas de residencia global salgan a la venta al p\u00fablico general. Entradas disponibles hasta agotar existencias. Descubre m\u00e1s sobre los horarios espec\u00edficos de preventa, las paradas elegibles del tour y los t\u00e9rminos de la preventa Amex&nbsp;<a class=\"c3\" href=\"https:\/\/mkprensa.mailrelay-iv.es\/c\/ol9emd\/32hgvsqm\/dawv7clugfm\">aqu\u00ed<\/a>. Las entradas de preventa de Amex son uno de los muchos beneficios de entretenimiento disponibles para los miembros elegibles de la tarjeta American Express en m\u00fasica, deportes, teatro y artes a trav\u00e9s de&nbsp;<a class=\"c3\" href=\"https:\/\/mkprensa.mailrelay-iv.es\/c\/ol9emd\/32hgvsqm\/vamxqjskbqi\">Amex Experiences<\/a>\u2122.<\/p>\n\n\n\n<p class=\"c5\"><strong>VENTA ANTICIPADA DEL ARTISTA:&nbsp;<\/strong><\/p>\n\n\n\n<ol start=\"1\" class=\"wp-block-list c25 lst-kix_list_6-0 start\">\n<li>\u00a0NUEVA YORK:\u00a0Para participar en la preventa de artistas Harry Styles, debes inscribirte en\u00a0<a class=\"c3\" href=\"https:\/\/mkprensa.mailrelay-iv.es\/c\/ol9emd\/32hgvsqm\/0cpj_2givy4\">https:\/\/signup.ticketmaster.com\/harrystyles<\/a>\u00a0antes del domingo 25 de enero a las 23:59 ET. No se necesitan c\u00f3digos: el acceso est\u00e1 vinculado a tu cuenta de Ticketmaster, y cualquiera que se registre puede unirse a la venta.\u00a0<\/li>\n\n\n\n<li>\u00a0\u00c1MSTERDAM, LONDRES, MELBOURNE, S\u00cdDNEY:\u00a0Para participar en la preventa de artistas de Harry Styles, reserva anticipada* su nuevo \u00e1lbum en las \u00a0tiendas\u00a0<a class=\"c3\" href=\"https:\/\/mkprensa.mailrelay-iv.es\/c\/ol9emd\/32hgvsqm\/4_fvujgos84\">oficiales del Reino Unido<\/a>,\u00a0<a class=\"c3\" href=\"https:\/\/mkprensa.mailrelay-iv.es\/c\/ol9emd\/32hgvsqm\/hs9ye3kfbf0\">UE<\/a>\u00a0o\u00a0<a class=\"c3\" href=\"https:\/\/mkprensa.mailrelay-iv.es\/c\/ol9emd\/32hgvsqm\/676xc3glglg\">Australia<\/a>\u00a0antes del s\u00e1bado 24 de enero a las 23:59 hora local para acceder. \u00a0<\/li>\n<\/ol>\n\n\n\n<p class=\"c4\">&nbsp;<strong>VIP:&nbsp;<\/strong>La gira tambi\u00e9n ofrecer\u00e1 una variedad de paquetes VIP y experiencias para que los fans lleven su experiencia de concierto al siguiente nivel. Los paquetes var\u00edan seg\u00fan la ciudad. Para m\u00e1s informaci\u00f3n, visita&nbsp;<a class=\"c3\" href=\"https:\/\/mkprensa.mailrelay-iv.es\/c\/ol9emd\/32hgvsqm\/stz82nzizha\">vipnation.com<\/a>. &nbsp;<\/p>\n\n\n\n<p class=\"c4\">&nbsp;<\/p>\n\n\n\n<p><\/p>\n\n\n\n<p class=\"has-text-align-center c5\"><strong>HARRY STYLES: TOGETHER, TOGETHER 2026&nbsp;FECHAS DE LA GIRA:&nbsp;<\/strong><\/p>\n\n\n\n<p class=\"c5\">S\u00e1b 16 de mayo \u2013 \u00c1msterdam, NL \u2013 Johan Cruijff ArenA ^<\/p>\n\n\n\n<p class=\"c5\">Dom 17 de mayo \u2013 \u00c1msterdam, NL \u2013 Johan Cruijff ArenA ^<\/p>\n\n\n\n<p class=\"c5\">Mi\u00e9 20 de mayo \u2013 \u00c1msterdam, NL \u2013 Johan Cruijff ArenA ^<\/p>\n\n\n\n<p class=\"c5\">Vie 22 de mayo \u2013 \u00c1msterdam, NL \u2013 Johan Cruijff ArenA ^<\/p>\n\n\n\n<p class=\"c5\">S\u00e1b 23 de mayo \u2013 \u00c1msterdam, NL \u2013 Johan Cruijff ArenA ^<\/p>\n\n\n\n<p class=\"c5\">Mar 26 de mayo \u2013 \u00c1msterdam, NL \u2013 Johan Cruijff ArenA ^<\/p>\n\n\n\n<p class=\"c5\">Vie 12 de junio \u2013 Londres, Reino Unido \u2013 Estadio de Wembley Conectado por EE *<\/p>\n\n\n\n<p class=\"c5\">S\u00e1b 13 de junio \u2013 Londres, Reino Unido \u2013 Estadio de Wembley Conectado por EE *<\/p>\n\n\n\n<p class=\"c5\">Mi\u00e9 17 de junio \u2013 Londres, Reino Unido \u2013 Estadio de Wembley Conectado por EE *<\/p>\n\n\n\n<p class=\"c5\">Vie 19 de junio \u2013 Londres, Reino Unido \u2013 Estadio de Wembley conectado por EE *<\/p>\n\n\n\n<p class=\"c5\">S\u00e1b 20 de junio \u2013 Londres, Reino Unido \u2013 Estadio de Wembley Conectado por EE *<\/p>\n\n\n\n<p class=\"c5\">Mar 23 de junio \u2013 Londres, Reino Unido \u2013 Estadio de Wembley Conectado por EE *<\/p>\n\n\n\n<p class=\"c5\">Vie 17 Jul \u2013 S\u00e3o Paulo, BR \u2013 Estadio MorumBIS ~<\/p>\n\n\n\n<p class=\"c5\">S\u00e1b 18 de julio \u2013 S\u00e3o Paulo, BR \u2013 Estadio MorumBIS ~<\/p>\n\n\n\n<p class=\"c5\">Vie 31 de julio \u2013 Ciudad de M\u00e9xico, MX \u2013 Estadio GNP Seguros #<\/p>\n\n\n\n<p class=\"c5\">S\u00e1b 01 de agosto \u2013 Ciudad de M\u00e9xico, MX \u2013 Estadio GNP Seguros #<\/p>\n\n\n\n<p class=\"c5\">Mi\u00e9 26 de agosto \u2013 Nueva York, NY \u2013 Madison Square Garden +<\/p>\n\n\n\n<p class=\"c5\">Vie 28 de agosto \u2013 Nueva York, NY \u2013 Madison Square Garden +<\/p>\n\n\n\n<p class=\"c5\">S\u00e1b 29 de agosto \u2013 Nueva York, NY \u2013 Madison Square Garden +<\/p>\n\n\n\n<p class=\"c5\">Mi\u00e9 02 de septiembre \u2013 Nueva York, NY \u2013 Madison Square Garden +<\/p>\n\n\n\n<p class=\"c5\">Vie 04 sep \u2013 Nueva York, NY \u2013 Madison Square Garden +<\/p>\n\n\n\n<p class=\"c5\">S\u00e1b 05 sep \u2013 Nueva York, NY \u2013 Madison Square Garden +<\/p>\n\n\n\n<p class=\"c5\">Mi\u00e9 09 de septiembre \u2013 Nueva York, NY \u2013 Madison Square Garden +<\/p>\n\n\n\n<p class=\"c5\">Vie 11 de septiembre \u2013 Nueva York, NY \u2013 Madison Square Garden +<\/p>\n\n\n\n<p class=\"c5\">S\u00e1b 12 de septiembre \u2013 Nueva York, NY \u2013 Madison Square Garden +<\/p>\n\n\n\n<p class=\"c5\">Mi\u00e9 16 de septiembre \u2013 Nueva York, NY \u2013 Madison Square Garden +<\/p>\n\n\n\n<p class=\"c5\">Vie 18 de septiembre \u2013 Nueva York, NY \u2013 Madison Square Garden +<\/p>\n\n\n\n<p class=\"c5\">S\u00e1b 19 de septiembre \u2013 Nueva York, NY \u2013 Madison Square Garden +<\/p>\n\n\n\n<p class=\"c5\">Mi\u00e9 23 de septiembre \u2013 Nueva York, NY \u2013 Madison Square Garden +<\/p>\n\n\n\n<p class=\"c5\">Vie 25 de septiembre \u2013 Nueva York, NY \u2013 Madison Square Garden +<\/p>\n\n\n\n<p class=\"c5\">S\u00e1b 26 de septiembre \u2013 Nueva York, NY \u2013 Madison Square Garden +<\/p>\n\n\n\n<p class=\"c5\">Mi\u00e9 30 de septiembre \u2013 Nueva York, NY \u2013 Madison Square Garden +<\/p>\n\n\n\n<p class=\"c5\">Vie 02 de octubre \u2013 Nueva York, NY \u2013 Madison Square Garden +<\/p>\n\n\n\n<p class=\"c5\">S\u00e1b 03 de octubre \u2013 Nueva York, NY \u2013 Madison Square Garden +<\/p>\n\n\n\n<p class=\"c5\">Mi\u00e9 07 de octubre \u2013 Nueva York, NY \u2013 Madison Square Garden +<\/p>\n\n\n\n<p class=\"c5\">Vie 09 de octubre \u2013 Nueva York, NY \u2013 Madison Square Garden +<\/p>\n\n\n\n<p class=\"c5\">S\u00e1b 10 de octubre \u2013 Nueva York, NY \u2013 Madison Square Garden +<\/p>\n\n\n\n<p class=\"c5\">Mi\u00e9 14 de octubre \u2013 Nueva York, NY \u2013 Madison Square Garden +<\/p>\n\n\n\n<p class=\"c5\">Vie 16 de octubre \u2013 Nueva York, NY \u2013 Madison Square Garden +<\/p>\n\n\n\n<p class=\"c5\">S\u00e1b 17 de octubre \u2013 Nueva York, NY \u2013 Madison Square Garden +<\/p>\n\n\n\n<p class=\"c5\">Mi\u00e9 21 de octubre \u2013 Nueva York, NY \u2013 Madison Square Garden +<\/p>\n\n\n\n<p class=\"c5\">Vie 23 de octubre \u2013 Nueva York, NY \u2013 Madison Square Garden +<\/p>\n\n\n\n<p class=\"c5\">S\u00e1b 24 de octubre \u2013 Nueva York, NY \u2013 Madison Square Garden +<\/p>\n\n\n\n<p class=\"c5\">Mi\u00e9 28 de octubre \u2013 Nueva York, NY \u2013 Madison Square Garden +<\/p>\n\n\n\n<p class=\"c5\">Vie 30 de octubre \u2013 Nueva York, NY \u2013 Madison Square Garden +<\/p>\n\n\n\n<p class=\"c5\">S\u00e1b 31 de octubre \u2013 Nueva York, NY \u2013 Madison Square Garden +<\/p>\n\n\n\n<p class=\"c5\">Vie 27 de noviembre \u2013 Melbourne, AU \u2013 Marvel Stadium ^^ @<\/p>\n\n\n\n<p class=\"c5\">S\u00e1b 28 de noviembre \u2013 Melbourne, AU \u2013 Marvel Stadium ^^ @<\/p>\n\n\n\n<p class=\"c5\">S\u00e1bado 12 de diciembre \u2013 S\u00eddney, AU \u2013 \u00a1Accor! @<\/p>\n\n\n\n<p class=\"c5\">Dom 13 de diciembre \u2013 S\u00eddney, Australia \u2013 \u00a1Accor! @<\/p>\n\n\n\n<p class=\"c4\">&nbsp;<\/p>\n\n\n\n<p class=\"c5\">Invitados:<\/p>\n\n\n\n<p class=\"c5\">^ Robyn<\/p>\n\n\n\n<p class=\"c5\">* Shania Twain<\/p>\n\n\n\n<p class=\"c5\">~ Fcukers<\/p>\n\n\n\n<p class=\"c5\"># Jorja Smith<\/p>\n\n\n\n<p class=\"c5\">+ Jamie xx<\/p>\n\n\n\n<p class=\"c5\">^^ Foushe\u00e9<\/p>\n\n\n\n<p class=\"c5\">!&nbsp;Skye Newman<\/p>\n\n\n\n<p class=\"c5\">@ Baby J<\/p>\n","protected":false},"excerpt":{"rendered":"<p>RESIDENCIA GLOBAL \u2013 TOGETHER, TOGETHER 50 PERFORMANCES EN AMSTERDAM, LONDRES, SAN PABLO, CIUDAD DE MEXICO,<\/p>\n","protected":false},"author":5,"featured_media":19549,"comment_status":"closed","ping_status":"","sticky":false,"template":"","format":"standard","meta":{"om_disable_all_campaigns":false,"_uf_show_specific_survey":0,"_uf_disable_surveys":false,"footnotes":""},"categories":[36],"tags":[],"class_list":["post-19550","post","type-post","status-publish","format-standard","has-post-thumbnail","hentry","category-conciertos"],"_links":{"self":[{"href":"https:\/\/entrenotasyacordes.com\/index.php?rest_route=\/wp\/v2\/posts\/19550","targetHints":{"allow":["GET"]}}],"collection":[{"href":"https:\/\/entrenotasyacordes.com\/index.php?rest_route=\/wp\/v2\/posts"}],"about":[{"href":"https:\/\/entrenotasyacordes.com\/index.php?rest_route=\/wp\/v2\/types\/post"}],"author":[{"embeddable":true,"href":"https:\/\/entrenotasyacordes.com\/index.php?rest_route=\/wp\/v2\/users\/5"}],"replies":[{"embeddable":true,"href":"https:\/\/entrenotasyacordes.com\/index.php?rest_route=%2Fwp%2Fv2%2Fcomments&post=19550"}],"version-history":[{"count":1,"href":"https:\/\/entrenotasyacordes.com\/index.php?rest_route=\/wp\/v2\/posts\/19550\/revisions"}],"predecessor-version":[{"id":19551,"href":"https:\/\/entrenotasyacordes.com\/index.php?rest_route=\/wp\/v2\/posts\/19550\/revisions\/19551"}],"wp:featuredmedia":[{"embeddable":true,"href":"https:\/\/entrenotasyacordes.com\/index.php?rest_route=\/wp\/v2\/media\/19549"}],"wp:attachment":[{"href":"https:\/\/entrenotasyacordes.com\/index.php?rest_route=%2Fwp%2Fv2%2Fmedia&parent=19550"}],"wp:term":[{"taxonomy":"category","embeddable":true,"href":"https:\/\/entrenotasyacordes.com\/index.php?rest_route=%2Fwp%2Fv2%2Fcategories&post=19550"},{"taxonomy":"post_tag","embeddable":true,"href":"https:\/\/entrenotasyacordes.com\/index.php?rest_route=%2Fwp%2Fv2%2Ftags&post=19550"}],"curies":[{"name":"wp","href":"https:\/\/api.w.org\/{rel}","templated":true}]}}